{"id":9995,"date":"2021-03-29T13:47:34","date_gmt":"2021-03-29T16:47:34","guid":{"rendered":"https:\/\/blog1.omens.com.br\/?p=9995"},"modified":"2024-08-16T02:07:13","modified_gmt":"2024-08-16T05:07:13","slug":"tenho-40-anos-estou-com-disfuncao-eretil-por-que","status":"publish","type":"post","link":"https:\/\/omens.com.br\/blog\/erecao\/tenho-40-anos-estou-com-disfuncao-eretil-por-que\/","title":{"rendered":"Omenscast #4: &#8220;Doutor, tenho 40 anos e estou com disfun\u00e7\u00e3o er\u00e9til&#8221;"},"content":{"rendered":"\n<div class=\"wp-block-ugb-spacer ugb-spacer ugb-187bcc8 ugb-spacer--v2 ugb-main-block\"><style>@media screen and (min-width:768px){.ugb-187bcc8.ugb-spacer{height:60px}}<\/style><div class=\"ugb-inner-block\"><div class=\"ugb-block-content\"><div class=\"ugb-spacer--inner\"><\/div><\/div><\/div><\/div>\n\n\n\n<p class=\"has-text-align-left\">No quarto epis\u00f3dio do Omenscast, o m\u00e9dico e urologista Jo\u00e3o Brunhara, especialista em sexualidade masculina, analisar\u00e1 os problemas de ere\u00e7\u00e3o em homens mais jovens, na faixa et\u00e1ria dos 40 anos.<\/p>\n\n\n\n<p>Seja bem-vindo ao blog da <a href=\"https:\/\/omens.com.br\" target=\"_blank\" rel=\"noreferrer noopener\">Omens<\/a> e fique \u00e0 vontade para ouvir o nosso podcast! A transcri\u00e7\u00e3o do \u00e1udio tamb\u00e9m est\u00e1 logo abaixo.<\/p>\n\n\n<p><iframe src=\"https:\/\/player.simplecast.com\/f2478d00-6ae1-48d7-ada5-c9ab368aef8d?dark=false\" width=\"100%\" height=\"350px\" frameborder=\"no\" scrolling=\"no\" seamless=\"\" class=\"podcast-amp-nonamp\"><\/iframe><\/p>\n\n\n<div class=\"wp-block-ugb-spacer ugb-spacer ugb-659215a ugb-spacer--v2 ugb-main-block\"><style>@media screen and (min-width:768px){.ugb-659215a.ugb-spacer{height:50px}}<\/style><div class=\"ugb-inner-block\"><div class=\"ugb-block-content\"><div class=\"ugb-spacer--inner\"><\/div><\/div><\/div><\/div>\n\n\n\n<p><em>Tenho 40 anos e estou com disfun\u00e7\u00e3o er\u00e9til: por que ser\u00e1?<\/em> Acredite: essa pergunta \u00e9 muito comum no consult\u00f3rio de um urologista.<\/p>\n\n\n\n<p>Quem tem 40 anos ou menos e come\u00e7a a ter problemas de ere\u00e7\u00e3o pode achar que \u00e9 o \u00fanico no seu grupo de amigos que tem isso. Da mesma forma, se o seu parceiro \u00e9 jovem e come\u00e7a a ter disfun\u00e7\u00e3o er\u00e9til, voc\u00ea pode suspeitar que tem alguma coisa muito estranha acontecendo com ele ou com voc\u00ea. Mas a verdade \u00e9 que <strong>esse problema \u00e9 muito mais comum do que todo mundo imagina<\/strong>.<\/p>\n\n\n\n<h4 class=\"has-normal-font-size wp-block-heading\">Ol\u00e1, eu sou Jo\u00e3o Brunhara, m\u00e9dico urologista, e esse \u00e9 o podcast da Omens sobre sa\u00fade sexual masculina.<\/h4>\n\n\n\n<p>Muitas pessoas est\u00e3o acostumadas a pensar que disfun\u00e7\u00e3o er\u00e9til \u00e9 &#8220;uma coisa que s\u00f3 acontece com os mais velhos&#8221;. As temidas brochadas, quando vem antes dos 40 anos, costumam assustar e causar muita inseguran\u00e7a, e \u00e0s vezes at\u00e9 vergonha. Mas ser\u00e1 que \u00e9 t\u00e3o incomum assim?<\/p>\n\n\n\n<p>Pelo visto n\u00e3o\u2026<\/p>\n\n\n\n<p>Uma pesquisa feita pela Omens em parceria com o Datafolha mostrou que, dos homens com menos de 35 anos, <strong>4 em cada 10<\/strong> tinham <em><a href=\"https:\/\/omens.com.br\/blog\/erecao\/funcao-eretil\/\" target=\"_blank\" rel=\"noreferrer noopener\">algum grau de disfun\u00e7\u00e3o er\u00e9til<\/a><\/em>, apesar de na maioria das vezes serem casos leves.<\/p>\n\n\n\n<p>Essa taxa vem crescendo entre os jovens no mundo inteiro, e \u00e9 cada vez mais comum encontrar caras que enfrentam alguma dificuldade desse tipo.<\/p>\n\n\n\n<p>E a pergunta cl\u00e1ssica deles \u00e9:<\/p>\n\n\n\n<h2 class=\"has-normal-font-size wp-block-heading\"><em>Por que estou com disfun\u00e7\u00e3o er\u00e9til?<\/em>&nbsp;<\/h2>\n\n\n\n<p>Primeiro, temos que entender que ter uma falha na ere\u00e7\u00e3o pode acontecer <strong>de vez em quando com absolutamente qualquer homem<\/strong>, independente da idade, da sa\u00fade sexual e da libido. Afinal de contas, o corpo humano n\u00e3o \u00e9 uma m\u00e1quina, e podemos ser influenciados por cansa\u00e7o, excesso de \u00e1lcool, estresse, preocupa\u00e7\u00f5es, ansiedade, medo, baixa autoestima e centenas de fatores&#8230;<\/p>\n\n\n\n<p>Aceitar que a ere\u00e7\u00e3o n\u00e3o precisa ser perfeita em 100% das vezes \u00e9 o come\u00e7o de entender e enfrentar o problema.<\/p>\n\n\n\n<p>Mas ent\u00e3o:<\/p>\n\n\n\n<h2 class=\"has-normal-font-size wp-block-heading\"><em>O que causa disfun\u00e7\u00e3o er\u00e9til em jovens?<\/em><\/h2>\n\n\n\n<p>A resposta, em mais de 90% dos casos \u00e9 a mesma: <a href=\"https:\/\/omens.com.br\/blog\/erecao\/disfuncao-eretil-causas\/\" target=\"_blank\" rel=\"noreferrer noopener\">causas psicol\u00f3gicas<\/a>.<\/p>\n\n\n\n<p>Mas algu\u00e9m pode pensar: n\u00e3o, eu n\u00e3o tenho depress\u00e3o, ansiedade, nem nada disso e mesmo assim estou tendo disfun\u00e7\u00e3o er\u00e9til.<\/p>\n\n\n\n<p>Por um lado, \u00e9 verdade que problemas de sa\u00fade mental mais graves, como transtornos de ansiedade, depress\u00e3o maior, ou at\u00e9 um hist\u00f3rico de abuso sexual podem ser causas muito s\u00e9rias de problemas de ere\u00e7\u00e3o. Por outro lado, perturba\u00e7\u00f5es emocionais muito mais corriqueiras tamb\u00e9m podem levar a <a href=\"https:\/\/omens.com.br\/blog\/erecao\/o-que-e-disfuncao-eretil\/\" target=\"_blank\" rel=\"noreferrer noopener\">disfun\u00e7\u00e3o er\u00e9til<\/a>.<\/p>\n\n\n\n<h3 class=\"has-normal-font-size wp-block-heading\">Exemplos<\/h3>\n\n\n\n<p>Um homem jovem e n\u00e3o t\u00e3o experiente no sexo que come\u00e7ou a sair com uma pessoa nova, que gerou muita expectativa e ansiedade, que ele quer muito impressionar\u2026 \u00c9 frequente acontecer uma brochada nesses casos, e chamamos isso de <em>ansiedade de performance<\/em>.<\/p>\n\n\n\n<p>Uma outra situa\u00e7\u00e3o comum \u00e9 quando um t\u00e9rmino de relacionamento acontece de forma traum\u00e1tica, e abala at\u00e9 a autoestima do homem. Muitas vezes, quando ele volta a se relacionar com algu\u00e9m, sem ter confian\u00e7a em si mesmo, vem uma ansiedade grande e &#8220;<a href=\"https:\/\/omens.com.br\/blog\/erecao\/brocha\/\" target=\"_blank\" rel=\"noreferrer noopener\">brochar<\/a>&#8221; (disfun\u00e7\u00e3o er\u00e9til) pode vir junto.<\/p>\n\n\n\n<p>E pior, independente de qual seja a causa, depois que a brochada acontece algumas vezes, o c\u00e9rebro fica achando <em>que aquilo vai se repetir para sempre<\/em>\u2026 Isso aumenta o medo, a ansiedade, e acaba gerando um ciclo vicioso que s\u00f3 amplifica o problema.<\/p>\n\n\n\n<p>E n\u00e3o s\u00e3o s\u00f3 as quest\u00f5es afetivas que podem causar uma disfun\u00e7\u00e3o er\u00e9til psicol\u00f3gica. \u00c0s vezes um per\u00edodo de estress grande no trabalho, um drama familiar, problemas financeiros, inseguran\u00e7as e preocupa\u00e7\u00f5es em geral, que sejam significativas na vida da pessoa, podem levar a esses problemas de ere\u00e7\u00e3o. Afinal, pra conseguir ter uma vida sexual saud\u00e1vel, voc\u00ea tem antes de tudo que <strong>estar bem com voc\u00ea mesmo<\/strong>.<\/p>\n\n\n\n<p>Conforme os anos v\u00e3o passando, os problemas do pr\u00f3prio corpo, que n\u00f3s chamamos de <em>org\u00e2nicos<\/em>, v\u00e3o come\u00e7ando a predominar. Principalmente depois dos 50, \u00e9 comum que doen\u00e7as card\u00edacas, press\u00e3o alta ou <a href=\"https:\/\/omens.com.br\/blog\/erecao\/diabetes-causa-impotencia\/\" target=\"_blank\" rel=\"noreferrer noopener\">diabetes<\/a> causem disfun\u00e7\u00e3o er\u00e9til. Por\u00e9m, mesmo mais pr\u00f3ximo dos 40, pessoas com obesidade, diabetes descontrolada, sedent\u00e1rios ou fumantes (s\u00f3 para citar alguns exemplos) podem come\u00e7ar a sentir esses efeitos. Nessas situa\u00e7\u00f5es, as causas org\u00e2nicas entram como um fator a mais, mas geralmente n\u00e3o o \u00fanico.<\/p>\n\n\n\n<h2 class=\"has-normal-font-size wp-block-heading\">Ent\u00e3o, o que fazer se isso estiver acontecendo comigo?<\/h2>\n\n\n\n<p>A primeira coisa \u00e9 n\u00e3o ter medo de pedir ajuda. Naquela pesquisa que eu comentei do Datafolha, mais de 60% dos homens com disfun\u00e7\u00e3o er\u00e9til n\u00e3o buscam nenhum tipo de <a href=\"https:\/\/omens.com.br\/blog\/sexualidade\/urologista-o-que-e\/\" target=\"_blank\" rel=\"noreferrer noopener\">aux\u00edlio m\u00e9dico<\/a>, psicol\u00f3gico ou de outros especialistas. E ficar sofrendo sozinho sem ter ningu\u00e9m para compartilhar s\u00f3 piora o problema.&nbsp;<\/p>\n\n\n\n<p>Naturalmente, para conseguir sair dessa situa\u00e7\u00e3o, o homem tem que recuperar sua confian\u00e7a, e encarar a causa de base que iniciou o problema. E, quando eu falo <em>pedir ajuda<\/em>, n\u00e3o \u00e9 s\u00f3 procurar um m\u00e9dico ou <a href=\"https:\/\/omens.com.br\/psicologia-sexual-parceria\/\" target=\"_blank\" rel=\"noreferrer noopener\">psic\u00f3logo<\/a>. \u00c9 saber dialogar, se <strong>permitir<\/strong> pedir ajuda nas coisas do dia a dia para familiares, amigos pr\u00f3ximos, para sua companheira ou companheiro. Afinal de contas, a disfun\u00e7\u00e3o er\u00e9til n\u00e3o veio sozinha, mas sim como manifesta\u00e7\u00e3o de alguma outra ang\u00fastia ou problema. E claro que poder contar com acompanhamento psicol\u00f3gico nesses casos \u00e9 muito importante.&nbsp;<\/p>\n\n\n\n<p>Mas al\u00e9m disso, tem a quest\u00e3o do ciclo vicioso que comentei antes. Sendo assim, \u00e9 necess\u00e1rio quebrar esse ciclo e substituir essas ideias negativas por experi\u00eancias positivas, que reforcem a confian\u00e7a. E a\u00ed o ciclo se torna virtuoso, e n\u00e3o vicioso.<\/p>\n\n\n\n<p>Para isso, dependendo do caso, o urologista pode prescrever uma medica\u00e7\u00e3o para ajudar na ere\u00e7\u00e3o, mas temporariamente e com uma estrat\u00e9gia bem definida, porque <strong>a inten\u00e7\u00e3o n\u00e3o \u00e9 que ningu\u00e9m fique dependente <a href=\"https:\/\/omens.com.br\/blog\/tratamentos\/tratamentos-para-disfuncao-eretil\/\">desses rem\u00e9dios<\/a><\/strong>, e muito menos t\u00e3o jovem.&nbsp;<\/p>\n\n\n\n<p>Resumindo, a disfun\u00e7\u00e3o er\u00e9til antes dos 40 \u00e9 mais comum do que as pessoas imaginam, e a boa not\u00edcia \u00e9 que tem solu\u00e7\u00e3o. Se voc\u00ea tem esse problema, n\u00e3o deixe de pedir ajuda e <a href=\"https:\/\/omens.com.br\/\" target=\"_blank\" rel=\"noreferrer noopener\">se consulte com um urologista especializado<\/a><\/p>\n\n\n\n<p>Se voc\u00ea ainda tiver coment\u00e1rios ou d\u00favidas, continue essa conversa na nossa p\u00e1gina no <a href=\"https:\/\/www.youtube.com\/channel\/UCezMA48gBP6RrbXtwovouqA\" target=\"_blank\" rel=\"noreferrer noopener\">Youtube<\/a> ou no <a href=\"https:\/\/omens.com.br\/blog\/\">nosso blog<\/a>!<\/p>\n\n\n\n<p>At\u00e9 a pr\u00f3xima!<\/p>\n\n\n<div class=\"wp-block-group\">\n<div class=\"amp-cta\">\n<p><span class=\"novo-cta-title\">Disfun\u00e7\u00e3o er\u00e9til tem tratamento: consulte um urologista HOJE<\/span><\/p>\n<p><a href=\"https:\/\/omens.com.br\/disfuncao-eretil?utm_term=disfuncao+eretil&#038;utm_content=blogSEO\" onclick=\"dataLayer.push({'event': 'marcar_consulta'});\" target=\"_self\" class=\"amp-cta-button falar-com-especialista\" data-wpel-link=\"internal\" rel=\"noopener\"> <span>Marcar Teleconsulta Agora<\/span><\/a><\/p>\n<p class=\"novo-cta-subtitle\">Garanta ONLINE sua receita e receba seu rem\u00e9dio ou manipulado<\/p>\n<\/div>\n<\/div>\n","protected":false},"excerpt":{"rendered":"<p>No quarto epis\u00f3dio do Omenscast, o m\u00e9dico e urologista Jo\u00e3o Brunhara, especialista em sexualidade masculina, analisar\u00e1 os problemas de ere\u00e7\u00e3o em homens mais jovens, na faixa et\u00e1ria dos 40 anos. Seja bem-vindo ao blog da Omens e fique \u00e0 vontade para ouvir o nosso podcast! A transcri\u00e7\u00e3o do \u00e1udio tamb\u00e9m est\u00e1 logo abaixo. Tenho 40 [&hellip;]<\/p>\n","protected":false},"author":12,"featured_media":9997,"comment_status":"open","ping_status":"open","sticky":false,"template":"","format":"standard","meta":{"footnotes":""},"categories":[69],"tags":[106],"class_list":["post-9995","post","type-post","status-publish","format-standard","has-post-thumbnail","hentry","category-erecao","tag-podcast"],"yoast_head":"<!-- This site is optimized with the Yoast SEO plugin v27.5 - https:\/\/yoast.com\/product\/yoast-seo-wordpress\/ -->\n<title>Tenho 40 anos e estou com disfun\u00e7\u00e3o er\u00e9til: por que ser\u00e1? | Omenscast #4<\/title>\n<meta name=\"description\" content=\"Hoje o m\u00e9dico e urologista Jo\u00e3o Brunhara analisar\u00e1 um problema muito comum que \u00e9 a disfun\u00e7\u00e3o er\u00e9til em homens mais jovens, com 40 anos.\" \/>\n<meta name=\"robots\" content=\"index, follow, max-snippet:-1, max-image-preview:large, max-video-preview:-1\" \/>\n<link rel=\"canonical\" href=\"https:\/\/omens.com.br\/blog\/erecao\/tenho-40-anos-estou-com-disfuncao-eretil-por-que\/\" \/>\n<meta property=\"og:locale\" content=\"pt_BR\" \/>\n<meta property=\"og:type\" content=\"article\" \/>\n<meta property=\"og:title\" content=\"Tenho 40 anos e estou com disfun\u00e7\u00e3o er\u00e9til: por que ser\u00e1? | Omenscast #4\" \/>\n<meta property=\"og:description\" content=\"Hoje o m\u00e9dico e urologista Jo\u00e3o Brunhara analisar\u00e1 um problema muito comum que \u00e9 a disfun\u00e7\u00e3o er\u00e9til em homens mais jovens, com 40 anos.\" \/>\n<meta property=\"og:url\" content=\"https:\/\/omens.com.br\/blog\/erecao\/tenho-40-anos-estou-com-disfuncao-eretil-por-que\/\" \/>\n<meta property=\"og:site_name\" content=\"Blog Omens\" \/>\n<meta property=\"article:publisher\" content=\"https:\/\/www.facebook.com\/Omensbrasil\/\" \/>\n<meta property=\"article:published_time\" content=\"2021-03-29T16:47:34+00:00\" \/>\n<meta property=\"article:modified_time\" content=\"2024-08-16T05:07:13+00:00\" \/>\n<meta property=\"og:image\" content=\"https:\/\/blog1.omens.com.br\/wp-content\/uploads\/2021\/03\/omenscast-4-tenho-40-anos-estou-com-disfuncao-eretil-por-que-sera.jpg\" \/>\n\t<meta property=\"og:image:width\" content=\"800\" \/>\n\t<meta property=\"og:image:height\" content=\"450\" \/>\n\t<meta property=\"og:image:type\" content=\"image\/jpeg\" \/>\n<meta name=\"author\" content=\"Dr. Jo\u00e3o Brunhara\" \/>\n<meta name=\"twitter:card\" content=\"summary_large_image\" \/>\n<meta name=\"twitter:creator\" content=\"@omensbr\" \/>\n<meta name=\"twitter:site\" content=\"@omensbr\" \/>\n<meta name=\"twitter:label1\" content=\"Escrito por\" \/>\n\t<meta name=\"twitter:data1\" content=\"Dr. Jo\u00e3o Brunhara\" \/>\n\t<meta name=\"twitter:label2\" content=\"Est. tempo de leitura\" \/>\n\t<meta name=\"twitter:data2\" content=\"6 minutos\" \/>\n<!-- \/ Yoast SEO plugin. -->","yoast_head_json":{"title":"Tenho 40 anos e estou com disfun\u00e7\u00e3o er\u00e9til: por que ser\u00e1? | Omenscast #4","description":"Hoje o m\u00e9dico e urologista Jo\u00e3o Brunhara analisar\u00e1 um problema muito comum que \u00e9 a disfun\u00e7\u00e3o er\u00e9til em homens mais jovens, com 40 anos.","robots":{"index":"index","follow":"follow","max-snippet":"max-snippet:-1","max-image-preview":"max-image-preview:large","max-video-preview":"max-video-preview:-1"},"canonical":"https:\/\/omens.com.br\/blog\/erecao\/tenho-40-anos-estou-com-disfuncao-eretil-por-que\/","og_locale":"pt_BR","og_type":"article","og_title":"Tenho 40 anos e estou com disfun\u00e7\u00e3o er\u00e9til: por que ser\u00e1? | Omenscast #4","og_description":"Hoje o m\u00e9dico e urologista Jo\u00e3o Brunhara analisar\u00e1 um problema muito comum que \u00e9 a disfun\u00e7\u00e3o er\u00e9til em homens mais jovens, com 40 anos.","og_url":"https:\/\/omens.com.br\/blog\/erecao\/tenho-40-anos-estou-com-disfuncao-eretil-por-que\/","og_site_name":"Blog Omens","article_publisher":"https:\/\/www.facebook.com\/Omensbrasil\/","article_published_time":"2021-03-29T16:47:34+00:00","article_modified_time":"2024-08-16T05:07:13+00:00","og_image":[{"width":800,"height":450,"url":"https:\/\/blog1.omens.com.br\/wp-content\/uploads\/2021\/03\/omenscast-4-tenho-40-anos-estou-com-disfuncao-eretil-por-que-sera.jpg","type":"image\/jpeg"}],"author":"Dr. Jo\u00e3o Brunhara","twitter_card":"summary_large_image","twitter_creator":"@omensbr","twitter_site":"@omensbr","twitter_misc":{"Escrito por":"Dr. Jo\u00e3o Brunhara","Est. tempo de leitura":"6 minutos"},"schema":{"@context":"https:\/\/schema.org","@graph":[{"@type":"Article","@id":"https:\/\/omens.com.br\/blog\/erecao\/tenho-40-anos-estou-com-disfuncao-eretil-por-que\/#article","isPartOf":{"@id":"https:\/\/omens.com.br\/blog\/erecao\/tenho-40-anos-estou-com-disfuncao-eretil-por-que\/"},"author":{"name":"Dr. Jo\u00e3o Brunhara","@id":"https:\/\/omens.com.br\/blog\/#\/schema\/person\/3baba185040e766669cf68d6f3090203"},"headline":"Omenscast #4: &#8220;Doutor, tenho 40 anos e estou com disfun\u00e7\u00e3o er\u00e9til&#8221;","datePublished":"2021-03-29T16:47:34+00:00","dateModified":"2024-08-16T05:07:13+00:00","mainEntityOfPage":{"@id":"https:\/\/omens.com.br\/blog\/erecao\/tenho-40-anos-estou-com-disfuncao-eretil-por-que\/"},"wordCount":1143,"commentCount":2,"publisher":{"@id":"https:\/\/omens.com.br\/blog\/#organization"},"image":{"@id":"https:\/\/omens.com.br\/blog\/erecao\/tenho-40-anos-estou-com-disfuncao-eretil-por-que\/#primaryimage"},"thumbnailUrl":"https:\/\/blog1.omens.com.br\/wp-content\/uploads\/2021\/03\/omenscast-4-tenho-40-anos-estou-com-disfuncao-eretil-por-que-sera.jpg","keywords":["podcast"],"articleSection":["Ere\u00e7\u00e3o"],"inLanguage":"pt-BR","potentialAction":[{"@type":"CommentAction","name":"Comment","target":["https:\/\/omens.com.br\/blog\/erecao\/tenho-40-anos-estou-com-disfuncao-eretil-por-que\/#respond"]}]},{"@type":"WebPage","@id":"https:\/\/omens.com.br\/blog\/erecao\/tenho-40-anos-estou-com-disfuncao-eretil-por-que\/","url":"https:\/\/omens.com.br\/blog\/erecao\/tenho-40-anos-estou-com-disfuncao-eretil-por-que\/","name":"Tenho 40 anos e estou com disfun\u00e7\u00e3o er\u00e9til: por que ser\u00e1? | Omenscast #4","isPartOf":{"@id":"https:\/\/omens.com.br\/blog\/#website"},"primaryImageOfPage":{"@id":"https:\/\/omens.com.br\/blog\/erecao\/tenho-40-anos-estou-com-disfuncao-eretil-por-que\/#primaryimage"},"image":{"@id":"https:\/\/omens.com.br\/blog\/erecao\/tenho-40-anos-estou-com-disfuncao-eretil-por-que\/#primaryimage"},"thumbnailUrl":"https:\/\/blog1.omens.com.br\/wp-content\/uploads\/2021\/03\/omenscast-4-tenho-40-anos-estou-com-disfuncao-eretil-por-que-sera.jpg","datePublished":"2021-03-29T16:47:34+00:00","dateModified":"2024-08-16T05:07:13+00:00","description":"Hoje o m\u00e9dico e urologista Jo\u00e3o Brunhara analisar\u00e1 um problema muito comum que \u00e9 a disfun\u00e7\u00e3o er\u00e9til em homens mais jovens, com 40 anos.","breadcrumb":{"@id":"https:\/\/omens.com.br\/blog\/erecao\/tenho-40-anos-estou-com-disfuncao-eretil-por-que\/#breadcrumb"},"inLanguage":"pt-BR","potentialAction":[{"@type":"ReadAction","target":["https:\/\/omens.com.br\/blog\/erecao\/tenho-40-anos-estou-com-disfuncao-eretil-por-que\/"]}]},{"@type":"ImageObject","inLanguage":"pt-BR","@id":"https:\/\/omens.com.br\/blog\/erecao\/tenho-40-anos-estou-com-disfuncao-eretil-por-que\/#primaryimage","url":"https:\/\/blog1.omens.com.br\/wp-content\/uploads\/2021\/03\/omenscast-4-tenho-40-anos-estou-com-disfuncao-eretil-por-que-sera.jpg","contentUrl":"https:\/\/blog1.omens.com.br\/wp-content\/uploads\/2021\/03\/omenscast-4-tenho-40-anos-estou-com-disfuncao-eretil-por-que-sera.jpg","width":800,"height":450,"caption":"Omenscast, o minicast da sua sa\u00fade sexual: o assunto de hoje \u00e9 disfun\u00e7\u00e3o er\u00e9til aos 40 anos de idade"},{"@type":"BreadcrumbList","@id":"https:\/\/omens.com.br\/blog\/erecao\/tenho-40-anos-estou-com-disfuncao-eretil-por-que\/#breadcrumb","itemListElement":[{"@type":"ListItem","position":1,"name":"BLOG OMENS","item":"https:\/\/omens.com.br\/blog\/"},{"@type":"ListItem","position":2,"name":"Ere\u00e7\u00e3o","item":"https:\/\/omens.com.br\/blog\/https:\/omens.com.br\/blog\/erecao\/erecao\/"},{"@type":"ListItem","position":3,"name":"Omenscast #4: &#8220;Doutor, tenho 40 anos e estou com disfun\u00e7\u00e3o er\u00e9til&#8221;"}]},{"@type":"WebSite","@id":"https:\/\/omens.com.br\/blog\/#website","url":"https:\/\/omens.com.br\/blog\/","name":"Blog Omens","description":"A Omens \u00e9 uma plataforma de intermedia\u00e7\u00e3o de sa\u00fade dedicada ao homem. Ela re\u00fane especialistas brasileiros, urologistas e farmac\u00eauticos para construir uma solu\u00e7\u00e3o de qualidade, segura e acess\u00edvel para todos.","publisher":{"@id":"https:\/\/omens.com.br\/blog\/#organization"},"potentialAction":[{"@type":"SearchAction","target":{"@type":"EntryPoint","urlTemplate":"https:\/\/omens.com.br\/blog\/?s={search_term_string}"},"query-input":{"@type":"PropertyValueSpecification","valueRequired":true,"valueName":"search_term_string"}}],"inLanguage":"pt-BR"},{"@type":"Organization","@id":"https:\/\/omens.com.br\/blog\/#organization","name":"Omens","url":"https:\/\/omens.com.br\/blog\/","logo":{"@type":"ImageObject","inLanguage":"pt-BR","@id":"https:\/\/omens.com.br\/blog\/#\/schema\/logo\/image\/","url":"https:\/\/blog1.omens.com.br\/wp-content\/uploads\/2024\/06\/logo-omens-blog-wide.png","contentUrl":"https:\/\/blog1.omens.com.br\/wp-content\/uploads\/2024\/06\/logo-omens-blog-wide.png","width":200,"height":73,"caption":"Omens"},"image":{"@id":"https:\/\/omens.com.br\/blog\/#\/schema\/logo\/image\/"},"sameAs":["https:\/\/www.facebook.com\/Omensbrasil\/","https:\/\/x.com\/omensbr"]},{"@type":"Person","@id":"https:\/\/omens.com.br\/blog\/#\/schema\/person\/3baba185040e766669cf68d6f3090203","name":"Dr. Jo\u00e3o Brunhara","sameAs":["https:\/\/omens.com.br\/author\/dr-joao-brunhara\/","https:\/\/www.youtube.com\/channel\/UCezMA48gBP6RrbXtwovouqA"]}]}},"_links":{"self":[{"href":"https:\/\/omens.com.br\/blog\/wp-json\/wp\/v2\/posts\/9995","targetHints":{"allow":["GET"]}}],"collection":[{"href":"https:\/\/omens.com.br\/blog\/wp-json\/wp\/v2\/posts"}],"about":[{"href":"https:\/\/omens.com.br\/blog\/wp-json\/wp\/v2\/types\/post"}],"author":[{"embeddable":true,"href":"https:\/\/omens.com.br\/blog\/wp-json\/wp\/v2\/users\/12"}],"replies":[{"embeddable":true,"href":"https:\/\/omens.com.br\/blog\/wp-json\/wp\/v2\/comments?post=9995"}],"version-history":[{"count":27,"href":"https:\/\/omens.com.br\/blog\/wp-json\/wp\/v2\/posts\/9995\/revisions"}],"predecessor-version":[{"id":21424,"href":"https:\/\/omens.com.br\/blog\/wp-json\/wp\/v2\/posts\/9995\/revisions\/21424"}],"wp:featuredmedia":[{"embeddable":true,"href":"https:\/\/omens.com.br\/blog\/wp-json\/wp\/v2\/media\/9997"}],"wp:attachment":[{"href":"https:\/\/omens.com.br\/blog\/wp-json\/wp\/v2\/media?parent=9995"}],"wp:term":[{"taxonomy":"category","embeddable":true,"href":"https:\/\/omens.com.br\/blog\/wp-json\/wp\/v2\/categories?post=9995"},{"taxonomy":"post_tag","embeddable":true,"href":"https:\/\/omens.com.br\/blog\/wp-json\/wp\/v2\/tags?post=9995"}],"curies":[{"name":"wp","href":"https:\/\/api.w.org\/{rel}","templated":true}]}}