{"id":25711,"date":"2024-09-19T13:47:00","date_gmt":"2024-09-19T16:47:00","guid":{"rendered":"https:\/\/blog1.omens.com.br\/?p=25711"},"modified":"2025-11-23T18:25:18","modified_gmt":"2025-11-23T21:25:18","slug":"tercol","status":"publish","type":"post","link":"https:\/\/omens.com.br\/blog\/saude-geral\/tercol\/","title":{"rendered":"Ter\u00e7ol: sintomas, causas e tratamentos"},"content":{"rendered":"\n<div style=\"height:20px\" aria-hidden=\"true\" class=\"wp-block-spacer\"><\/div>\n\n\n\n<p>O ter\u00e7ol \u00e9 uma condi\u00e7\u00e3o ocular comum. Ela aparece como uma pequena inflama\u00e7\u00e3o dolorosa na p\u00e1lpebra. Nesse artigo, a <a href=\"https:\/\/omens.com.br\/\">Omens<\/a> vai descrever os sintomas, os tratamentos, as poss\u00edveis causas e as medidas a serem tomadas em caso de ter\u00e7ol.<\/p>\n\n\n\n<div style=\"height:20px\" aria-hidden=\"true\" class=\"wp-block-spacer\"><\/div>\n\n\n\n<div id=\"ez-toc-container\" class=\"ez-toc-v2_0_74 counter-hierarchy ez-toc-counter ez-toc-custom ez-toc-container-direction\">\n<p class=\"ez-toc-title\" style=\"cursor:inherit\">\u00cdndice<\/p>\n<label for=\"ez-toc-cssicon-toggle-item-69ee450f84829\" class=\"ez-toc-cssicon-toggle-label\"><span class=\"\"><span class=\"eztoc-hide\" style=\"display:none;\">Toggle<\/span><span class=\"ez-toc-icon-toggle-span\"><svg style=\"fill: #171712;color:#171712\" xmlns=\"http:\/\/www.w3.org\/2000\/svg\" class=\"list-377408\" width=\"20px\" height=\"20px\" viewBox=\"0 0 24 24\" fill=\"none\"><path d=\"M6 6H4v2h2V6zm14 0H8v2h12V6zM4 11h2v2H4v-2zm16 0H8v2h12v-2zM4 16h2v2H4v-2zm16 0H8v2h12v-2z\" fill=\"currentColor\"><\/path><\/svg><svg style=\"fill: #171712;color:#171712\" class=\"arrow-unsorted-368013\" xmlns=\"http:\/\/www.w3.org\/2000\/svg\" width=\"10px\" height=\"10px\" viewBox=\"0 0 24 24\" version=\"1.2\" baseProfile=\"tiny\"><path d=\"M18.2 9.3l-6.2-6.3-6.2 6.3c-.2.2-.3.4-.3.7s.1.5.3.7c.2.2.4.3.7.3h11c.3 0 .5-.1.7-.3.2-.2.3-.5.3-.7s-.1-.5-.3-.7zM5.8 14.7l6.2 6.3 6.2-6.3c.2-.2.3-.5.3-.7s-.1-.5-.3-.7c-.2-.2-.4-.3-.7-.3h-11c-.3 0-.5.1-.7.3-.2.2-.3.5-.3.7s.1.5.3.7z\"\/><\/svg><\/span><\/span><\/label><input type=\"checkbox\"  id=\"ez-toc-cssicon-toggle-item-69ee450f84829\"  aria-label=\"Alternar\" \/><nav><ul class='ez-toc-list ez-toc-list-level-1 ' ><li class='ez-toc-page-1 ez-toc-heading-level-2'><a class=\"ez-toc-link ez-toc-heading-1\" href=\"https:\/\/omens.com.br\/blog\/saude-geral\/tercol\/#Como_se_manifesta_um_tercol_no_olho\" >Como se manifesta um ter\u00e7ol no olho?<\/a><\/li><li class='ez-toc-page-1 ez-toc-heading-level-2'><a class=\"ez-toc-link ez-toc-heading-2\" href=\"https:\/\/omens.com.br\/blog\/saude-geral\/tercol\/#Quais_sao_os_tratamentos_para_o_tercol\" >Quais s\u00e3o os tratamentos para o ter\u00e7ol?<\/a><\/li><li class='ez-toc-page-1 ez-toc-heading-level-2'><a class=\"ez-toc-link ez-toc-heading-3\" href=\"https:\/\/omens.com.br\/blog\/saude-geral\/tercol\/#O_que_pode_causar_um_tercol\" >O que pode causar um ter\u00e7ol?<\/a><\/li><li class='ez-toc-page-1 ez-toc-heading-level-2'><a class=\"ez-toc-link ez-toc-heading-4\" href=\"https:\/\/omens.com.br\/blog\/saude-geral\/tercol\/#O_que_fazer_em_caso_de_tercol\" >O que fazer em caso de ter\u00e7ol?<\/a><\/li><li class='ez-toc-page-1 ez-toc-heading-level-2'><a class=\"ez-toc-link ez-toc-heading-5\" href=\"https:\/\/omens.com.br\/blog\/saude-geral\/tercol\/#E_contagioso\" >\u00c9 contagioso?<\/a><\/li><\/ul><\/nav><\/div>\n<h2 class=\"wp-block-heading\"><span class=\"ez-toc-section\" id=\"Como_se_manifesta_um_tercol_no_olho\"><\/span>Como se manifesta um ter\u00e7ol no olho?<span class=\"ez-toc-section-end\"><\/span><\/h2>\n\n\n\n<hr class=\"wp-block-separator has-alpha-channel-opacity\"\/>\n\n\n\n<p>O ter\u00e7ol aparece sob a forma de uma pequena protuber\u00e2ncia vermelha e dolorosa na borda da p\u00e1lpebra, geralmente pr\u00f3xima aos c\u00edlios. Ele \u00e9, em geral, causado por uma infec\u00e7\u00e3o bacteriana das gl\u00e2ndulas seb\u00e1ceas ou sudor\u00edparas da p\u00e1lpebra. Aqui est\u00e3o os principais sintomas:<\/p>\n\n\n\n<ul class=\"wp-block-list\">\n<li><strong>Dor localizada<\/strong>: a p\u00e1lpebra se torna sens\u00edvel ao toque, frequentemente acompanhada por uma sensa\u00e7\u00e3o de peso ou desconforto.<\/li>\n\n\n\n<li><strong>Vermelhid\u00e3o e incha\u00e7o<\/strong>: o olho pode parecer inchado e avermelhado, especialmente ao redor do ter\u00e7ol.<\/li>\n\n\n\n<li><strong>Pequena protuber\u00e2ncia cheia de pus<\/strong>: o ter\u00e7ol geralmente se assemelha a uma pequena espinha, \u00e0s vezes com uma ponta branca vis\u00edvel.<\/li>\n\n\n\n<li><strong>Lacrimejamento<\/strong>: o olho afetado pode produzir mais l\u00e1grimas que o habitual.<\/li>\n\n\n\n<li><strong>Sensa\u00e7\u00e3o de corpo estranho<\/strong>: o ter\u00e7ol pode dar a impress\u00e3o de que h\u00e1 um gr\u00e3o de areia ou outro corpo estranho no olho.<\/li>\n<\/ul>\n\n\n\n<p>N\u00e3o deixe de procurar um m\u00e9dico para obter um diagn\u00f3stico preciso! O ter\u00e7ol pode, \u00e0s vezes, ser confundido com um cal\u00e1zio, uma conjuntivite ou com outras condi\u00e7\u00f5es.<\/p>\n\n\n\n<figure class=\"wp-block-image size-full has-custom-border not-show-desktop\"><a href=\"https:\/\/medleve.com\/?utm_term=omens&amp;utm_content=omens\"><img data-dominant-color=\"69564a\" data-has-transparency=\"false\" fetchpriority=\"high\" decoding=\"async\" width=\"700\" height=\"500\" src=\"https:\/\/blog1.omens.com.br\/wp-content\/uploads\/2025\/10\/a-receita-medica-para-caneta-emagrecedore-69-reais.jpg\" alt=\"\" class=\"wp-image-28424 not-transparent\" style=\"--dominant-color: #69564a; border-radius:15px\" srcset=\"https:\/\/blog1.omens.com.br\/wp-content\/uploads\/2025\/10\/a-receita-medica-para-caneta-emagrecedore-69-reais.jpg 700w, https:\/\/blog1.omens.com.br\/wp-content\/uploads\/2025\/10\/a-receita-medica-para-caneta-emagrecedore-69-reais-560x400.jpg 560w\" sizes=\"(max-width: 700px) 100vw, 700px\" \/><\/a><\/figure>\n\n\n\n<figure class=\"wp-block-image size-full has-custom-border not-show-mobile\"><a href=\"https:\/\/medleve.com\/?utm_term=omens&amp;utm_content=omens\"><img data-dominant-color=\"e2ce5e\" data-has-transparency=\"false\" decoding=\"async\" width=\"700\" height=\"190\" src=\"https:\/\/blog1.omens.com.br\/wp-content\/uploads\/2025\/10\/receita-medica-para-caneta-emagrecedora-so-69-reais.jpg\" alt=\"\" class=\"wp-image-28426 not-transparent\" style=\"--dominant-color: #e2ce5e; border-radius:15px\"\/><\/a><\/figure>\n\n\n\n<h2 class=\"wp-block-heading\"><span class=\"ez-toc-section\" id=\"Quais_sao_os_tratamentos_para_o_tercol\"><\/span>Quais s\u00e3o os tratamentos para o ter\u00e7ol?<span class=\"ez-toc-section-end\"><\/span><\/h2>\n\n\n\n<hr class=\"wp-block-separator has-alpha-channel-opacity\"\/>\n\n\n\n<p>A maioria dos ter\u00e7\u00f3is desaparece sozinha em uma a duas semanas. No entanto, existem v\u00e1rias op\u00e7\u00f5es para acelerar a cura e aliviar o desconforto:<\/p>\n\n\n\n<ul class=\"wp-block-list\">\n<li><strong>Compressas mornas<\/strong>: aplicar uma compressa morna no olho afetado v\u00e1rias vezes ao dia, por 10 a 15 minutos, pode ajudar a reduzir a <a href=\"https:\/\/omens.com.br\/blog\/pele\/espinha-inflamada\/\">inflama\u00e7\u00e3o<\/a> e promover a <em>drenagem<\/em> do ter\u00e7ol.<\/li>\n\n\n\n<li><strong>Higiene ocular<\/strong>: limpar delicadamente a p\u00e1lpebra com um algod\u00e3o embebido em \u00e1gua morna ou uma solu\u00e7\u00e3o salina para evitar que a infec\u00e7\u00e3o piore.<\/li>\n\n\n\n<li><strong>Medicamentos<\/strong>: alguns col\u00edrios antiss\u00e9pticos ou pomadas antibi\u00f3ticas podem ser usados para tratar a infec\u00e7\u00e3o bacteriana subjacente (alguns deles podem ser adquiridos sem receita m\u00e9dica, portanto converse com o farmac\u00eautico).<\/li>\n\n\n\n<li><strong>Antibi\u00f3ticos<\/strong>: em casos mais graves ou se o ter\u00e7ol persistir, um m\u00e9dico pode prescrever antibi\u00f3ticos na forma de pomada ou col\u00edrio.<\/li>\n<\/ul>\n\n\n\n<h2 class=\"wp-block-heading\"><span class=\"ez-toc-section\" id=\"O_que_pode_causar_um_tercol\"><\/span>O que pode causar um ter\u00e7ol?<span class=\"ez-toc-section-end\"><\/span><\/h2>\n\n\n\n<hr class=\"wp-block-separator has-alpha-channel-opacity\"\/>\n\n\n\n<p>O ter\u00e7ol \u00e9 causado principalmente por uma infec\u00e7\u00e3o bacteriana, especialmente pelo <em>estafilococo dourado<\/em>. Essa bact\u00e9ria, naturalmente presente na pele, pode infectar as gl\u00e2ndulas seb\u00e1ceas ou sudor\u00edparas localizadas na base dos c\u00edlios. V\u00e1rios fatores podem aumentar o risco de desenvolver um ter\u00e7ol:<\/p>\n\n\n\n<ul class=\"wp-block-list\">\n<li><strong>M\u00e1 higiene ocular<\/strong>: esfregar os olhos com as m\u00e3os sujas pode introduzir bact\u00e9rias nas gl\u00e2ndulas das p\u00e1lpebras.<\/li>\n\n\n\n<li><strong>Maquiagem contaminada<\/strong>: o uso de maquiagem antiga ou contaminada pode introduzir bact\u00e9rias na regi\u00e3o dos olhos.<\/li>\n\n\n\n<li><strong>Uso de lentes de contato<\/strong>: n\u00e3o limpar corretamente as lentes de contato ou manuse\u00e1-las com as m\u00e3os sujas tamb\u00e9m pode aumentar o risco de ter\u00e7ol.<\/li>\n\n\n\n<li><strong>Problemas de pele<\/strong>: pessoas com ros\u00e1cea ou dermatite seborreica s\u00e3o mais propensas a desenvolver ter\u00e7\u00f3is.<\/li>\n<\/ul>\n\n\n\n<p>Para saber se voc\u00ea tem um cal\u00e1zio, um ter\u00e7ol, ou mesmo outro problema, n\u00e3o deixe de <strong>consultar um m\u00e9dico<\/strong>.<\/p>\n\n\n\n<h2 class=\"wp-block-heading\"><span class=\"ez-toc-section\" id=\"O_que_fazer_em_caso_de_tercol\"><\/span>O que fazer em caso de ter\u00e7ol?<span class=\"ez-toc-section-end\"><\/span><\/h2>\n\n\n\n<hr class=\"wp-block-separator has-alpha-channel-opacity\"\/>\n\n\n\n<p>Se voc\u00ea tiver um ter\u00e7ol, aqui est\u00e3o algumas etapas a seguir para gerenciar a situa\u00e7\u00e3o:<\/p>\n\n\n\n<ul class=\"wp-block-list\">\n<li><strong>Evite furar ou apertar o ter\u00e7ol<\/strong>: embora possa ser tentador tentar drenar o ter\u00e7ol, isso pode agravar a infec\u00e7\u00e3o.<\/li>\n\n\n\n<li>Aplique <strong>compressas mornas <\/strong>e <strong>limpe suavemente a p\u00e1lpebra<\/strong>: conforme mencionado anteriormente, essas duas coisas ajuda a reduzir a inflama\u00e7\u00e3o e a curar. Uma <a href=\"https:\/\/omens.com.br\/blog\/pele\/suor-excessivo-nas-axilas\/#Prevencao_e_Higiene_pessoal\">higiene regular<\/a> \u00e9 essencial para evitar que a infec\u00e7\u00e3o piore, portanto use uma solu\u00e7\u00e3o salina ou \u00e1gua morna para limpar a p\u00e1lpebra.<\/li>\n\n\n\n<li><strong>Consulte um m\u00e9dico, se necess\u00e1rio<\/strong>: se o ter\u00e7ol persistir por mais de duas semanas, se se tornar particularmente doloroso ou se afetar sua vis\u00e3o, \u00e9 recomend\u00e1vel consultar um profissional de sa\u00fade.<\/li>\n<\/ul>\n\n\n\n<figure class=\"wp-block-image size-full has-custom-border not-show-desktop\"><a href=\"https:\/\/medleve.com\/?utm_term=omens&amp;utm_content=omens\"><img data-dominant-color=\"3c403f\" data-has-transparency=\"false\" decoding=\"async\" width=\"700\" height=\"400\" src=\"https:\/\/blog1.omens.com.br\/wp-content\/uploads\/2025\/10\/precisando-de-receita-medica-para-emagrecer-consiga-aqui.jpg\" alt=\"\" class=\"wp-image-28421 not-transparent\" style=\"--dominant-color: #3c403f; border-radius:15px\"\/><\/a><\/figure>\n\n\n\n<figure class=\"wp-block-image size-full has-custom-border not-show-mobile\"><a href=\"https:\/\/medleve.com\/?utm_term=omens&amp;utm_content=omens\"><img data-dominant-color=\"3f3f30\" data-has-transparency=\"false\" loading=\"lazy\" decoding=\"async\" width=\"700\" height=\"190\" src=\"https:\/\/blog1.omens.com.br\/wp-content\/uploads\/2025\/10\/precisando-de-receita-medica-para-emagrecer-com-canetas-e-aqui.jpg\" alt=\"\" class=\"wp-image-28422 not-transparent\" style=\"--dominant-color: #3f3f30; border-radius:15px\"\/><\/a><\/figure>\n\n\n\n<h2 class=\"wp-block-heading\"><span class=\"ez-toc-section\" id=\"E_contagioso\"><\/span>\u00c9 contagioso?<span class=\"ez-toc-section-end\"><\/span><\/h2>\n\n\n\n<hr class=\"wp-block-separator has-alpha-channel-opacity\"\/>\n\n\n\n<p>Embora o ter\u00e7ol seja causado por uma infec\u00e7\u00e3o bacteriana, geralmente ele n\u00e3o \u00e9 contagioso. As bact\u00e9rias respons\u00e1veis, como o <strong><em>estafilococo dourado<\/em><\/strong>, j\u00e1 est\u00e3o presentes na pele da maioria das pessoas. No entanto, uma boa higiene \u00e9 importante para evitar a propaga\u00e7\u00e3o das bact\u00e9rias para outras partes do olho ou para objetos ao redor (toalhas, travesseiros, etc.).<\/p>\n\n\n\n<p>Aqui est\u00e3o algumas dicas para evitar a propaga\u00e7\u00e3o de bact\u00e9rias:<\/p>\n\n\n\n<ul class=\"wp-block-list\">\n<li><strong>Lave as m\u00e3os frequentemente<\/strong>: especialmente ap\u00f3s tocar o olho afetado.<\/li>\n\n\n\n<li><strong>Evite compartilhar toalhas ou travesseiros<\/strong>: esses objetos podem ser potencialmente contaminados.<\/li>\n\n\n\n<li><strong>Limpe suas lentes de contato<\/strong>: se voc\u00ea usa lentes, certifique-se de limp\u00e1-las corretamente antes e depois de cada uso.<\/li>\n<\/ul>\n\n\n\n<p>Em conclus\u00e3o, o ter\u00e7ol \u00e9 uma <a href=\"https:\/\/pesquisa.bvsalud.org\/portal\/resource\/pt\/lis-42262\">condi\u00e7\u00e3o benigna<\/a>, mas muitas vezes desconfort\u00e1vel. \u00c9 essencial manter uma <strong>boa higiene ocular <\/strong>e usar <strong>tratamentos simples<\/strong>, como compressas mornas, para promover a cura. Em caso de d\u00favida ou se o ter\u00e7ol persistir, consulte um m\u00e9dico para obter uma opini\u00e3o profissional e orientada para o seu caso.<\/p>\n","protected":false},"excerpt":{"rendered":"<p>O ter\u00e7ol \u00e9 uma condi\u00e7\u00e3o ocular comum. Ela aparece como uma pequena inflama\u00e7\u00e3o dolorosa na p\u00e1lpebra. Nesse artigo, a Omens vai descrever os sintomas, os tratamentos, as poss\u00edveis causas e as medidas a serem tomadas em caso de ter\u00e7ol. Como se manifesta um ter\u00e7ol no olho? O ter\u00e7ol aparece sob a forma de uma pequena [&hellip;]<\/p>\n","protected":false},"author":12,"featured_media":0,"comment_status":"open","ping_status":"open","sticky":false,"template":"","format":"standard","meta":{"footnotes":""},"categories":[233],"tags":[],"class_list":["post-25711","post","type-post","status-publish","format-standard","hentry","category-saude-geral"],"yoast_head":"<!-- This site is optimized with the Yoast SEO plugin v27.4 - https:\/\/yoast.com\/product\/yoast-seo-wordpress\/ -->\n<title>Ter\u00e7ol: sintomas, causas e tratamentos - Blog Omens<\/title>\n<meta name=\"description\" content=\"Ter\u00e7ol \u00e9 um problema ocular comum, aparecendo como uma inflama\u00e7\u00e3o na p\u00e1lpebra. Vamos descrever sintomas, tratamentos, causas e solu\u00e7\u00f5es\" \/>\n<meta name=\"robots\" content=\"index, follow, max-snippet:-1, max-image-preview:large, max-video-preview:-1\" \/>\n<link rel=\"canonical\" href=\"https:\/\/omens.com.br\/blog\/saude-geral\/tercol\/\" \/>\n<meta property=\"og:locale\" content=\"pt_BR\" \/>\n<meta property=\"og:type\" content=\"article\" \/>\n<meta property=\"og:title\" content=\"Ter\u00e7ol: sintomas, causas e tratamentos - Blog Omens\" \/>\n<meta property=\"og:description\" content=\"Ter\u00e7ol \u00e9 um problema ocular comum, aparecendo como uma inflama\u00e7\u00e3o na p\u00e1lpebra. Vamos descrever sintomas, tratamentos, causas e solu\u00e7\u00f5es\" \/>\n<meta property=\"og:url\" content=\"https:\/\/omens.com.br\/blog\/saude-geral\/tercol\/\" \/>\n<meta property=\"og:site_name\" content=\"Blog Omens\" \/>\n<meta property=\"article:publisher\" content=\"https:\/\/www.facebook.com\/Omensbrasil\/\" \/>\n<meta property=\"article:published_time\" content=\"2024-09-19T16:47:00+00:00\" \/>\n<meta property=\"article:modified_time\" content=\"2025-11-23T21:25:18+00:00\" \/>\n<meta name=\"author\" content=\"Dr. Jo\u00e3o Brunhara\" \/>\n<meta name=\"twitter:card\" content=\"summary_large_image\" \/>\n<meta name=\"twitter:creator\" content=\"@omensbr\" \/>\n<meta name=\"twitter:site\" content=\"@omensbr\" \/>\n<meta name=\"twitter:label1\" content=\"Escrito por\" \/>\n\t<meta name=\"twitter:data1\" content=\"Dr. Jo\u00e3o Brunhara\" \/>\n\t<meta name=\"twitter:label2\" content=\"Est. tempo de leitura\" \/>\n\t<meta name=\"twitter:data2\" content=\"4 minutos\" \/>\n<!-- \/ Yoast SEO plugin. -->","yoast_head_json":{"title":"Ter\u00e7ol: sintomas, causas e tratamentos - Blog Omens","description":"Ter\u00e7ol \u00e9 um problema ocular comum, aparecendo como uma inflama\u00e7\u00e3o na p\u00e1lpebra. Vamos descrever sintomas, tratamentos, causas e solu\u00e7\u00f5es","robots":{"index":"index","follow":"follow","max-snippet":"max-snippet:-1","max-image-preview":"max-image-preview:large","max-video-preview":"max-video-preview:-1"},"canonical":"https:\/\/omens.com.br\/blog\/saude-geral\/tercol\/","og_locale":"pt_BR","og_type":"article","og_title":"Ter\u00e7ol: sintomas, causas e tratamentos - Blog Omens","og_description":"Ter\u00e7ol \u00e9 um problema ocular comum, aparecendo como uma inflama\u00e7\u00e3o na p\u00e1lpebra. Vamos descrever sintomas, tratamentos, causas e solu\u00e7\u00f5es","og_url":"https:\/\/omens.com.br\/blog\/saude-geral\/tercol\/","og_site_name":"Blog Omens","article_publisher":"https:\/\/www.facebook.com\/Omensbrasil\/","article_published_time":"2024-09-19T16:47:00+00:00","article_modified_time":"2025-11-23T21:25:18+00:00","author":"Dr. Jo\u00e3o Brunhara","twitter_card":"summary_large_image","twitter_creator":"@omensbr","twitter_site":"@omensbr","twitter_misc":{"Escrito por":"Dr. Jo\u00e3o Brunhara","Est. tempo de leitura":"4 minutos"},"schema":{"@context":"https:\/\/schema.org","@graph":[{"@type":"Article","@id":"https:\/\/omens.com.br\/blog\/saude-geral\/tercol\/#article","isPartOf":{"@id":"https:\/\/omens.com.br\/blog\/saude-geral\/tercol\/"},"author":{"name":"Dr. Jo\u00e3o Brunhara","@id":"https:\/\/omens.com.br\/blog\/#\/schema\/person\/3baba185040e766669cf68d6f3090203"},"headline":"Ter\u00e7ol: sintomas, causas e tratamentos","datePublished":"2024-09-19T16:47:00+00:00","dateModified":"2025-11-23T21:25:18+00:00","mainEntityOfPage":{"@id":"https:\/\/omens.com.br\/blog\/saude-geral\/tercol\/"},"wordCount":877,"commentCount":0,"publisher":{"@id":"https:\/\/omens.com.br\/blog\/#organization"},"articleSection":["Sa\u00fade geral"],"inLanguage":"pt-BR","potentialAction":[{"@type":"CommentAction","name":"Comment","target":["https:\/\/omens.com.br\/blog\/saude-geral\/tercol\/#respond"]}]},{"@type":"WebPage","@id":"https:\/\/omens.com.br\/blog\/saude-geral\/tercol\/","url":"https:\/\/omens.com.br\/blog\/saude-geral\/tercol\/","name":"Ter\u00e7ol: sintomas, causas e tratamentos - Blog Omens","isPartOf":{"@id":"https:\/\/omens.com.br\/blog\/#website"},"datePublished":"2024-09-19T16:47:00+00:00","dateModified":"2025-11-23T21:25:18+00:00","description":"Ter\u00e7ol \u00e9 um problema ocular comum, aparecendo como uma inflama\u00e7\u00e3o na p\u00e1lpebra. Vamos descrever sintomas, tratamentos, causas e solu\u00e7\u00f5es","breadcrumb":{"@id":"https:\/\/omens.com.br\/blog\/saude-geral\/tercol\/#breadcrumb"},"inLanguage":"pt-BR","potentialAction":[{"@type":"ReadAction","target":["https:\/\/omens.com.br\/blog\/saude-geral\/tercol\/"]}]},{"@type":"BreadcrumbList","@id":"https:\/\/omens.com.br\/blog\/saude-geral\/tercol\/#breadcrumb","itemListElement":[{"@type":"ListItem","position":1,"name":"BLOG OMENS","item":"https:\/\/omens.com.br\/blog\/"},{"@type":"ListItem","position":2,"name":"Sa\u00fade geral","item":"https:\/\/omens.com.br\/blog\/https:\/omens.com.br\/blog\/saude-geral\/saude-geral\/"},{"@type":"ListItem","position":3,"name":"Ter\u00e7ol: sintomas, causas e tratamentos"}]},{"@type":"WebSite","@id":"https:\/\/omens.com.br\/blog\/#website","url":"https:\/\/omens.com.br\/blog\/","name":"Blog Omens","description":"A Omens \u00e9 uma plataforma de intermedia\u00e7\u00e3o de sa\u00fade dedicada ao homem. Ela re\u00fane especialistas brasileiros, urologistas e farmac\u00eauticos para construir uma solu\u00e7\u00e3o de qualidade, segura e acess\u00edvel para todos.","publisher":{"@id":"https:\/\/omens.com.br\/blog\/#organization"},"potentialAction":[{"@type":"SearchAction","target":{"@type":"EntryPoint","urlTemplate":"https:\/\/omens.com.br\/blog\/?s={search_term_string}"},"query-input":{"@type":"PropertyValueSpecification","valueRequired":true,"valueName":"search_term_string"}}],"inLanguage":"pt-BR"},{"@type":"Organization","@id":"https:\/\/omens.com.br\/blog\/#organization","name":"Omens","url":"https:\/\/omens.com.br\/blog\/","logo":{"@type":"ImageObject","inLanguage":"pt-BR","@id":"https:\/\/omens.com.br\/blog\/#\/schema\/logo\/image\/","url":"https:\/\/blog1.omens.com.br\/wp-content\/uploads\/2024\/06\/logo-omens-blog-wide.png","contentUrl":"https:\/\/blog1.omens.com.br\/wp-content\/uploads\/2024\/06\/logo-omens-blog-wide.png","width":200,"height":73,"caption":"Omens"},"image":{"@id":"https:\/\/omens.com.br\/blog\/#\/schema\/logo\/image\/"},"sameAs":["https:\/\/www.facebook.com\/Omensbrasil\/","https:\/\/x.com\/omensbr"]},{"@type":"Person","@id":"https:\/\/omens.com.br\/blog\/#\/schema\/person\/3baba185040e766669cf68d6f3090203","name":"Dr. Jo\u00e3o Brunhara","sameAs":["https:\/\/omens.com.br\/author\/dr-joao-brunhara\/","https:\/\/www.youtube.com\/channel\/UCezMA48gBP6RrbXtwovouqA"]}]}},"_links":{"self":[{"href":"https:\/\/omens.com.br\/blog\/wp-json\/wp\/v2\/posts\/25711","targetHints":{"allow":["GET"]}}],"collection":[{"href":"https:\/\/omens.com.br\/blog\/wp-json\/wp\/v2\/posts"}],"about":[{"href":"https:\/\/omens.com.br\/blog\/wp-json\/wp\/v2\/types\/post"}],"author":[{"embeddable":true,"href":"https:\/\/omens.com.br\/blog\/wp-json\/wp\/v2\/users\/12"}],"replies":[{"embeddable":true,"href":"https:\/\/omens.com.br\/blog\/wp-json\/wp\/v2\/comments?post=25711"}],"version-history":[{"count":6,"href":"https:\/\/omens.com.br\/blog\/wp-json\/wp\/v2\/posts\/25711\/revisions"}],"predecessor-version":[{"id":28594,"href":"https:\/\/omens.com.br\/blog\/wp-json\/wp\/v2\/posts\/25711\/revisions\/28594"}],"wp:attachment":[{"href":"https:\/\/omens.com.br\/blog\/wp-json\/wp\/v2\/media?parent=25711"}],"wp:term":[{"taxonomy":"category","embeddable":true,"href":"https:\/\/omens.com.br\/blog\/wp-json\/wp\/v2\/categories?post=25711"},{"taxonomy":"post_tag","embeddable":true,"href":"https:\/\/omens.com.br\/blog\/wp-json\/wp\/v2\/tags?post=25711"}],"curies":[{"name":"wp","href":"https:\/\/api.w.org\/{rel}","templated":true}]}}