{"id":25373,"date":"2024-08-07T13:18:00","date_gmt":"2024-08-07T16:18:00","guid":{"rendered":"https:\/\/blog1.omens.com.br\/?p=25373"},"modified":"2025-11-23T18:35:56","modified_gmt":"2025-11-23T21:35:56","slug":"pseudofoliculite-e-pelo-encravado","status":"publish","type":"post","link":"https:\/\/omens.com.br\/blog\/pele\/pseudofoliculite-e-pelo-encravado\/","title":{"rendered":"Como se livrar da pseudofoliculite"},"content":{"rendered":"\n<div style=\"height:20px\" aria-hidden=\"true\" class=\"wp-block-spacer\"><\/div>\n\n\n\n<p>A pseudofoliculite \u00e9 uma condi\u00e7\u00e3o bem comum, especialmente em pessoas com pelos grossos, onde o crescimento do pelo \u00e9 dificultado pela pele, causando incha\u00e7o e vermelhid\u00e3o.<\/p>\n\n\n\n<p>\u00c9 necess\u00e1rio tratar a pseudofoliculite para n\u00e3o causar complica\u00e7\u00f5es indesejadas, como infec\u00e7\u00f5es e cicatrizes, especialmente na regi\u00e3o da barba, onde a irrita\u00e7\u00e3o resultante n\u00e3o \u00e9 esteticamente agrad\u00e1vel e pode ser&nbsp; dolorosa. Gostaria de aprender a evitar e a tratar a pseudofoliculite de forma segura e eficaz? Continue com <a href=\"https:\/\/omens.com.br\/\">Omens<\/a>!<\/p>\n\n\n\n<div style=\"height:20px\" aria-hidden=\"true\" class=\"wp-block-spacer\"><\/div>\n\n\n\n<div id=\"ez-toc-container\" class=\"ez-toc-v2_0_74 counter-hierarchy ez-toc-counter ez-toc-custom ez-toc-container-direction\">\n<p class=\"ez-toc-title\" style=\"cursor:inherit\">\u00cdndice<\/p>\n<label for=\"ez-toc-cssicon-toggle-item-69f23452186f0\" class=\"ez-toc-cssicon-toggle-label\"><span class=\"\"><span class=\"eztoc-hide\" style=\"display:none;\">Toggle<\/span><span class=\"ez-toc-icon-toggle-span\"><svg style=\"fill: #171712;color:#171712\" xmlns=\"http:\/\/www.w3.org\/2000\/svg\" class=\"list-377408\" width=\"20px\" height=\"20px\" viewBox=\"0 0 24 24\" fill=\"none\"><path d=\"M6 6H4v2h2V6zm14 0H8v2h12V6zM4 11h2v2H4v-2zm16 0H8v2h12v-2zM4 16h2v2H4v-2zm16 0H8v2h12v-2z\" fill=\"currentColor\"><\/path><\/svg><svg style=\"fill: #171712;color:#171712\" class=\"arrow-unsorted-368013\" xmlns=\"http:\/\/www.w3.org\/2000\/svg\" width=\"10px\" height=\"10px\" viewBox=\"0 0 24 24\" version=\"1.2\" baseProfile=\"tiny\"><path d=\"M18.2 9.3l-6.2-6.3-6.2 6.3c-.2.2-.3.4-.3.7s.1.5.3.7c.2.2.4.3.7.3h11c.3 0 .5-.1.7-.3.2-.2.3-.5.3-.7s-.1-.5-.3-.7zM5.8 14.7l6.2 6.3 6.2-6.3c.2-.2.3-.5.3-.7s-.1-.5-.3-.7c-.2-.2-.4-.3-.7-.3h-11c-.3 0-.5.1-.7.3-.2.2-.3.5-.3.7s.1.5.3.7z\"\/><\/svg><\/span><\/span><\/label><input type=\"checkbox\"  id=\"ez-toc-cssicon-toggle-item-69f23452186f0\"  aria-label=\"Alternar\" \/><nav><ul class='ez-toc-list ez-toc-list-level-1 ' ><li class='ez-toc-page-1 ez-toc-heading-level-2'><a class=\"ez-toc-link ez-toc-heading-1\" href=\"https:\/\/omens.com.br\/blog\/pele\/pseudofoliculite-e-pelo-encravado\/#O_que_e_pseudofoliculite\" >O que \u00e9 pseudofoliculite<\/a><\/li><li class='ez-toc-page-1 ez-toc-heading-level-2'><a class=\"ez-toc-link ez-toc-heading-2\" href=\"https:\/\/omens.com.br\/blog\/pele\/pseudofoliculite-e-pelo-encravado\/#Sintomas_e_diagnostico\" >Sintomas e diagn\u00f3stico<\/a><\/li><li class='ez-toc-page-1 ez-toc-heading-level-2'><a class=\"ez-toc-link ez-toc-heading-3\" href=\"https:\/\/omens.com.br\/blog\/pele\/pseudofoliculite-e-pelo-encravado\/#Tratamentos_para_pseudofoliculite\" >Tratamentos para pseudofoliculite<\/a><ul class='ez-toc-list-level-3' ><li class='ez-toc-heading-level-3'><a class=\"ez-toc-link ez-toc-heading-4\" href=\"https:\/\/omens.com.br\/blog\/pele\/pseudofoliculite-e-pelo-encravado\/#Tratamentos_caseiros\" >Tratamentos caseiros<\/a><\/li><li class='ez-toc-page-1 ez-toc-heading-level-3'><a class=\"ez-toc-link ez-toc-heading-5\" href=\"https:\/\/omens.com.br\/blog\/pele\/pseudofoliculite-e-pelo-encravado\/#Produtos_recomendados_para_tratar_pseudofoliculite\" >Produtos recomendados para tratar pseudofoliculite<\/a><\/li><\/ul><\/li><li class='ez-toc-page-1 ez-toc-heading-level-2'><a class=\"ez-toc-link ez-toc-heading-6\" href=\"https:\/\/omens.com.br\/blog\/pele\/pseudofoliculite-e-pelo-encravado\/#Procedimentos_medicos_laser_cremes_prescritos_etc\" >Procedimentos m\u00e9dicos (laser, cremes prescritos, etc.)<\/a><\/li><li class='ez-toc-page-1 ez-toc-heading-level-2'><a class=\"ez-toc-link ez-toc-heading-7\" href=\"https:\/\/omens.com.br\/blog\/pele\/pseudofoliculite-e-pelo-encravado\/#Prevencao_da_pseudofoliculite_na_barba\" >Preven\u00e7\u00e3o da pseudofoliculite na barba<\/a><\/li><li class='ez-toc-page-1 ez-toc-heading-level-2'><a class=\"ez-toc-link ez-toc-heading-8\" href=\"https:\/\/omens.com.br\/blog\/pele\/pseudofoliculite-e-pelo-encravado\/#Dicas_adicionais_como_lidar_com_pelos_encravados_na_barba\" >Dicas adicionais: como lidar com pelos encravados na barba<\/a><\/li><li class='ez-toc-page-1 ez-toc-heading-level-2'><a class=\"ez-toc-link ez-toc-heading-9\" href=\"https:\/\/omens.com.br\/blog\/pele\/pseudofoliculite-e-pelo-encravado\/#Conclusao\" >Conclus\u00e3o<\/a><\/li><\/ul><\/nav><\/div>\n<h2 class=\"wp-block-heading\"><span class=\"ez-toc-section\" id=\"O_que_e_pseudofoliculite\"><\/span>O que \u00e9 pseudofoliculite<span class=\"ez-toc-section-end\"><\/span><\/h2>\n\n\n\n<hr>\n\n\n\n<p>A pseudofoliculite ocorre quando os pelos t\u00eam dificuldade de vencer a barreira da pele durante o seu crescimento, e se curvam sobre a pele, formando pequenas bolinhas avermelhadas, como pequenos pelos encravados.<\/p>\n\n\n\n<p>Ao contr\u00e1rio da <a href=\"https:\/\/omens.com.br\/blog\/cabelo\/foliculite-capilar\/\" target=\"_blank\" rel=\"noreferrer noopener\">foliculite<\/a>, que \u00e9 tipicamente uma infe\u00e7\u00e3o bacteriana do fol\u00edculo piloso, a pseudofoliculite \u00e9 mais uma resposta irritante. \u00c9 um problema comum dadas as pr\u00e1ticas de barbear e as caracter\u00edsticas do cabelo, especialmente em indiv\u00edduos com cabelo encaracolado. Assim, se voc\u00ea \u00e9 uma daquelas pessoas que sofreu com aqueles carocinhos desagrad\u00e1veis que aparecem depois de se barbear, voc\u00ea sabe do que estamos falando!<\/p>\n\n\n\n<figure class=\"wp-block-image size-full has-custom-border not-show-desktop\"><a href=\"https:\/\/medleve.com\/?utm_term=omens&amp;utm_content=omens\"><img data-dominant-color=\"69564a\" data-has-transparency=\"false\" fetchpriority=\"high\" decoding=\"async\" width=\"700\" height=\"500\" src=\"https:\/\/blog1.omens.com.br\/wp-content\/uploads\/2025\/10\/a-receita-medica-para-caneta-emagrecedore-69-reais.jpg\" alt=\"\" class=\"wp-image-28424 not-transparent\" style=\"--dominant-color: #69564a; border-radius:15px\" srcset=\"https:\/\/blog1.omens.com.br\/wp-content\/uploads\/2025\/10\/a-receita-medica-para-caneta-emagrecedore-69-reais.jpg 700w, https:\/\/blog1.omens.com.br\/wp-content\/uploads\/2025\/10\/a-receita-medica-para-caneta-emagrecedore-69-reais-560x400.jpg 560w\" sizes=\"(max-width: 700px) 100vw, 700px\" \/><\/a><\/figure>\n\n\n\n<figure class=\"wp-block-image size-full has-custom-border not-show-mobile\"><a href=\"https:\/\/medleve.com\/?utm_term=omens&amp;utm_content=omens\"><img data-dominant-color=\"e2ce5e\" data-has-transparency=\"false\" decoding=\"async\" width=\"700\" height=\"190\" src=\"https:\/\/blog1.omens.com.br\/wp-content\/uploads\/2025\/10\/receita-medica-para-caneta-emagrecedora-so-69-reais.jpg\" alt=\"\" class=\"wp-image-28426 not-transparent\" style=\"--dominant-color: #e2ce5e; border-radius:15px\"\/><\/a><\/figure>\n\n\n\n<h2 class=\"wp-block-heading\"><span class=\"ez-toc-section\" id=\"Sintomas_e_diagnostico\"><\/span>Sintomas e diagn\u00f3stico<span class=\"ez-toc-section-end\"><\/span><\/h2>\n\n\n\n<hr>\n\n\n\n<p>Os sintomas da pseudofoliculite da barba s\u00e3o p\u00e1pulas vermelhas ou pequenas p\u00fastulas, coceira, dor e, em alguns casos, descolora\u00e7\u00e3o da pele nas \u00e1reas afetadas.<\/p>\n\n\n\n<p>Os sintomas ocorrem tipicamente logo ap\u00f3s o barbear, quando os p\u00ealos raspados come\u00e7am a crescer de volta atrav\u00e9s da pele. O diagn\u00f3stico \u00e9, na maioria das vezes, <a href=\"https:\/\/uihc.org\/health-topics\/pseudofolliculitis-barbae-razor-bumps\">cl\u00ednico<\/a>, feito com base na apar\u00eancia das les\u00f5es e na presen\u00e7a de um precedente de barbear.<\/p>\n\n\n\n<p>Ainda no caso de dor que persista, piore ou seja intoler\u00e1vel de outra forma, a pessoa deve consultar um m\u00e9dico, que vai avaliar se existe, por exemplo, uma infec\u00e7\u00e3o associada ao quadro.<\/p>\n\n\n<div class=\"amp-cta\">\n<p><span class=\"novo-cta-title\">Pelo encravado na barba? Pode ser pseudofoliculite!<\/span><\/p>\n<p><a href=\"https:\/\/omens.com.br\/dermatologista?utm_term=pseudofoliculite&#038;utm_content=blogSEO\" onclick=\"dataLayer.push({'event': 'marcar_consulta'});\" target=\"_self\" class=\"amp-cta-button falar-com-especialista\" data-wpel-link=\"internal\" rel=\"noopener\"> <span>Marcar Consulta Online<\/span> <\/a><\/p>\n<p class=\"novo-cta-subtitle\">Converse com um m\u00e9dico agora e comece o tratamento<\/p>\n<\/p><\/div>\n\n\n\n<h2 class=\"wp-block-heading\"><span class=\"ez-toc-section\" id=\"Tratamentos_para_pseudofoliculite\"><\/span>Tratamentos para pseudofoliculite<span class=\"ez-toc-section-end\"><\/span><\/h2>\n\n\n\n<hr>\n\n\n\n<p>Os tratamentos para a pseudofoliculite focam em reduzir a inflama\u00e7\u00e3o e prevenir o crescimento interno dos pelos. Uma <a href=\"https:\/\/www.ncbi.nlm.nih.gov\/pmc\/articles\/PMC6585396\/\">abordagem eficaz<\/a> inclui o uso de cremes ou geis com ingredientes esfoliantes, como \u00e1cido salic\u00edlico ou \u00e1cido glic\u00f3lico, al\u00e9m de hidratar a pele regularmente. Evitar o barbear frequente, utilizar l\u00e2minas de barbear afiadas e t\u00e9cnicas de barbear corretas tamb\u00e9m s\u00e3o essenciais.<\/p>\n\n\n\n<p>Em casos mais graves, um dermatologista pode recomendar tratamentos como laser para remo\u00e7\u00e3o de pelos ou medicamentos t\u00f3picos mais fortes.<\/p>\n\n\n\n<p>Aqui est\u00e3o algumas op\u00e7\u00f5es de tratamentos:<\/p>\n\n\n\n<ul class=\"wp-block-list\">\n<li>Cremes t\u00f3picos: Utiliza\u00e7\u00e3o de cremes com \u00e1cido salic\u00edlico, per\u00f3xido de benzo\u00edla ou \u00e1cido glic\u00f3lico para reduzir a inflama\u00e7\u00e3o e prevenir infec\u00e7\u00f5es.<\/li>\n\n\n\n<li>Hidrata\u00e7\u00e3o: Aplica\u00e7\u00e3o de hidratantes n\u00e3o-comedog\u00eanicos para manter a pele suave e facilitar o crescimento dos pelos.<\/li>\n\n\n\n<li>Esfolia\u00e7\u00e3o: Uso de esfoliantes suaves para remover c\u00e9lulas mortas da pele e liberar os pelos encravados.<\/li>\n\n\n\n<li>Laser: Tratamentos a laser para redu\u00e7\u00e3o de pelos, que podem oferecer uma solu\u00e7\u00e3o mais permanente.<\/li>\n\n\n\n<li>Barbear adequado: Altera\u00e7\u00e3o das t\u00e9cnicas de barbear, incluindo o uso de l\u00e2minas afiadas, barbear-se na dire\u00e7\u00e3o do crescimento dos pelos e evitar a tra\u00e7\u00e3o excessiva da pele.<\/li>\n\n\n\n<li>Medicamentos prescritos: Em casos graves, dermatologistas podem prescrever antibi\u00f3ticos t\u00f3picos ou orais para tratar infec\u00e7\u00f5es secund\u00e1rias, ou retin\u00f3ides t\u00f3picos para promover a renova\u00e7\u00e3o celular.<\/li>\n<\/ul>\n\n\n\n<h3 class=\"wp-block-heading\"><span class=\"ez-toc-section\" id=\"Tratamentos_caseiros\"><\/span>Tratamentos caseiros<span class=\"ez-toc-section-end\"><\/span><\/h3>\n\n\n\n<p>A pseudofoliculite, pode ser tratada com alguns m\u00e9todos caseiros simples. Primeiramente, \u00e9 importante esfoliar a pele regularmente para remover as c\u00e9lulas mortas e liberar os pelos encravados.&nbsp;<\/p>\n\n\n\n<p>Aplicar compressas quentes na \u00e1rea afetada ajuda a suavizar a pele e reduzir a inflama\u00e7\u00e3o, facilitando a libera\u00e7\u00e3o dos pelos. Al\u00e9m disso, usar lo\u00e7\u00f5es ou g\u00e9is \u00e0 base de aloe vera pode ajudar a acalmar a pele irritada.&nbsp;<\/p>\n\n\n\n<h3 class=\"wp-block-heading\"><span class=\"ez-toc-section\" id=\"Produtos_recomendados_para_tratar_pseudofoliculite\"><\/span>Produtos recomendados para tratar pseudofoliculite<span class=\"ez-toc-section-end\"><\/span><\/h3>\n\n\n\n<p>Existem v\u00e1rios produtos eficazes. G\u00e9is e lo\u00e7\u00f5es contendo \u00e1cido salic\u00edlico ou per\u00f3xido de benzo\u00edla s\u00e3o recomendados, pois ajudam a esfoliar a pele e prevenir a inflama\u00e7\u00e3o. Produtos com \u00e1cido glic\u00f3lico tamb\u00e9m s\u00e3o \u00fateis, promovendo a renova\u00e7\u00e3o celular e desobstruindo os poros.&nbsp;<\/p>\n\n\n\n<p>Hidratantes com aloe vera ou ch\u00e1 verde podem acalmar a pele irritada e reduzir a vermelhid\u00e3o. Al\u00e9m disso, cremes \u00e0 base de cortisona podem ser utilizados para aliviar a inflama\u00e7\u00e3o e a coceira, mas precisam sempre ser prescritos por um m\u00e9dico.&nbsp;<\/p>\n\n\n\n<h2 class=\"wp-block-heading\"><span class=\"ez-toc-section\" id=\"Procedimentos_medicos_laser_cremes_prescritos_etc\"><\/span>Procedimentos m\u00e9dicos (laser, cremes prescritos, etc.)<span class=\"ez-toc-section-end\"><\/span><\/h2>\n\n\n\n<hr>\n\n\n\n<p>Para tratar a pseudofoliculite de forma mais eficaz, procedimentos m\u00e9dicos podem ser necess\u00e1rios. A depila\u00e7\u00e3o a laser \u00e9 uma op\u00e7\u00e3o popular, pois remove os pelos de maneira permanente, reduzindo significativamente o risco de pelos encravados.&nbsp;<\/p>\n\n\n\n<p>Cremes prescritos contendo retin\u00f3ides s\u00e3o frequentemente recomendados para promover a renova\u00e7\u00e3o celular e prevenir a obstru\u00e7\u00e3o dos fol\u00edculos pilosos. Em casos mais graves, antibi\u00f3ticos t\u00f3picos ou orais podem ser indicados para combater infec\u00e7\u00f5es bacterianas associadas aos pelos encravados. Peelings qu\u00edmicos realizados por dermatologistas tamb\u00e9m podem ajudar a esfoliar a pele e tratar a condi\u00e7\u00e3o. \u00c9 importante consultar um dermatologista para determinar o tratamento mais adequado para cada caso.<\/p>\n\n\n\n<figure class=\"wp-block-image size-full has-custom-border not-show-desktop\"><a href=\"https:\/\/medleve.com\/?utm_term=omens&amp;utm_content=omens\"><img data-dominant-color=\"3c403f\" data-has-transparency=\"false\" decoding=\"async\" width=\"700\" height=\"400\" src=\"https:\/\/blog1.omens.com.br\/wp-content\/uploads\/2025\/10\/precisando-de-receita-medica-para-emagrecer-consiga-aqui.jpg\" alt=\"\" class=\"wp-image-28421 not-transparent\" style=\"--dominant-color: #3c403f; border-radius:15px\"\/><\/a><\/figure>\n\n\n\n<figure class=\"wp-block-image size-full has-custom-border not-show-mobile\"><a href=\"https:\/\/medleve.com\/?utm_term=omens&amp;utm_content=omens\"><img data-dominant-color=\"3f3f30\" data-has-transparency=\"false\" loading=\"lazy\" decoding=\"async\" width=\"700\" height=\"190\" src=\"https:\/\/blog1.omens.com.br\/wp-content\/uploads\/2025\/10\/precisando-de-receita-medica-para-emagrecer-com-canetas-e-aqui.jpg\" alt=\"\" class=\"wp-image-28422 not-transparent\" style=\"--dominant-color: #3f3f30; border-radius:15px\"\/><\/a><\/figure>\n\n\n\n<h2 class=\"wp-block-heading\"><span class=\"ez-toc-section\" id=\"Prevencao_da_pseudofoliculite_na_barba\"><\/span>Preven\u00e7\u00e3o da pseudofoliculite na barba<span class=\"ez-toc-section-end\"><\/span><\/h2>\n\n\n\n<hr>\n\n\n\n<p>Prevenir a pseudofoliculite da barba envolve adotar t\u00e9cnicas de barbear adequadas e cuidados di\u00e1rios espec\u00edficos. Utilizar l\u00e2minas de barbear afiadas e fazer a barba no sentido do crescimento dos pelos pode reduzir o risco de pelos encravados. Antes de barbear, \u00e9 recomend\u00e1vel lavar o rosto com \u00e1gua morna e usar um gel ou espuma de barbear para suavizar a pele. Ap\u00f3s o barbear, aplicar uma lo\u00e7\u00e3o p\u00f3s-barba calmante pode ajudar a evitar irrita\u00e7\u00f5es. Manter a barba limpa e hidratada diariamente com produtos espec\u00edficos, como \u00f3leos e condicionadores para barba, tamb\u00e9m \u00e9 essencial.&nbsp;<\/p>\n\n\n\n<p>Segundo <a href=\"https:\/\/www.uspharmacist.com\/article\/pseudofolliculitis-barbae-prevention-and-treatment\">estudos<\/a>, produtos contendo ingredientes como \u00e1cido salic\u00edlico ou \u00e1cido glic\u00f3lico podem ser utilizados regularmente para esfoliar a pele e prevenir a obstru\u00e7\u00e3o dos fol\u00edculos. Al\u00e9m disso, dar pausas entre os barbeares pode ajudar na preven\u00e7\u00e3o da pseudofoliculite.<\/p>\n\n\n\n<h2 class=\"wp-block-heading\"><span class=\"ez-toc-section\" id=\"Dicas_adicionais_como_lidar_com_pelos_encravados_na_barba\"><\/span>Dicas adicionais: como lidar com pelos encravados na barba<span class=\"ez-toc-section-end\"><\/span><\/h2>\n\n\n\n<hr>\n\n\n\n<p>Lidar com pelos encravados na barba requer alguns cuidados espec\u00edficos. Quando um pelo encravado \u00e9 identificado, \u00e9 importante n\u00e3o tentar esprem\u00ea-lo ou cutuc\u00e1-lo, pois isso pode agravar a inflama\u00e7\u00e3o. Para tratar pelos encravados inflamados, aplicar compressas quentes pode ajudar a abrir os poros e liberar o pelo. Caso o pelo n\u00e3o saia sozinho, usar uma pin\u00e7a esterilizada pode ser uma solu\u00e7\u00e3o, mas \u00e9 crucial faz\u00ea-lo com cuidado para evitar les\u00f5es.<\/p>\n\n\n\n<p>Produtos contendo \u00e1cido salic\u00edlico, per\u00f3xido de benzo\u00edla ou \u00e1cido glic\u00f3lico podem ser incorporados \u00e0 rotina di\u00e1ria para esfoliar a pele e prevenir novos encravamentos. Para minimizar o incha\u00e7o e a inflama\u00e7\u00e3o, cremes ingredientes calmantes como aloe vera s\u00e3o recomendados. Manter a pele limpa, bem hidratada e esfoliada regularmente s\u00e3o pr\u00e1ticas essenciais para evitar a pseudofoliculite.<\/p>\n\n\n<div class=\"amp-cta\">\n<p><span class=\"novo-cta-title\">Pelo encravado na barba? Pode ser pseudofoliculite!<\/span><\/p>\n<p><a href=\"https:\/\/omens.com.br\/dermatologista?utm_term=pseudofoliculite&#038;utm_content=blogSEO\" onclick=\"dataLayer.push({'event': 'marcar_consulta'});\" target=\"_self\" class=\"amp-cta-button falar-com-especialista\" data-wpel-link=\"internal\" rel=\"noopener\"> <span>Marcar Consulta Online<\/span> <\/a><\/p>\n<p class=\"novo-cta-subtitle\">Converse com um m\u00e9dico agora e comece o tratamento<\/p>\n<\/p><\/div>\n\n\n\n<h2 class=\"wp-block-heading\"><span class=\"ez-toc-section\" id=\"Conclusao\"><\/span>Conclus\u00e3o<span class=\"ez-toc-section-end\"><\/span><\/h2>\n\n\n\n<hr>\n\n\n\n<p>Cuidar da barba e prevenir a pseudofoliculite envolve mais do que apenas aparar e modelar os pelos. As melhores pr\u00e1ticas incluem manter a pele limpa e hidratada, usar l\u00e2minas de barbear de qualidade, adotar t\u00e9cnicas de barbear corretas e, sempre que poss\u00edvel, evitar raspar contra o crescimento dos pelos. Al\u00e9m disso, o uso de produtos espec\u00edficos, como esfoliantes suaves e lo\u00e7\u00f5es p\u00f3s-barba, pode ajudar a prevenir a inflama\u00e7\u00e3o e a irrita\u00e7\u00e3o.<\/p>\n\n\n\n<p>No entanto, o mais importante \u00e9 a consist\u00eancia. Manter uma rotina de cuidados regulares n\u00e3o s\u00f3 reduz o risco de pseudofoliculite, mas tamb\u00e9m promove uma barba mais saud\u00e1vel e uma pele mais bonita. Incentivamos voc\u00ea a dedicar alguns minutos do seu dia para seguir essas pr\u00e1ticas. Com paci\u00eancia e persist\u00eancia, voc\u00ea ver\u00e1 resultados significativos e se sentir\u00e1 mais confiante com sua apar\u00eancia.<\/p>\n","protected":false},"excerpt":{"rendered":"<p>Precisamos tratar a pseudofoliculite para n\u00e3o causar complica\u00e7\u00f5es indesejadas.<\/p>\n","protected":false},"author":16,"featured_media":27136,"comment_status":"open","ping_status":"open","sticky":false,"template":"","format":"standard","meta":{"footnotes":""},"categories":[232],"tags":[237],"class_list":["post-25373","post","type-post","status-publish","format-standard","has-post-thumbnail","hentry","category-pele","tag-escrito-por-tieny"],"yoast_head":"<!-- This site is optimized with the Yoast SEO plugin v27.5 - https:\/\/yoast.com\/product\/yoast-seo-wordpress\/ -->\n<title>Barba sem pseudofoliculite: trate e previna pelos encravados - Blog Omens<\/title>\n<meta name=\"description\" content=\"Guia completo para eliminar a pseudofoliculite da barba: conhe\u00e7a causas, sintomas, tratamentos caseiros e m\u00e9dicos, al\u00e9m de dicas de preven\u00e7\u00e3o.\" \/>\n<meta name=\"robots\" content=\"index, follow, max-snippet:-1, max-image-preview:large, max-video-preview:-1\" \/>\n<link rel=\"canonical\" href=\"https:\/\/omens.com.br\/blog\/pele\/pseudofoliculite-e-pelo-encravado\/\" \/>\n<meta property=\"og:locale\" content=\"pt_BR\" \/>\n<meta property=\"og:type\" content=\"article\" \/>\n<meta property=\"og:title\" content=\"Barba sem pseudofoliculite: trate e previna pelos encravados - Blog Omens\" \/>\n<meta property=\"og:description\" content=\"Guia completo para eliminar a pseudofoliculite da barba: conhe\u00e7a causas, sintomas, tratamentos caseiros e m\u00e9dicos, al\u00e9m de dicas de preven\u00e7\u00e3o.\" \/>\n<meta property=\"og:url\" content=\"https:\/\/omens.com.br\/blog\/pele\/pseudofoliculite-e-pelo-encravado\/\" \/>\n<meta property=\"og:site_name\" content=\"Blog Omens\" \/>\n<meta property=\"article:publisher\" content=\"https:\/\/www.facebook.com\/Omensbrasil\/\" \/>\n<meta property=\"article:published_time\" content=\"2024-08-07T16:18:00+00:00\" \/>\n<meta property=\"article:modified_time\" content=\"2025-11-23T21:35:56+00:00\" \/>\n<meta property=\"og:image\" content=\"https:\/\/blog1.omens.com.br\/wp-content\/uploads\/2024\/08\/Como-se-livrar-da-pseudofoliculite.webp\" \/>\n\t<meta property=\"og:image:width\" content=\"1000\" \/>\n\t<meta property=\"og:image:height\" content=\"350\" \/>\n\t<meta property=\"og:image:type\" content=\"image\/webp\" \/>\n<meta name=\"author\" content=\"Dra. Aline Erthal\" \/>\n<meta name=\"twitter:card\" content=\"summary_large_image\" \/>\n<meta name=\"twitter:creator\" content=\"@omensbr\" \/>\n<meta name=\"twitter:site\" content=\"@omensbr\" \/>\n<meta name=\"twitter:label1\" content=\"Escrito por\" \/>\n\t<meta name=\"twitter:data1\" content=\"Dra. Aline Erthal\" \/>\n\t<meta name=\"twitter:label2\" content=\"Est. tempo de leitura\" \/>\n\t<meta name=\"twitter:data2\" content=\"7 minutos\" \/>\n<!-- \/ Yoast SEO plugin. -->","yoast_head_json":{"title":"Barba sem pseudofoliculite: trate e previna pelos encravados - Blog Omens","description":"Guia completo para eliminar a pseudofoliculite da barba: conhe\u00e7a causas, sintomas, tratamentos caseiros e m\u00e9dicos, al\u00e9m de dicas de preven\u00e7\u00e3o.","robots":{"index":"index","follow":"follow","max-snippet":"max-snippet:-1","max-image-preview":"max-image-preview:large","max-video-preview":"max-video-preview:-1"},"canonical":"https:\/\/omens.com.br\/blog\/pele\/pseudofoliculite-e-pelo-encravado\/","og_locale":"pt_BR","og_type":"article","og_title":"Barba sem pseudofoliculite: trate e previna pelos encravados - Blog Omens","og_description":"Guia completo para eliminar a pseudofoliculite da barba: conhe\u00e7a causas, sintomas, tratamentos caseiros e m\u00e9dicos, al\u00e9m de dicas de preven\u00e7\u00e3o.","og_url":"https:\/\/omens.com.br\/blog\/pele\/pseudofoliculite-e-pelo-encravado\/","og_site_name":"Blog Omens","article_publisher":"https:\/\/www.facebook.com\/Omensbrasil\/","article_published_time":"2024-08-07T16:18:00+00:00","article_modified_time":"2025-11-23T21:35:56+00:00","og_image":[{"width":1000,"height":350,"url":"https:\/\/blog1.omens.com.br\/wp-content\/uploads\/2024\/08\/Como-se-livrar-da-pseudofoliculite.webp","type":"image\/webp"}],"author":"Dra. Aline Erthal","twitter_card":"summary_large_image","twitter_creator":"@omensbr","twitter_site":"@omensbr","twitter_misc":{"Escrito por":"Dra. Aline Erthal","Est. tempo de leitura":"7 minutos"},"schema":{"@context":"https:\/\/schema.org","@graph":[{"@type":"Article","@id":"https:\/\/omens.com.br\/blog\/pele\/pseudofoliculite-e-pelo-encravado\/#article","isPartOf":{"@id":"https:\/\/omens.com.br\/blog\/pele\/pseudofoliculite-e-pelo-encravado\/"},"author":{"name":"Dra. Aline Erthal","@id":"https:\/\/omens.com.br\/blog\/#\/schema\/person\/ed81fb12a1f57eec773711e3ad628acb"},"headline":"Como se livrar da pseudofoliculite","datePublished":"2024-08-07T16:18:00+00:00","dateModified":"2025-11-23T21:35:56+00:00","mainEntityOfPage":{"@id":"https:\/\/omens.com.br\/blog\/pele\/pseudofoliculite-e-pelo-encravado\/"},"wordCount":1353,"commentCount":0,"publisher":{"@id":"https:\/\/omens.com.br\/blog\/#organization"},"image":{"@id":"https:\/\/omens.com.br\/blog\/pele\/pseudofoliculite-e-pelo-encravado\/#primaryimage"},"thumbnailUrl":"https:\/\/blog1.omens.com.br\/wp-content\/uploads\/2024\/08\/Como-se-livrar-da-pseudofoliculite.webp","keywords":["escrito por Tieny"],"articleSection":["Pele"],"inLanguage":"pt-BR","potentialAction":[{"@type":"CommentAction","name":"Comment","target":["https:\/\/omens.com.br\/blog\/pele\/pseudofoliculite-e-pelo-encravado\/#respond"]}]},{"@type":"WebPage","@id":"https:\/\/omens.com.br\/blog\/pele\/pseudofoliculite-e-pelo-encravado\/","url":"https:\/\/omens.com.br\/blog\/pele\/pseudofoliculite-e-pelo-encravado\/","name":"Barba sem pseudofoliculite: trate e previna pelos encravados - Blog Omens","isPartOf":{"@id":"https:\/\/omens.com.br\/blog\/#website"},"primaryImageOfPage":{"@id":"https:\/\/omens.com.br\/blog\/pele\/pseudofoliculite-e-pelo-encravado\/#primaryimage"},"image":{"@id":"https:\/\/omens.com.br\/blog\/pele\/pseudofoliculite-e-pelo-encravado\/#primaryimage"},"thumbnailUrl":"https:\/\/blog1.omens.com.br\/wp-content\/uploads\/2024\/08\/Como-se-livrar-da-pseudofoliculite.webp","datePublished":"2024-08-07T16:18:00+00:00","dateModified":"2025-11-23T21:35:56+00:00","description":"Guia completo para eliminar a pseudofoliculite da barba: conhe\u00e7a causas, sintomas, tratamentos caseiros e m\u00e9dicos, al\u00e9m de dicas de preven\u00e7\u00e3o.","breadcrumb":{"@id":"https:\/\/omens.com.br\/blog\/pele\/pseudofoliculite-e-pelo-encravado\/#breadcrumb"},"inLanguage":"pt-BR","potentialAction":[{"@type":"ReadAction","target":["https:\/\/omens.com.br\/blog\/pele\/pseudofoliculite-e-pelo-encravado\/"]}]},{"@type":"ImageObject","inLanguage":"pt-BR","@id":"https:\/\/omens.com.br\/blog\/pele\/pseudofoliculite-e-pelo-encravado\/#primaryimage","url":"https:\/\/blog1.omens.com.br\/wp-content\/uploads\/2024\/08\/Como-se-livrar-da-pseudofoliculite.webp","contentUrl":"https:\/\/blog1.omens.com.br\/wp-content\/uploads\/2024\/08\/Como-se-livrar-da-pseudofoliculite.webp","width":1000,"height":350,"caption":"bolinhas brancas na m\u00e3o que lembram pseudofoliculite apesar do fen\u00f4meno ocorrer na barba"},{"@type":"BreadcrumbList","@id":"https:\/\/omens.com.br\/blog\/pele\/pseudofoliculite-e-pelo-encravado\/#breadcrumb","itemListElement":[{"@type":"ListItem","position":1,"name":"BLOG OMENS","item":"https:\/\/omens.com.br\/blog\/"},{"@type":"ListItem","position":2,"name":"Pele","item":"https:\/\/omens.com.br\/blog\/https:\/omens.com.br\/blog\/pele\/pele\/"},{"@type":"ListItem","position":3,"name":"Como se livrar da pseudofoliculite"}]},{"@type":"WebSite","@id":"https:\/\/omens.com.br\/blog\/#website","url":"https:\/\/omens.com.br\/blog\/","name":"Blog Omens","description":"A Omens \u00e9 uma plataforma de intermedia\u00e7\u00e3o de sa\u00fade dedicada ao homem. Ela re\u00fane especialistas brasileiros, urologistas e farmac\u00eauticos para construir uma solu\u00e7\u00e3o de qualidade, segura e acess\u00edvel para todos.","publisher":{"@id":"https:\/\/omens.com.br\/blog\/#organization"},"potentialAction":[{"@type":"SearchAction","target":{"@type":"EntryPoint","urlTemplate":"https:\/\/omens.com.br\/blog\/?s={search_term_string}"},"query-input":{"@type":"PropertyValueSpecification","valueRequired":true,"valueName":"search_term_string"}}],"inLanguage":"pt-BR"},{"@type":"Organization","@id":"https:\/\/omens.com.br\/blog\/#organization","name":"Omens","url":"https:\/\/omens.com.br\/blog\/","logo":{"@type":"ImageObject","inLanguage":"pt-BR","@id":"https:\/\/omens.com.br\/blog\/#\/schema\/logo\/image\/","url":"https:\/\/blog1.omens.com.br\/wp-content\/uploads\/2024\/06\/logo-omens-blog-wide.png","contentUrl":"https:\/\/blog1.omens.com.br\/wp-content\/uploads\/2024\/06\/logo-omens-blog-wide.png","width":200,"height":73,"caption":"Omens"},"image":{"@id":"https:\/\/omens.com.br\/blog\/#\/schema\/logo\/image\/"},"sameAs":["https:\/\/www.facebook.com\/Omensbrasil\/","https:\/\/x.com\/omensbr"]},{"@type":"Person","@id":"https:\/\/omens.com.br\/blog\/#\/schema\/person\/ed81fb12a1f57eec773711e3ad628acb","name":"Dra. Aline Erthal","sameAs":["https:\/\/omens.com.br\/author\/dra-aline-erthal\/","https:\/\/instagram.com\/erthalaline\/"]}]}},"_links":{"self":[{"href":"https:\/\/omens.com.br\/blog\/wp-json\/wp\/v2\/posts\/25373","targetHints":{"allow":["GET"]}}],"collection":[{"href":"https:\/\/omens.com.br\/blog\/wp-json\/wp\/v2\/posts"}],"about":[{"href":"https:\/\/omens.com.br\/blog\/wp-json\/wp\/v2\/types\/post"}],"author":[{"embeddable":true,"href":"https:\/\/omens.com.br\/blog\/wp-json\/wp\/v2\/users\/16"}],"replies":[{"embeddable":true,"href":"https:\/\/omens.com.br\/blog\/wp-json\/wp\/v2\/comments?post=25373"}],"version-history":[{"count":7,"href":"https:\/\/omens.com.br\/blog\/wp-json\/wp\/v2\/posts\/25373\/revisions"}],"predecessor-version":[{"id":28606,"href":"https:\/\/omens.com.br\/blog\/wp-json\/wp\/v2\/posts\/25373\/revisions\/28606"}],"wp:featuredmedia":[{"embeddable":true,"href":"https:\/\/omens.com.br\/blog\/wp-json\/wp\/v2\/media\/27136"}],"wp:attachment":[{"href":"https:\/\/omens.com.br\/blog\/wp-json\/wp\/v2\/media?parent=25373"}],"wp:term":[{"taxonomy":"category","embeddable":true,"href":"https:\/\/omens.com.br\/blog\/wp-json\/wp\/v2\/categories?post=25373"},{"taxonomy":"post_tag","embeddable":true,"href":"https:\/\/omens.com.br\/blog\/wp-json\/wp\/v2\/tags?post=25373"}],"curies":[{"name":"wp","href":"https:\/\/api.w.org\/{rel}","templated":true}]}}