{"id":25071,"date":"2024-06-11T13:56:00","date_gmt":"2024-06-11T16:56:00","guid":{"rendered":"https:\/\/blog1.omens.com.br\/?p=25071"},"modified":"2025-11-23T18:46:06","modified_gmt":"2025-11-23T21:46:06","slug":"tratamento-para-foliculite-capilar","status":"publish","type":"post","link":"https:\/\/omens.com.br\/blog\/cabelo\/tratamento-para-foliculite-capilar\/","title":{"rendered":"Quais os tratamentos para a foliculite capilar?"},"content":{"rendered":"\n<div style=\"height:20px\" aria-hidden=\"true\" class=\"wp-block-spacer\"><\/div>\n\n\n\n<p>Foliculite \u00e9 uma doen\u00e7a inflamat\u00f3ria comum da pele que afeta seus fol\u00edculos pilosos. Geralmente causada por uma infec\u00e7\u00e3o f\u00fangica ou bacteriana.&nbsp;<\/p>\n\n\n\n<p>\u00c9 aquela hist\u00f3ria: les\u00f5es semelhantes a&nbsp; espinhas bem pequenas, que co\u00e7am bastante, principalmente na regi\u00e3o da testa e da nuca. Elas podem surgir isoladamente ou atingir \u00e1reas extensas, que podem ficar doloridas e formar casquinhas.<\/p>\n\n\n\n<p>O couro cabeludo afetado por foliculite deve ser lavado com um shampoo neutro suave diariamente. Em alguns casos, xampus anticaspa contendo antif\u00fangicos como cetoconazol ou ciclopirox podem ser \u00fateis. O condicionador pode ser usado se desejar, mas <strong>apenas no comprimento dos fios<\/strong>.<\/p>\n\n\n\n<p>A preven\u00e7\u00e3o \u00e9 o melhor tratamento, e a Omens vai te ensinar como prevenir e como tratar, vem com a gente!<\/p>\n\n\n\n<div style=\"height:20px\" aria-hidden=\"true\" class=\"wp-block-spacer\"><\/div>\n\n\n\n<div id=\"ez-toc-container\" class=\"ez-toc-v2_0_74 counter-hierarchy ez-toc-counter ez-toc-custom ez-toc-container-direction\">\n<p class=\"ez-toc-title\" style=\"cursor:inherit\">\u00cdndice<\/p>\n<label for=\"ez-toc-cssicon-toggle-item-69f774644c559\" class=\"ez-toc-cssicon-toggle-label\"><span class=\"\"><span class=\"eztoc-hide\" style=\"display:none;\">Toggle<\/span><span class=\"ez-toc-icon-toggle-span\"><svg style=\"fill: #171712;color:#171712\" xmlns=\"http:\/\/www.w3.org\/2000\/svg\" class=\"list-377408\" width=\"20px\" height=\"20px\" viewBox=\"0 0 24 24\" fill=\"none\"><path d=\"M6 6H4v2h2V6zm14 0H8v2h12V6zM4 11h2v2H4v-2zm16 0H8v2h12v-2zM4 16h2v2H4v-2zm16 0H8v2h12v-2z\" fill=\"currentColor\"><\/path><\/svg><svg style=\"fill: #171712;color:#171712\" class=\"arrow-unsorted-368013\" xmlns=\"http:\/\/www.w3.org\/2000\/svg\" width=\"10px\" height=\"10px\" viewBox=\"0 0 24 24\" version=\"1.2\" baseProfile=\"tiny\"><path d=\"M18.2 9.3l-6.2-6.3-6.2 6.3c-.2.2-.3.4-.3.7s.1.5.3.7c.2.2.4.3.7.3h11c.3 0 .5-.1.7-.3.2-.2.3-.5.3-.7s-.1-.5-.3-.7zM5.8 14.7l6.2 6.3 6.2-6.3c.2-.2.3-.5.3-.7s-.1-.5-.3-.7c-.2-.2-.4-.3-.7-.3h-11c-.3 0-.5.1-.7.3-.2.2-.3.5-.3.7s.1.5.3.7z\"\/><\/svg><\/span><\/span><\/label><input type=\"checkbox\"  id=\"ez-toc-cssicon-toggle-item-69f774644c559\"  aria-label=\"Alternar\" \/><nav><ul class='ez-toc-list ez-toc-list-level-1 ' ><li class='ez-toc-page-1 ez-toc-heading-level-2'><a class=\"ez-toc-link ez-toc-heading-1\" href=\"https:\/\/omens.com.br\/blog\/cabelo\/tratamento-para-foliculite-capilar\/#Foliculite_capilar_tem_cura\" >Foliculite capilar tem cura?<\/a><\/li><li class='ez-toc-page-1 ez-toc-heading-level-2'><a class=\"ez-toc-link ez-toc-heading-2\" href=\"https:\/\/omens.com.br\/blog\/cabelo\/tratamento-para-foliculite-capilar\/#Como_tratar_a_foliculite_capilar\" >Como tratar a foliculite capilar<\/a><ul class='ez-toc-list-level-3' ><li class='ez-toc-heading-level-3'><a class=\"ez-toc-link ez-toc-heading-3\" href=\"https:\/\/omens.com.br\/blog\/cabelo\/tratamento-para-foliculite-capilar\/#Foliculite_bacteriana\" >Foliculite bacteriana<\/a><\/li><\/ul><\/li><li class='ez-toc-page-1 ez-toc-heading-level-2'><a class=\"ez-toc-link ez-toc-heading-4\" href=\"https:\/\/omens.com.br\/blog\/cabelo\/tratamento-para-foliculite-capilar\/#Remedio_ou_tratamento_caseiro\" >Rem\u00e9dio ou tratamento caseiro?<\/a><\/li><li class='ez-toc-page-1 ez-toc-heading-level-2'><a class=\"ez-toc-link ez-toc-heading-5\" href=\"https:\/\/omens.com.br\/blog\/cabelo\/tratamento-para-foliculite-capilar\/#A_foliculite_capilar_pode_causar_queda_de_cabelo\" >A foliculite capilar pode causar queda de cabelo?<\/a><\/li><li class='ez-toc-page-1 ez-toc-heading-level-2'><a class=\"ez-toc-link ez-toc-heading-6\" href=\"https:\/\/omens.com.br\/blog\/cabelo\/tratamento-para-foliculite-capilar\/#Conclusao\" >Conclus\u00e3o<\/a><\/li><\/ul><\/nav><\/div>\n<h2 class=\"wp-block-heading\"><span class=\"ez-toc-section\" id=\"Foliculite_capilar_tem_cura\"><\/span>Foliculite capilar tem cura?<span class=\"ez-toc-section-end\"><\/span><\/h2>\n\n\n\n<hr>\n\n\n\n<p>A foliculite \u00e9 um dos problemas mais comum do que voc\u00ea imagina. Mas n\u00e3o se preocupe, porque <a href=\"https:\/\/www.ncbi.nlm.nih.gov\/books\/NBK547754\/\">na maioria dos casos<\/a> ela desaparece sem tratamento. Mas casos mais graves e recorrentes podem resultar em perda permanente dos fios e forma\u00e7\u00e3o de cicatrizes no couro cabeludo, exigindo aten\u00e7\u00e3o e tratamento espec\u00edficos.<\/p>\n\n\n\n<figure class=\"wp-block-image size-full has-custom-border not-show-desktop\"><a href=\"https:\/\/medleve.com\/?utm_term=omens&amp;utm_content=omens\"><img data-dominant-color=\"69564a\" data-has-transparency=\"false\" fetchpriority=\"high\" decoding=\"async\" width=\"700\" height=\"500\" src=\"https:\/\/blog1.omens.com.br\/wp-content\/uploads\/2025\/10\/a-receita-medica-para-caneta-emagrecedore-69-reais.jpg\" alt=\"\" class=\"wp-image-28424 not-transparent\" style=\"--dominant-color: #69564a; border-radius:15px\" srcset=\"https:\/\/blog1.omens.com.br\/wp-content\/uploads\/2025\/10\/a-receita-medica-para-caneta-emagrecedore-69-reais.jpg 700w, https:\/\/blog1.omens.com.br\/wp-content\/uploads\/2025\/10\/a-receita-medica-para-caneta-emagrecedore-69-reais-560x400.jpg 560w\" sizes=\"(max-width: 700px) 100vw, 700px\" \/><\/a><\/figure>\n\n\n\n<figure class=\"wp-block-image size-full has-custom-border not-show-mobile\"><a href=\"https:\/\/medleve.com\/?utm_term=omens&amp;utm_content=omens\"><img data-dominant-color=\"e2ce5e\" data-has-transparency=\"false\" decoding=\"async\" width=\"700\" height=\"190\" src=\"https:\/\/blog1.omens.com.br\/wp-content\/uploads\/2025\/10\/receita-medica-para-caneta-emagrecedora-so-69-reais.jpg\" alt=\"\" class=\"wp-image-28426 not-transparent\" style=\"--dominant-color: #e2ce5e; border-radius:15px\"\/><\/a><\/figure>\n\n\n\n<h2 class=\"wp-block-heading\"><span class=\"ez-toc-section\" id=\"Como_tratar_a_foliculite_capilar\"><\/span>Como tratar a foliculite capilar<span class=\"ez-toc-section-end\"><\/span><\/h2>\n\n\n\n<hr>\n\n\n\n<p>E se ela resolver dar as caras por mais tempo? N\u00e3o tem problema! Tem v\u00e1rios tratamentos que funcionam super bem, como usar shampoos antibacterianos ou anti-inflamat\u00f3rios. E se a coisa for mais s\u00e9ria, o m\u00e9dico pode at\u00e9 receitar um antibi\u00f3tico oral.&nbsp;<\/p>\n\n\n\n<p>Diversas causas exigem diversos tratamentos diferentes, por exemplo a foliculite bacteriana \u00e9 tratada com antibi\u00f3ticos orais ou t\u00f3picos, a foliculite f\u00fangica \u00e9 tratada com cremes, lo\u00e7\u00f5es ou shampoos antif\u00fangicos, ou at\u00e9 mesmo contendo sulfeto de sel\u00eanio.<\/p>\n\n\n\n<p>Mas no caso da foliculite a preven\u00e7\u00e3o \u00e9 o melhor tratamento, a boa not\u00edcia \u00e9 que d\u00e1 para evit\u00e1-la! Seguem algumas dicas:<\/p>\n\n\n\n<ul class=\"wp-block-list\">\n<li>Mantenha o couro cabeludo limpo: principalmente em \u00e9pocas quentes e \u00famidas.<\/li>\n\n\n\n<li>Deixe o bon\u00e9 de lado: evite usar chap\u00e9us por muito tempo, principalmente em ambientes quentes.&nbsp;<\/li>\n\n\n\n<li>Trate outras condi\u00e7\u00f5es do couro cabeludo: se voc\u00ea tem caspa, dermatite seborreica, eczema ou <a href=\"https:\/\/omens.com.br\/blog\/pele\/peroxido-de-benzoila\/\" target=\"_blank\" rel=\"noreferrer noopener\">acne no couro cabeludo<\/a>, trate esses problemas adequadamente, pois eles podem piorar a foliculite.<\/li>\n\n\n\n<li>Higiene \u00e9 fundamental: se voc\u00ea raspa a cabe\u00e7a, certifique-se de que os instrumentos estejam sempre limpos; lave bem as m\u00e3os e use produtos adequados para o seu tipo de pele.&nbsp;<\/li>\n\n\n\n<li>Cada um com o seu: evite compartilhar chap\u00e9us e outros acess\u00f3rios de cabe\u00e7a com outras pessoas.<\/li>\n\n\n\n<li>Transplante capilar? Siga as instru\u00e7\u00f5es! Se voc\u00ea fez um transplante capilar, siga \u00e0 risca todas as recomenda\u00e7\u00f5es p\u00f3s-operat\u00f3rias fornecidas pelo cirurgi\u00e3o.<\/li>\n<\/ul>\n\n\n\n<p>Seguindo essas dicas, voc\u00ea diminui bastante as chances de desenvolver foliculite no couro cabeludo. Lembre-se, sempre que tiver d\u00favidas, consulte um dermatologista!<\/p>\n\n\n\n<h3 class=\"wp-block-heading\"><span class=\"ez-toc-section\" id=\"Foliculite_bacteriana\"><\/span>Foliculite bacteriana<span class=\"ez-toc-section-end\"><\/span><\/h3>\n\n\n\n<p>Este \u00e9 o tipo mais comum de foliculite. Sinais e sintomas incluem erup\u00e7\u00e3o cut\u00e2nea com coceira e protuber\u00e2ncias cheias de pus. A foliculite bacteriana geralmente ocorre devido a uma infec\u00e7\u00e3o causada por um tipo de bact\u00e9ria estafiloc\u00f3cica chamada Staphylococcus aureus. Essas bact\u00e9rias s\u00e3o consideradas &#8220;residentes&#8221; normais da flora da pele e geralmente inofensivas at\u00e9 entrarem no corpo atrav\u00e9s de cortes ou feridas abertas.<\/p>\n\n\n\n<p>Casos simples de foliculite bacteriana podem melhorar por conta pr\u00f3pria com medidas de autocuidado, como boa higiene da pele, compressa morna, lo\u00e7\u00e3o hidratante e medicamentos de venda livre para aliviar a dor. Casos mais intensos podem necessitar de tratamento t\u00f3pico com antibi\u00f3ticos, por exemplo, com mupirocina ou clindamicina. Foliculite profunda (fur\u00fanculos ou carb\u00fanculos) pode exigir tratamento com antibi\u00f3ticos orais, como dicloxacilina ou cefalexina.<\/p>\n\n\n<div class=\"amp-cta\">\n<p><span class=\"novo-cta-title\">Comece a cuidar da sa\u00fade do seu couro cabeludo agora<\/span><\/p>\n<p><a href=\"https:\/\/omens.com.br\/?utm_term=folicapilar&#038;utm_content=blogSEO\" onclick=\"dataLayer.push({'event': 'marcar_consulta'});\" target=\"_self\" class=\"amp-cta-button falar-com-especialista\" data-wpel-link=\"internal\" rel=\"noopener\"> <span>Falar com um Especialista<\/span> <\/a><\/p>\n<p><p class=\"novo-cta-subtitle\">Livre-se da Foliculite Capilar com tratamento especializado<\/p>\n<\/p><\/div>\n\n\n\n<h2 class=\"wp-block-heading\"><span class=\"ez-toc-section\" id=\"Remedio_ou_tratamento_caseiro\"><\/span>Rem\u00e9dio ou tratamento caseiro?<span class=\"ez-toc-section-end\"><\/span><\/h2>\n\n\n\n<hr>\n\n\n\n<p>Em casos de foliculite superficial, e apenas nesses casos, os <a href=\"https:\/\/omens.com.br\/blog\/pele\/foliculite-tratamento-caseiro\/\" target=\"_blank\" rel=\"noreferrer noopener\">tratamentos caseiros<\/a> podem auxiliar a aliviar a coceira e inflama\u00e7\u00e3o.<\/p>\n\n\n\n<p>Se a foliculite do couro cabeludo estiver localizada ao longo da linha do cabelo, \u00e9 indicado lavar a \u00e1rea afetada com \u00e1gua morna e sabonete neutro duas vezes ao dia, ou at\u00e9 mesmo um sabonete antibacteriano.&nbsp;<\/p>\n\n\n\n<p>Lavar o couro cabeludo com um shampoo anticaspa que contenha agentes antif\u00fangicos, como cetoconazol, ciclopirox ou \u00f3leo essencial como \u00f3leo da \u00e1rvore do ch\u00e1, tamb\u00e9m pode ser \u00fatil.<\/p>\n\n\n\n<p>Aplicar uma compressa morna ou um pano quente e \u00famido no couro cabeludo algumas vezes ao dia pode ajudar a aliviar a regi\u00e3o e drenar qualquer pus.<\/p>\n\n\n\n<p>Uma vez que o problema tenha sido resolvido, \u00e9 importante n\u00e3o abdicar dos cuidados e da higiene adequada do couro cabeludo. Lave o couro cabeludo regularmente para evitar o ac\u00famulo de produtos e \u00f3leos capilares que podem obstruir ou irritar os fol\u00edculos pilosos.<\/p>\n\n\n\n<h2 class=\"wp-block-heading\"><span class=\"ez-toc-section\" id=\"A_foliculite_capilar_pode_causar_queda_de_cabelo\"><\/span>A foliculite capilar pode causar queda de cabelo?<span class=\"ez-toc-section-end\"><\/span><\/h2>\n\n\n\n<hr>\n\n\n\n<p>Na maioria dos casos, a foliculite n\u00e3o causa queda de cabelo.&nbsp; Isso acontece apenas em quadros bastante espec\u00edficos, em que a inflama\u00e7\u00e3o cont\u00ednua leva \u00e0 forma\u00e7\u00e3o de cicatrizes onde deveria nascer cabelo.&nbsp;<\/p>\n\n\n\n<p>Aqui ficam alguns sinais de alerta que est\u00e3o presentes nesses casos:<\/p>\n\n\n\n<ul class=\"wp-block-list\">\n<li>Se os carocinhos virarem feridas e come\u00e7arem a drenar pus, pode ser que a infec\u00e7\u00e3o tenha se aprofundado e pode deixar cicatrizes. A\u00ed sim, o cabelo pode n\u00e3o crescer mais nesse local.<\/li>\n\n\n\n<li>Se voc\u00ea tem foliculite decalvante, um tipo espec\u00edfico da doen\u00e7a, a inflama\u00e7\u00e3o pode levar \u00e0 cicatriza\u00e7\u00e3o e queda de cabelo. Mas n\u00e3o se desespere! O tratamento precoce pode ajudar a controlar a inflama\u00e7\u00e3o e minimizar os danos..<\/li>\n\n\n\n<li>Se voc\u00ea fez transplante capilar recentemente, fique atento \u00e0 foliculite. Ela pode acontecer se voc\u00ea n\u00e3o cuidar direitinho do couro cabeludo e interferir no resultado da cirurgia.<\/li>\n<\/ul>\n\n\n\n<figure class=\"wp-block-image size-full has-custom-border not-show-desktop\"><a href=\"https:\/\/medleve.com\/?utm_term=omens&amp;utm_content=omens\"><img data-dominant-color=\"3c403f\" data-has-transparency=\"false\" decoding=\"async\" width=\"700\" height=\"400\" src=\"https:\/\/blog1.omens.com.br\/wp-content\/uploads\/2025\/10\/precisando-de-receita-medica-para-emagrecer-consiga-aqui.jpg\" alt=\"\" class=\"wp-image-28421 not-transparent\" style=\"--dominant-color: #3c403f; border-radius:15px\"\/><\/a><\/figure>\n\n\n\n<figure class=\"wp-block-image size-full has-custom-border not-show-mobile\"><a href=\"https:\/\/medleve.com\/?utm_term=omens&amp;utm_content=omens\"><img data-dominant-color=\"3f3f30\" data-has-transparency=\"false\" loading=\"lazy\" decoding=\"async\" width=\"700\" height=\"190\" src=\"https:\/\/blog1.omens.com.br\/wp-content\/uploads\/2025\/10\/precisando-de-receita-medica-para-emagrecer-com-canetas-e-aqui.jpg\" alt=\"\" class=\"wp-image-28422 not-transparent\" style=\"--dominant-color: #3f3f30; border-radius:15px\"\/><\/a><\/figure>\n\n\n\n<h2 class=\"wp-block-heading\"><span class=\"ez-toc-section\" id=\"Conclusao\"><\/span>Conclus\u00e3o<span class=\"ez-toc-section-end\"><\/span><\/h2>\n\n\n\n<hr>\n\n\n\n<p>A foliculite capilar \u00e9 uma condi\u00e7\u00e3o comum, geralmente causada por infec\u00e7\u00f5es f\u00fangicas ou bacterianas nos fol\u00edculos pilosos. Felizmente, existem diversos tratamentos dispon\u00edveis, desde cuidados simples em casa at\u00e9 medicamentos prescritos pelo m\u00e9dico. Manter o couro cabeludo limpo, evitar o uso prolongado de chap\u00e9us, tratar outras condi\u00e7\u00f5es do couro cabeludo e seguir cuidados espec\u00edficos p\u00f3s-transplante capilar s\u00e3o medidas preventivas importantes. Embora a foliculite geralmente n\u00e3o cause queda de cabelo, em casos mais graves ou espec\u00edficos, pode ser necess\u00e1rio procurar orienta\u00e7\u00e3o m\u00e9dica para evitar complica\u00e7\u00f5es. Lembre-se sempre de consultar um dermatologista para obter o diagn\u00f3stico e tratamento adequados. Com as medidas certas, \u00e9 poss\u00edvel controlar e prevenir a foliculite capilar, garantindo um couro cabeludo saud\u00e1vel e cabelos bonitos.<\/p>\n","protected":false},"excerpt":{"rendered":"<p>Foliculite \u00e9 uma doen\u00e7a inflamat\u00f3ria comum da pele que afeta seus fol\u00edculos pilosos. Geralmente causada por uma infec\u00e7\u00e3o f\u00fangica ou bacteriana.&nbsp; \u00c9 aquela hist\u00f3ria: les\u00f5es semelhantes a&nbsp; espinhas bem pequenas, que co\u00e7am bastante, principalmente na regi\u00e3o da testa e da nuca. Elas podem surgir isoladamente ou atingir \u00e1reas extensas, que podem ficar doloridas e formar [&hellip;]<\/p>\n","protected":false},"author":16,"featured_media":0,"comment_status":"open","ping_status":"open","sticky":false,"template":"","format":"standard","meta":{"footnotes":""},"categories":[231],"tags":[237],"class_list":["post-25071","post","type-post","status-publish","format-standard","hentry","category-cabelo","tag-escrito-por-tieny"],"yoast_head":"<!-- This site is optimized with the Yoast SEO plugin v27.5 - https:\/\/yoast.com\/product\/yoast-seo-wordpress\/ -->\n<title>Qual o melhor tratamento para foliculite capilar? - Blog Omens<\/title>\n<meta name=\"description\" content=\"Pomada, shampoo, sabonete ou antibi\u00f3tico? A preven\u00e7\u00e3o \u00e9 o melhor tratamento, mas a Omens vai te ensinar tamb\u00e9m como tratar.\" \/>\n<meta name=\"robots\" content=\"index, follow, max-snippet:-1, max-image-preview:large, max-video-preview:-1\" \/>\n<link rel=\"canonical\" href=\"https:\/\/omens.com.br\/blog\/cabelo\/tratamento-para-foliculite-capilar\/\" \/>\n<meta property=\"og:locale\" content=\"pt_BR\" \/>\n<meta property=\"og:type\" content=\"article\" \/>\n<meta property=\"og:title\" content=\"Qual o melhor tratamento para foliculite capilar? - Blog Omens\" \/>\n<meta property=\"og:description\" content=\"Pomada, shampoo, sabonete ou antibi\u00f3tico? A preven\u00e7\u00e3o \u00e9 o melhor tratamento, mas a Omens vai te ensinar tamb\u00e9m como tratar.\" \/>\n<meta property=\"og:url\" content=\"https:\/\/omens.com.br\/blog\/cabelo\/tratamento-para-foliculite-capilar\/\" \/>\n<meta property=\"og:site_name\" content=\"Blog Omens\" \/>\n<meta property=\"article:publisher\" content=\"https:\/\/www.facebook.com\/Omensbrasil\/\" \/>\n<meta property=\"article:published_time\" content=\"2024-06-11T16:56:00+00:00\" \/>\n<meta property=\"article:modified_time\" content=\"2025-11-23T21:46:06+00:00\" \/>\n<meta name=\"author\" content=\"Dra. Aline Erthal\" \/>\n<meta name=\"twitter:card\" content=\"summary_large_image\" \/>\n<meta name=\"twitter:creator\" content=\"@omensbr\" \/>\n<meta name=\"twitter:site\" content=\"@omensbr\" \/>\n<meta name=\"twitter:label1\" content=\"Escrito por\" \/>\n\t<meta name=\"twitter:data1\" content=\"Dra. Aline Erthal\" \/>\n\t<meta name=\"twitter:label2\" content=\"Est. tempo de leitura\" \/>\n\t<meta name=\"twitter:data2\" content=\"5 minutos\" \/>\n<!-- \/ Yoast SEO plugin. -->","yoast_head_json":{"title":"Qual o melhor tratamento para foliculite capilar? - Blog Omens","description":"Pomada, shampoo, sabonete ou antibi\u00f3tico? A preven\u00e7\u00e3o \u00e9 o melhor tratamento, mas a Omens vai te ensinar tamb\u00e9m como tratar.","robots":{"index":"index","follow":"follow","max-snippet":"max-snippet:-1","max-image-preview":"max-image-preview:large","max-video-preview":"max-video-preview:-1"},"canonical":"https:\/\/omens.com.br\/blog\/cabelo\/tratamento-para-foliculite-capilar\/","og_locale":"pt_BR","og_type":"article","og_title":"Qual o melhor tratamento para foliculite capilar? - Blog Omens","og_description":"Pomada, shampoo, sabonete ou antibi\u00f3tico? A preven\u00e7\u00e3o \u00e9 o melhor tratamento, mas a Omens vai te ensinar tamb\u00e9m como tratar.","og_url":"https:\/\/omens.com.br\/blog\/cabelo\/tratamento-para-foliculite-capilar\/","og_site_name":"Blog Omens","article_publisher":"https:\/\/www.facebook.com\/Omensbrasil\/","article_published_time":"2024-06-11T16:56:00+00:00","article_modified_time":"2025-11-23T21:46:06+00:00","author":"Dra. Aline Erthal","twitter_card":"summary_large_image","twitter_creator":"@omensbr","twitter_site":"@omensbr","twitter_misc":{"Escrito por":"Dra. Aline Erthal","Est. tempo de leitura":"5 minutos"},"schema":{"@context":"https:\/\/schema.org","@graph":[{"@type":"Article","@id":"https:\/\/omens.com.br\/blog\/cabelo\/tratamento-para-foliculite-capilar\/#article","isPartOf":{"@id":"https:\/\/omens.com.br\/blog\/cabelo\/tratamento-para-foliculite-capilar\/"},"author":{"name":"Dra. Aline Erthal","@id":"https:\/\/omens.com.br\/blog\/#\/schema\/person\/ed81fb12a1f57eec773711e3ad628acb"},"headline":"Quais os tratamentos para a foliculite capilar?","datePublished":"2024-06-11T16:56:00+00:00","dateModified":"2025-11-23T21:46:06+00:00","mainEntityOfPage":{"@id":"https:\/\/omens.com.br\/blog\/cabelo\/tratamento-para-foliculite-capilar\/"},"wordCount":1093,"commentCount":0,"publisher":{"@id":"https:\/\/omens.com.br\/blog\/#organization"},"keywords":["escrito por Tieny"],"articleSection":["Cabelo"],"inLanguage":"pt-BR","potentialAction":[{"@type":"CommentAction","name":"Comment","target":["https:\/\/omens.com.br\/blog\/cabelo\/tratamento-para-foliculite-capilar\/#respond"]}]},{"@type":"WebPage","@id":"https:\/\/omens.com.br\/blog\/cabelo\/tratamento-para-foliculite-capilar\/","url":"https:\/\/omens.com.br\/blog\/cabelo\/tratamento-para-foliculite-capilar\/","name":"Qual o melhor tratamento para foliculite capilar? - Blog Omens","isPartOf":{"@id":"https:\/\/omens.com.br\/blog\/#website"},"datePublished":"2024-06-11T16:56:00+00:00","dateModified":"2025-11-23T21:46:06+00:00","description":"Pomada, shampoo, sabonete ou antibi\u00f3tico? A preven\u00e7\u00e3o \u00e9 o melhor tratamento, mas a Omens vai te ensinar tamb\u00e9m como tratar.","breadcrumb":{"@id":"https:\/\/omens.com.br\/blog\/cabelo\/tratamento-para-foliculite-capilar\/#breadcrumb"},"inLanguage":"pt-BR","potentialAction":[{"@type":"ReadAction","target":["https:\/\/omens.com.br\/blog\/cabelo\/tratamento-para-foliculite-capilar\/"]}]},{"@type":"BreadcrumbList","@id":"https:\/\/omens.com.br\/blog\/cabelo\/tratamento-para-foliculite-capilar\/#breadcrumb","itemListElement":[{"@type":"ListItem","position":1,"name":"BLOG OMENS","item":"https:\/\/omens.com.br\/blog\/"},{"@type":"ListItem","position":2,"name":"Cabelo","item":"https:\/\/omens.com.br\/blog\/https:\/omens.com.br\/blog\/cabelo\/cabelo\/"},{"@type":"ListItem","position":3,"name":"Quais os tratamentos para a foliculite capilar?"}]},{"@type":"WebSite","@id":"https:\/\/omens.com.br\/blog\/#website","url":"https:\/\/omens.com.br\/blog\/","name":"Blog Omens","description":"A Omens \u00e9 uma plataforma de intermedia\u00e7\u00e3o de sa\u00fade dedicada ao homem. Ela re\u00fane especialistas brasileiros, urologistas e farmac\u00eauticos para construir uma solu\u00e7\u00e3o de qualidade, segura e acess\u00edvel para todos.","publisher":{"@id":"https:\/\/omens.com.br\/blog\/#organization"},"potentialAction":[{"@type":"SearchAction","target":{"@type":"EntryPoint","urlTemplate":"https:\/\/omens.com.br\/blog\/?s={search_term_string}"},"query-input":{"@type":"PropertyValueSpecification","valueRequired":true,"valueName":"search_term_string"}}],"inLanguage":"pt-BR"},{"@type":"Organization","@id":"https:\/\/omens.com.br\/blog\/#organization","name":"Omens","url":"https:\/\/omens.com.br\/blog\/","logo":{"@type":"ImageObject","inLanguage":"pt-BR","@id":"https:\/\/omens.com.br\/blog\/#\/schema\/logo\/image\/","url":"https:\/\/blog1.omens.com.br\/wp-content\/uploads\/2024\/06\/logo-omens-blog-wide.png","contentUrl":"https:\/\/blog1.omens.com.br\/wp-content\/uploads\/2024\/06\/logo-omens-blog-wide.png","width":200,"height":73,"caption":"Omens"},"image":{"@id":"https:\/\/omens.com.br\/blog\/#\/schema\/logo\/image\/"},"sameAs":["https:\/\/www.facebook.com\/Omensbrasil\/","https:\/\/x.com\/omensbr"]},{"@type":"Person","@id":"https:\/\/omens.com.br\/blog\/#\/schema\/person\/ed81fb12a1f57eec773711e3ad628acb","name":"Dra. Aline Erthal","sameAs":["https:\/\/omens.com.br\/author\/dra-aline-erthal\/","https:\/\/instagram.com\/erthalaline\/"]}]}},"_links":{"self":[{"href":"https:\/\/omens.com.br\/blog\/wp-json\/wp\/v2\/posts\/25071","targetHints":{"allow":["GET"]}}],"collection":[{"href":"https:\/\/omens.com.br\/blog\/wp-json\/wp\/v2\/posts"}],"about":[{"href":"https:\/\/omens.com.br\/blog\/wp-json\/wp\/v2\/types\/post"}],"author":[{"embeddable":true,"href":"https:\/\/omens.com.br\/blog\/wp-json\/wp\/v2\/users\/16"}],"replies":[{"embeddable":true,"href":"https:\/\/omens.com.br\/blog\/wp-json\/wp\/v2\/comments?post=25071"}],"version-history":[{"count":5,"href":"https:\/\/omens.com.br\/blog\/wp-json\/wp\/v2\/posts\/25071\/revisions"}],"predecessor-version":[{"id":28613,"href":"https:\/\/omens.com.br\/blog\/wp-json\/wp\/v2\/posts\/25071\/revisions\/28613"}],"wp:attachment":[{"href":"https:\/\/omens.com.br\/blog\/wp-json\/wp\/v2\/media?parent=25071"}],"wp:term":[{"taxonomy":"category","embeddable":true,"href":"https:\/\/omens.com.br\/blog\/wp-json\/wp\/v2\/categories?post=25071"},{"taxonomy":"post_tag","embeddable":true,"href":"https:\/\/omens.com.br\/blog\/wp-json\/wp\/v2\/tags?post=25071"}],"curies":[{"name":"wp","href":"https:\/\/api.w.org\/{rel}","templated":true}]}}