{"id":24922,"date":"2024-05-20T13:05:00","date_gmt":"2024-05-20T16:05:00","guid":{"rendered":"https:\/\/blog1.omens.com.br\/?p=24922"},"modified":"2025-11-23T19:04:48","modified_gmt":"2025-11-23T22:04:48","slug":"cancer-de-bexiga","status":"publish","type":"post","link":"https:\/\/omens.com.br\/blog\/saude-geral\/cancer-de-bexiga\/","title":{"rendered":"Por que dever\u00edamos falar mais sobre o c\u00e2ncer de bexiga: sintomas e preven\u00e7\u00e3o"},"content":{"rendered":"\n<div style=\"height:20px\" aria-hidden=\"true\" class=\"wp-block-spacer\"><\/div>\n\n\n\n<p>O c\u00e2ncer de bexiga \u00e9 uma doen\u00e7a que afeta milh\u00f5es de pessoas em todo o mundo, mas muitas vezes n\u00e3o recebe a aten\u00e7\u00e3o devida. No Brasil, s\u00e3o por volta de 10 mil novos casos diagnosticados todos os anos. Muitos n\u00e3o sabem dos sintomas e apenas quando recebem o diagn\u00f3stico \u00e9 que pesquisam sobre o assunto.&nbsp;<\/p>\n\n\n\n<p>Hoje, a Omens repassa com voc\u00ea algumas informa\u00e7\u00f5es essenciais sobre o tema. Vamos entender juntos quais os sintomas, <em>quanto tempo de vida, <\/em>sinais de alerta e como acontece o tratamento para a quest\u00e3o. Vem com a gente aprender mais!<\/p>\n\n\n\n<div style=\"height:20px\" aria-hidden=\"true\" class=\"wp-block-spacer\"><\/div>\n\n\n\n<div id=\"ez-toc-container\" class=\"ez-toc-v2_0_74 counter-hierarchy ez-toc-counter ez-toc-custom ez-toc-container-direction\">\n<p class=\"ez-toc-title\" style=\"cursor:inherit\">\u00cdndice<\/p>\n<label for=\"ez-toc-cssicon-toggle-item-69f47f78a0bf8\" class=\"ez-toc-cssicon-toggle-label\"><span class=\"\"><span class=\"eztoc-hide\" style=\"display:none;\">Toggle<\/span><span class=\"ez-toc-icon-toggle-span\"><svg style=\"fill: #171712;color:#171712\" xmlns=\"http:\/\/www.w3.org\/2000\/svg\" class=\"list-377408\" width=\"20px\" height=\"20px\" viewBox=\"0 0 24 24\" fill=\"none\"><path d=\"M6 6H4v2h2V6zm14 0H8v2h12V6zM4 11h2v2H4v-2zm16 0H8v2h12v-2zM4 16h2v2H4v-2zm16 0H8v2h12v-2z\" fill=\"currentColor\"><\/path><\/svg><svg style=\"fill: #171712;color:#171712\" class=\"arrow-unsorted-368013\" xmlns=\"http:\/\/www.w3.org\/2000\/svg\" width=\"10px\" height=\"10px\" viewBox=\"0 0 24 24\" version=\"1.2\" baseProfile=\"tiny\"><path d=\"M18.2 9.3l-6.2-6.3-6.2 6.3c-.2.2-.3.4-.3.7s.1.5.3.7c.2.2.4.3.7.3h11c.3 0 .5-.1.7-.3.2-.2.3-.5.3-.7s-.1-.5-.3-.7zM5.8 14.7l6.2 6.3 6.2-6.3c.2-.2.3-.5.3-.7s-.1-.5-.3-.7c-.2-.2-.4-.3-.7-.3h-11c-.3 0-.5.1-.7.3-.2.2-.3.5-.3.7s.1.5.3.7z\"\/><\/svg><\/span><\/span><\/label><input type=\"checkbox\"  id=\"ez-toc-cssicon-toggle-item-69f47f78a0bf8\"  aria-label=\"Alternar\" \/><nav><ul class='ez-toc-list ez-toc-list-level-1 ' ><li class='ez-toc-page-1 ez-toc-heading-level-2'><a class=\"ez-toc-link ez-toc-heading-1\" href=\"https:\/\/omens.com.br\/blog\/saude-geral\/cancer-de-bexiga\/#Sintomas\" >Sintomas<\/a><ul class='ez-toc-list-level-3' ><li class='ez-toc-heading-level-3'><a class=\"ez-toc-link ez-toc-heading-2\" href=\"https:\/\/omens.com.br\/blog\/saude-geral\/cancer-de-bexiga\/#Infeccao_no_trato_urinario_ou_cancer_de_bexiga\" >Infec\u00e7\u00e3o no trato urin\u00e1rio ou c\u00e2ncer de bexiga?<\/a><\/li><\/ul><\/li><li class='ez-toc-page-1 ez-toc-heading-level-2'><a class=\"ez-toc-link ez-toc-heading-3\" href=\"https:\/\/omens.com.br\/blog\/saude-geral\/cancer-de-bexiga\/#Diagnostico\" >Diagn\u00f3stico<\/a><ul class='ez-toc-list-level-3' ><li class='ez-toc-heading-level-3'><a class=\"ez-toc-link ez-toc-heading-4\" href=\"https:\/\/omens.com.br\/blog\/saude-geral\/cancer-de-bexiga\/#Tipos_de_cancer_na_bexiga\" >Tipos de c\u00e2ncer na bexiga<\/a><\/li><li class='ez-toc-page-1 ez-toc-heading-level-3'><a class=\"ez-toc-link ez-toc-heading-5\" href=\"https:\/\/omens.com.br\/blog\/saude-geral\/cancer-de-bexiga\/#Estagios_do_cancer_na_bexiga\" >Est\u00e1gios do c\u00e2ncer na bexiga<\/a><\/li><li class='ez-toc-page-1 ez-toc-heading-level-3'><a class=\"ez-toc-link ez-toc-heading-6\" href=\"https:\/\/omens.com.br\/blog\/saude-geral\/cancer-de-bexiga\/#Existem_outras_formas_de_descrever_o_cancer_na_bexiga\" >Existem outras formas de descrever o c\u00e2ncer na bexiga?<\/a><\/li><li class='ez-toc-page-1 ez-toc-heading-level-3'><a class=\"ez-toc-link ez-toc-heading-7\" href=\"https:\/\/omens.com.br\/blog\/saude-geral\/cancer-de-bexiga\/#Novos_estudos_sobre_o_diagnostico_de_cancer_de_bexiga\" >Novos estudos sobre o diagn\u00f3stico de c\u00e2ncer de bexiga<\/a><\/li><\/ul><\/li><li class='ez-toc-page-1 ez-toc-heading-level-2'><a class=\"ez-toc-link ez-toc-heading-8\" href=\"https:\/\/omens.com.br\/blog\/saude-geral\/cancer-de-bexiga\/#Causas\" >Causas<\/a><ul class='ez-toc-list-level-3' ><li class='ez-toc-heading-level-3'><a class=\"ez-toc-link ez-toc-heading-9\" href=\"https:\/\/omens.com.br\/blog\/saude-geral\/cancer-de-bexiga\/#Quem_tem_mais_risco_de_desenvolver_o_cancer_de_bexiga\" >Quem tem mais risco de desenvolver o c\u00e2ncer de bexiga?<\/a><\/li><\/ul><\/li><li class='ez-toc-page-1 ez-toc-heading-level-2'><a class=\"ez-toc-link ez-toc-heading-10\" href=\"https:\/\/omens.com.br\/blog\/saude-geral\/cancer-de-bexiga\/#Tratamentos\" >Tratamentos<\/a><ul class='ez-toc-list-level-3' ><li class='ez-toc-heading-level-3'><a class=\"ez-toc-link ez-toc-heading-11\" href=\"https:\/\/omens.com.br\/blog\/saude-geral\/cancer-de-bexiga\/#Para_os_estagios_0A_ou_1_para_cancer_nao_invasivo_ou_superficial\" >Para os est\u00e1gios 0\/A ou 1 (para c\u00e2ncer n\u00e3o invasivo ou superficial)<\/a><\/li><li class='ez-toc-page-1 ez-toc-heading-level-3'><a class=\"ez-toc-link ez-toc-heading-12\" href=\"https:\/\/omens.com.br\/blog\/saude-geral\/cancer-de-bexiga\/#Para_os_estagios_2_ou_3_para_cancer_profundo\" >Para os est\u00e1gios 2 ou 3 (para c\u00e2ncer profundo)<\/a><\/li><li class='ez-toc-page-1 ez-toc-heading-level-3'><a class=\"ez-toc-link ez-toc-heading-13\" href=\"https:\/\/omens.com.br\/blog\/saude-geral\/cancer-de-bexiga\/#Para_o_estagio_4_para_cancer_profundo\" >Para o est\u00e1gio 4 (para c\u00e2ncer profundo)<\/a><\/li><li class='ez-toc-page-1 ez-toc-heading-level-3'><a class=\"ez-toc-link ez-toc-heading-14\" href=\"https:\/\/omens.com.br\/blog\/saude-geral\/cancer-de-bexiga\/#E_quando_existem_metastases\" >E quando existem met\u00e1stases?<\/a><\/li><li class='ez-toc-page-1 ez-toc-heading-level-3'><a class=\"ez-toc-link ez-toc-heading-15\" href=\"https:\/\/omens.com.br\/blog\/saude-geral\/cancer-de-bexiga\/#Existe_cura_para_cancer_na_bexiga_Quais_sao_as_taxas_de_sobrevivencia\" >Existe cura para c\u00e2ncer na bexiga? Quais s\u00e3o as taxas de sobreviv\u00eancia?<\/a><\/li><li class='ez-toc-page-1 ez-toc-heading-level-3'><a class=\"ez-toc-link ez-toc-heading-16\" href=\"https:\/\/omens.com.br\/blog\/saude-geral\/cancer-de-bexiga\/#O_cancer_de_bexiga_se_espalha_rapidamente\" >O c\u00e2ncer de bexiga se espalha rapidamente?<\/a><\/li><\/ul><\/li><li class='ez-toc-page-1 ez-toc-heading-level-2'><a class=\"ez-toc-link ez-toc-heading-17\" href=\"https:\/\/omens.com.br\/blog\/saude-geral\/cancer-de-bexiga\/#Prevencao\" >Preven\u00e7\u00e3o<\/a><\/li><li class='ez-toc-page-1 ez-toc-heading-level-2'><a class=\"ez-toc-link ez-toc-heading-18\" href=\"https:\/\/omens.com.br\/blog\/saude-geral\/cancer-de-bexiga\/#Por_que_precisamos_ficar_atentos\" >Por que precisamos ficar atentos?<\/a><ul class='ez-toc-list-level-3' ><li class='ez-toc-heading-level-3'><a class=\"ez-toc-link ez-toc-heading-19\" href=\"https:\/\/omens.com.br\/blog\/saude-geral\/cancer-de-bexiga\/#Incidencia_de_cancer_de_bexiga_no_Brasil\" >Incid\u00eancia de c\u00e2ncer de bexiga no Brasil:<\/a><\/li><li class='ez-toc-page-1 ez-toc-heading-level-3'><a class=\"ez-toc-link ez-toc-heading-20\" href=\"https:\/\/omens.com.br\/blog\/saude-geral\/cancer-de-bexiga\/#Cancer_de_bexiga_em_homens_negros_e_em_mulheres%E2%80%A6\" >C\u00e2ncer de bexiga em homens negros e em mulheres\u2026<\/a><\/li><\/ul><\/li><\/ul><\/nav><\/div>\n<h2 class=\"wp-block-heading\"><span class=\"ez-toc-section\" id=\"Sintomas\"><\/span>Sintomas<span class=\"ez-toc-section-end\"><\/span><\/h2>\n\n\n\n<hr>\n\n\n\n<p>Quando presentes, os sintomas do c\u00e2ncer na bexiga mais comuns incluem:<\/p>\n\n\n\n<ul class=\"wp-block-list\">\n<li><strong>Sangue na urina<\/strong> (<a href=\"https:\/\/omens.com.br\/blog\/sexualidade\/sangue-na-urina\/\" target=\"_blank\" rel=\"noreferrer noopener\">hemat\u00faria<\/a>): um dos sintomas mais caracter\u00edsticos do c\u00e2ncer de bexiga \u00e9 a presen\u00e7a de sangue na urina; isso pode ser vis\u00edvel a olho nu ou detectado apenas por exames laboratoriais.<\/li>\n\n\n\n<li><a href=\"https:\/\/omens.com.br\/blog\/sexualidade\/dor-ao-urinar\/\" target=\"_blank\" rel=\"noreferrer noopener\">Dor ao urinar<\/a>: Dor ou desconforto durante a mic\u00e7\u00e3o pode ocorrer, embora seja um sintoma menos comum.<\/li>\n\n\n\n<li><strong>Mic\u00e7\u00e3o frequente e urgente<\/strong>: voc\u00ea pode sentir a necessidade de urinar com mais frequ\u00eancia do que o habitual, muitas vezes com urg\u00eancia.<\/li>\n\n\n\n<li><strong>N\u00e3o conseguir urinar<\/strong>: apesar da vontade urgente e frequente, a mic\u00e7\u00e3o \u00e9 dif\u00edcil ou n\u00e3o acontece.<\/li>\n\n\n\n<li><strong>Dor lombar<\/strong>: alguns pacientes relatam dor na regi\u00e3o lombar, especialmente se o c\u00e2ncer estiver avan\u00e7ado.<\/li>\n\n\n\n<li><strong>Perda de peso inexplicada<\/strong>: em casos avan\u00e7ados, a perda de peso inexplicada pode ocorrer devido \u00e0 progress\u00e3o da doen\u00e7a.<\/li>\n<\/ul>\n\n\n\n<p>Existem pessoas que n\u00e3o tem sintoma algum. Al\u00e9m disso, vale lembrar que esses sintomas podem ser causados por v\u00e1rias condi\u00e7\u00f5es, n\u00e3o necessariamente pelo c\u00e2ncer de bexiga. No entanto, \u00e9 importante procurar um m\u00e9dico se voc\u00ea experimentar algum desses sinais.<\/p>\n\n\n\n<h3 class=\"wp-block-heading\"><span class=\"ez-toc-section\" id=\"Infeccao_no_trato_urinario_ou_cancer_de_bexiga\"><\/span>Infec\u00e7\u00e3o no trato urin\u00e1rio ou c\u00e2ncer de bexiga?<span class=\"ez-toc-section-end\"><\/span><\/h3>\n\n\n\n<p>Uma das v\u00e1rias condi\u00e7\u00f5es que pode gerar confus\u00e3o por conta dos sintomas \u00e9 a Infec\u00e7\u00e3o no Trato Urin\u00e1rio. Os sintomas do c\u00e2ncer de bexiga, como sangue na urina e dor ao urinar, podem ser semelhantes aos de infec\u00e7\u00f5es do trato urin\u00e1rio (ITU). Portanto, muitas vezes, as pessoas podem ignorar esses sintomas pensando que est\u00e3o sofrendo de uma condi\u00e7\u00e3o, quando na realidade tem a outra. \u00c9 crucial que um profissional de sa\u00fade avalie os sintomas para determinar a causa e excluir a possibilidade de c\u00e2ncer de bexiga.<\/p>\n\n\n\n<figure class=\"wp-block-image size-full has-custom-border not-show-desktop\"><a href=\"https:\/\/medleve.com\/?utm_term=omens&amp;utm_content=omens\"><img data-dominant-color=\"69564a\" data-has-transparency=\"false\" fetchpriority=\"high\" decoding=\"async\" width=\"700\" height=\"500\" src=\"https:\/\/blog1.omens.com.br\/wp-content\/uploads\/2025\/10\/a-receita-medica-para-caneta-emagrecedore-69-reais.jpg\" alt=\"\" class=\"wp-image-28424 not-transparent\" style=\"--dominant-color: #69564a; border-radius:15px\" srcset=\"https:\/\/blog1.omens.com.br\/wp-content\/uploads\/2025\/10\/a-receita-medica-para-caneta-emagrecedore-69-reais.jpg 700w, https:\/\/blog1.omens.com.br\/wp-content\/uploads\/2025\/10\/a-receita-medica-para-caneta-emagrecedore-69-reais-560x400.jpg 560w\" sizes=\"(max-width: 700px) 100vw, 700px\" \/><\/a><\/figure>\n\n\n\n<figure class=\"wp-block-image size-full has-custom-border not-show-mobile\"><a href=\"https:\/\/medleve.com\/?utm_term=omens&amp;utm_content=omens\"><img data-dominant-color=\"e2ce5e\" data-has-transparency=\"false\" decoding=\"async\" width=\"700\" height=\"190\" src=\"https:\/\/blog1.omens.com.br\/wp-content\/uploads\/2025\/10\/receita-medica-para-caneta-emagrecedora-so-69-reais.jpg\" alt=\"\" class=\"wp-image-28426 not-transparent\" style=\"--dominant-color: #e2ce5e; border-radius:15px\"\/><\/a><\/figure>\n\n\n\n<h2 class=\"wp-block-heading\"><span class=\"ez-toc-section\" id=\"Diagnostico\"><\/span>Diagn\u00f3stico<span class=\"ez-toc-section-end\"><\/span><\/h2>\n\n\n\n<hr>\n\n\n\n<p>O diagn\u00f3stico precoce da doen\u00e7a \u00e9 essencial para aumentar as chances de sobreviv\u00eancia e cura. Para isso, assim que os sintomas cl\u00ednicos aparecerem, podem ser realizados v\u00e1rios exames para determinar se o paciente tem ou n\u00e3o o c\u00e2ncer.<\/p>\n\n\n\n<p>Os <strong>exames <\/strong>usuais para o diagn\u00f3stico s\u00e3o o <strong>de urina<\/strong>, para detectar a presen\u00e7a de sangue ou c\u00e9lulas anormais; os exames de imagem, como o <strong>ultrassom <\/strong>e a <strong>tomografia<\/strong>; a <strong>cistoscopia<\/strong>, que permite ao m\u00e9dico examinar diretamente o interior da bexiga com um cistosc\u00f3pio, um tubo fino e flex\u00edvel com uma pequena c\u00e2mera; e, por fim, a <strong>bi\u00f3psia <\/strong>para confirmar o diagn\u00f3stico de c\u00e2ncer atrav\u00e9s da an\u00e1lise das c\u00e9lulas coletadas.<\/p>\n\n\n\n<h3 class=\"wp-block-heading\"><span class=\"ez-toc-section\" id=\"Tipos_de_cancer_na_bexiga\"><\/span>Tipos de c\u00e2ncer na bexiga<span class=\"ez-toc-section-end\"><\/span><\/h3>\n\n\n\n<p>Ao receber o diagn\u00f3stico, o paciente saber\u00e1 o tipo e o est\u00e1gio do c\u00e2ncer que o afeta. As altera\u00e7\u00f5es malignas das c\u00e9lulas na bexiga podem ser classificadas em v\u00e1rios tipos, dependendo de qual c\u00e9lula foi afetada.&nbsp;<\/p>\n\n\n\n<p>Os tipos mais comuns incluem:<\/p>\n\n\n\n<ul class=\"wp-block-list\">\n<li>Carcinoma de c\u00e9lulas de transi\u00e7\u00e3o: Este \u00e9 o <a href=\"https:\/\/www.cancer.gov\/types\/bladder\">tipo mais comum<\/a> de c\u00e2ncer de bexiga e come\u00e7a nas c\u00e9lulas que revestem o interior da bexiga.<\/li>\n\n\n\n<li>Carcinoma de c\u00e9lulas escamosas: Este tipo \u00e9 menos comum e se desenvolve nas c\u00e9lulas finas e planas que podem se formar na bexiga ap\u00f3s irrita\u00e7\u00e3o cr\u00f4nica.<\/li>\n\n\n\n<li>Adenocarcinoma: Esse tipo afeta as c\u00e9lulas de secre\u00e7\u00e3o e se forma ap\u00f3s irrita\u00e7\u00e3o cr\u00f4nica na bexiga.<\/li>\n\n\n\n<li>Carcinoma de c\u00e9lulas pequenas: Esse \u00e9 um tipo de c\u00e2ncer raro e mais agressivo. Se forma nas c\u00e9lulas que produzem horm\u00f4nios na bexiga.<\/li>\n<\/ul>\n\n\n\n<h3 class=\"wp-block-heading\"><span class=\"ez-toc-section\" id=\"Estagios_do_cancer_na_bexiga\"><\/span>Est\u00e1gios do c\u00e2ncer na bexiga<span class=\"ez-toc-section-end\"><\/span><\/h3>\n\n\n\n<p>Al\u00e9m do tipo, o c\u00e2ncer, o est\u00e1gio \u00e9 importante na hora de determinar a melhor forma de tratar a condi\u00e7\u00e3o. O c\u00e2ncer de bexiga \u00e9 frequentemente classificado em est\u00e1gios que indicam a extens\u00e3o do c\u00e2ncer. Os est\u00e1gios incluem:<\/p>\n\n\n\n<ul class=\"wp-block-list\">\n<li>Est\u00e1gio 0 ou A: O c\u00e2ncer est\u00e1 restrito ao revestimento interno superficial da bexiga<\/li>\n\n\n\n<li>Est\u00e1gio 1: O c\u00e2ncer ultrapassou a camada mais superficial do revestimento interno da bexiga, mas n\u00e3o atingiu, mas n\u00e3o atingiu o tecido muscular<\/li>\n\n\n\n<li>Est\u00e1gio 2: O c\u00e2ncer penetrou at\u00e9 a camada muscular da bexiga<\/li>\n\n\n\n<li>Est\u00e1gio 3: O c\u00e2ncer se espalhou para \u00f3rg\u00e3os pr\u00f3ximos, como a pr\u00f3stata ou o \u00fatero<\/li>\n\n\n\n<li>Est\u00e1gio 4: O c\u00e2ncer se espalhou para \u00f3rg\u00e3os distantes, como os pulm\u00f5es, f\u00edgado ou ossos<\/li>\n<\/ul>\n\n\n\n<h3 class=\"wp-block-heading\"><span class=\"ez-toc-section\" id=\"Existem_outras_formas_de_descrever_o_cancer_na_bexiga\"><\/span>Existem outras formas de descrever o c\u00e2ncer na bexiga?<span class=\"ez-toc-section-end\"><\/span><\/h3>\n\n\n\n<p>Os est\u00e1gios podem ter outras divis\u00f5es mais espec\u00edficas, seguindo a classifica\u00e7\u00e3o TNM (Tumor, N\u00f3dulo ou Met\u00e1stase). Nelas, cada letra da sigla recebe uma numera\u00e7\u00e3o do est\u00e1gio avaliando n\u00f3dulos e tecidos (e como eles foram afetados pelo c\u00e2ncer).<\/p>\n\n\n\n<p>Al\u00e9m dessas classifica\u00e7\u00f5es por tipo e est\u00e1gio, o c\u00e2ncer de bexiga tamb\u00e9m pode ser descrito como &#8220;superficial&#8221; ou &#8220;invasivo&#8221;. Os c\u00e2nceres superficiais est\u00e3o confinados \u00e0s camadas mais externas da bexiga, enquanto os invasivos penetraram mais profundamente na parede da bexiga.<\/p>\n\n\n\n<h3 class=\"wp-block-heading\"><span class=\"ez-toc-section\" id=\"Novos_estudos_sobre_o_diagnostico_de_cancer_de_bexiga\"><\/span>Novos estudos sobre o diagn\u00f3stico de c\u00e2ncer de bexiga<span class=\"ez-toc-section-end\"><\/span><\/h3>\n\n\n\n<p>A pesquisa continua avan\u00e7ando na \u00e1rea do diagn\u00f3stico do c\u00e2ncer de bexiga. Novas t\u00e9cnicas de imagem, como a resson\u00e2ncia magn\u00e9tica (RM) e a tomografia por emiss\u00e3o de p\u00f3sitrons (PET-CT), est\u00e3o sendo exploradas para melhorar a detec\u00e7\u00e3o precoce e a avalia\u00e7\u00e3o da extens\u00e3o da doen\u00e7a.&nbsp;<\/p>\n\n\n\n<p>Al\u00e9m disso, testes de urina que procuram marcadores gen\u00e9ticos espec\u00edficos tamb\u00e9m est\u00e3o em desenvolvimento, tornando o diagn\u00f3stico mais preciso e menos invasivo.<\/p>\n\n\n\n<p><strong>Curiosidade<\/strong>: \u00e9 poss\u00edvel que alguns testes venham a usar o <a href=\"https:\/\/www.healthline.com\/health-news\/tech-bladder-cancer-can-be-detected-in-urine-odor-070913#How-Dogs-Paved-the-Way-for-Scent-Detection-Technology\">odor da urina para identificar o c\u00e2ncer<\/a> em seus est\u00e1gios iniciais, j\u00e1 que cachorros podem ter essa habilidade em seu olfato.<\/p>\n\n\n\n<h2 class=\"wp-block-heading\"><span class=\"ez-toc-section\" id=\"Causas\"><\/span>Causas<span class=\"ez-toc-section-end\"><\/span><\/h2>\n\n\n\n<hr>\n\n\n\n<p>O c\u00e2ncer acontece quando as c\u00e9lulas (nesse caso, as c\u00e9lulas da bexiga) se multiplicam de forma descontrolada. As causas exatas do c\u00e2ncer de bexiga n\u00e3o s\u00e3o completamente compreendidas. Apesar de existirem fatores de risco conhecidos, em alguns casos essas muta\u00e7\u00f5es nas c\u00e9lulas ocorrem sem uma explica\u00e7\u00e3o.<\/p>\n\n\n\n<h3 class=\"wp-block-heading\"><span class=\"ez-toc-section\" id=\"Quem_tem_mais_risco_de_desenvolver_o_cancer_de_bexiga\"><\/span>Quem tem mais risco de desenvolver o c\u00e2ncer de bexiga?<span class=\"ez-toc-section-end\"><\/span><\/h3>\n\n\n\n<p>Os maiores fatores de risco para desenvolver o c\u00e2ncer de bexiga s\u00e3o:<\/p>\n\n\n\n<ul class=\"wp-block-list\">\n<li>Tabagismo: Fumar \u00e9 um dos principais fatores de risco para o c\u00e2ncer de bexiga. Ele est\u00e1 associado a <a href=\"https:\/\/www.cnnbrasil.com.br\/saude\/cancer-de-bexiga-conheca-os-riscos-sintomas-diagnostico-e-tratamento\/\">70% dos casos<\/a> de c\u00e2ncer nessa regi\u00e3o. Os produtos qu\u00edmicos no tabaco podem entrar na urina e danificar as c\u00e9lulas da bexiga.<\/li>\n\n\n\n<li>Exposi\u00e7\u00e3o a produtos qu\u00edmicos: A exposi\u00e7\u00e3o ocupacional a produtos qu\u00edmicos como ars\u00eanio, tinturas, corantes e produtos qu\u00edmicos utilizados na fabrica\u00e7\u00e3o de borracha, pl\u00e1stico e couro tamb\u00e9m est\u00e1 associada ao aumento do risco.<\/li>\n\n\n\n<li>Hist\u00f3rico familiar: Ter parentes de primeiro grau com c\u00e2ncer de bexiga pode aumentar o risco.<\/li>\n\n\n\n<li>Hist\u00f3rico de esquistossomose, uma doen\u00e7a provocada por um parasita, tamb\u00e9m conhecida como Barriga d\u2019\u00e1gua;<\/li>\n\n\n\n<li>Tratamento pr\u00e9vio com alguns medicamentos utilizados na quimioterapia;<\/li>\n<\/ul>\n\n\n\n<p>Alguns grupos populacionais tamb\u00e9m tem um maior risco de desenvolver o c\u00e2ncer na bexiga. O grupo principal de risco s\u00e3o:<\/p>\n\n\n\n<ul class=\"wp-block-list\">\n<li>Pessoas designadas homens ao nascer;<\/li>\n\n\n\n<li>Pessoas com 55 anos ou mais;<\/li>\n\n\n\n<li>Indiv\u00edduos caucasianos (brancos).<\/li>\n<\/ul>\n\n\n\n<h2 class=\"wp-block-heading\"><span class=\"ez-toc-section\" id=\"Tratamentos\"><\/span>Tratamentos<span class=\"ez-toc-section-end\"><\/span><\/h2>\n\n\n\n<hr>\n\n\n\n<p>O primeiro passo para tratar o c\u00e2ncer acontece na pr\u00f3pria cistoscopia e envolve a raspagem do tumor. Ap\u00f3s&nbsp; esse primeiro momento, as c\u00e9lulas e outros exames complementares ser\u00e3o avaliados e j\u00e1 com o diagn\u00f3stico, o m\u00e9dico respons\u00e1vel pelo caso vai avaliar o est\u00e1gio da doen\u00e7a e outros fatores individuais para determinar o melhor tratamento.&nbsp;<\/p>\n\n\n\n<p>Por isso, vamos dividir por est\u00e1gios as formas de cura existentes. Os principais tipos de tratamento incluem:<\/p>\n\n\n\n<h3 class=\"wp-block-heading\"><span class=\"ez-toc-section\" id=\"Para_os_estagios_0A_ou_1_para_cancer_nao_invasivo_ou_superficial\"><\/span>Para os est\u00e1gios 0\/A ou 1 (para c\u00e2ncer n\u00e3o invasivo ou superficial)<span class=\"ez-toc-section-end\"><\/span><\/h3>\n\n\n\n<p>A remo\u00e7\u00e3o do tumor atrav\u00e9s da cirurgia, conhecida como ressec\u00e7\u00e3o transuretral, \u00e9 usada para c\u00e2nceres superficiais. Essa cirurgia acontece atrav\u00e9s do canal urin\u00e1rio (uretra), sem envolver cortes no abdome.<\/p>\n\n\n\n<p>Ela pode ser seguida pela terapia com medica\u00e7\u00f5es intravesicais, ou seja, introduzidas na bexiga, como a onco BCG, que levam o nosso pr\u00f3prio sistema imunol\u00f3gico a atacar o c\u00e2ncer.<\/p>\n\n\n\n<h3 class=\"wp-block-heading\"><span class=\"ez-toc-section\" id=\"Para_os_estagios_2_ou_3_para_cancer_profundo\"><\/span>Para os est\u00e1gios 2 ou 3 (para c\u00e2ncer profundo)<span class=\"ez-toc-section-end\"><\/span><\/h3>\n\n\n\n<ul class=\"wp-block-list\">\n<li>Cirurgia: Nestes est\u00e1gios, pode ser necess\u00e1ria uma cistectomia radical (remo\u00e7\u00e3o da bexiga). Nos casos em que existe a necessidade de remover a bexiga, s\u00e3o criadas outras formas de levar a urina para fora do corpo;<\/li>\n\n\n\n<li>Radioterapia, Imunoterapia e quimioterapia: Esses tratamentos podem ser administrados antes ou depois da cirurgia para encolher o tumor ou destruir as c\u00e9lulas cancerosas restantes.\u00a0<\/li>\n<\/ul>\n\n\n\n<h3 class=\"wp-block-heading\"><span class=\"ez-toc-section\" id=\"Para_o_estagio_4_para_cancer_profundo\"><\/span>Para o est\u00e1gio 4 (para c\u00e2ncer profundo)<span class=\"ez-toc-section-end\"><\/span><\/h3>\n\n\n\n<ul class=\"wp-block-list\">\n<li>Cirurgia: Em casos avan\u00e7ados, uma cistectomia radical (remo\u00e7\u00e3o completa da bexiga) pode ser realizada, mas n\u00e3o com intuito curativo, e sim para controle de sintomas locais.<\/li>\n\n\n\n<li>Podem ser realizadas cirurgias para remover n\u00f3dulos ao redor da \u00e1rea afetada;<\/li>\n\n\n\n<li>Quimioterapia, Radioterapia e imunoterapia: Esses tratamentos s\u00e3o usados para controlar a dissemina\u00e7\u00e3o do c\u00e2ncer e melhorar a qualidade de vida.<\/li>\n<\/ul>\n\n\n\n<h3 class=\"wp-block-heading\"><span class=\"ez-toc-section\" id=\"E_quando_existem_metastases\"><\/span>E quando existem met\u00e1stases?<span class=\"ez-toc-section-end\"><\/span><\/h3>\n\n\n\n<p>Met\u00e1stases s\u00e3o focos da dissemina\u00e7\u00e3o do c\u00e2ncer para outras regi\u00f5es do corpo. Por isso, o foco de tratamento muda para al\u00e9m da regi\u00e3o da bexiga. Nesses casos, a quimioterapia, com medicamentos que afetam o corpo inteiro, \u00e9 utilizada como forma principal de cura.<\/p>\n\n\n\n<h3 class=\"wp-block-heading\"><span class=\"ez-toc-section\" id=\"Existe_cura_para_cancer_na_bexiga_Quais_sao_as_taxas_de_sobrevivencia\"><\/span>Existe cura para c\u00e2ncer na bexiga? Quais s\u00e3o as taxas de sobreviv\u00eancia?<span class=\"ez-toc-section-end\"><\/span><\/h3>\n\n\n\n<p>A <em>porcentagem de cura <\/em>do c\u00e2ncer de bexiga depende do est\u00e1gio em que a doen\u00e7a \u00e9 diagnosticada e das op\u00e7\u00f5es de tratamento dispon\u00edveis. C\u00e2nceres superficiais t\u00eam uma taxa de cura muito alta, enquanto est\u00e1gios mais avan\u00e7ados podem ser mais desafiadores de tratar.&nbsp; A detec\u00e7\u00e3o precoce \u00e9 fundamental para aumentar as chances de cura. As taxas de sobreviv\u00eancia&nbsp; para o c\u00e2ncer de bexiga variam de acordo com o est\u00e1gio no momento do diagn\u00f3stico.&nbsp;<\/p>\n\n\n\n<h3 class=\"wp-block-heading\"><span class=\"ez-toc-section\" id=\"O_cancer_de_bexiga_se_espalha_rapidamente\"><\/span>O c\u00e2ncer de bexiga se espalha rapidamente?<span class=\"ez-toc-section-end\"><\/span><\/h3>\n\n\n\n<p>O c\u00e2ncer de bexiga geralmente se desenvolve lentamente, mas pode se espalhar para \u00f3rg\u00e3os vizinhos e distantes \u00e0 medida que avan\u00e7a. Segundo <a href=\"https:\/\/www.cancer.org\/cancer\/bladder-cancer\/about\/key-statistics.html\">artigo cient\u00edfico<\/a> que estuda as estat\u00edsticas desse tipo de c\u00e2ncer, apenas 4% dos casos de c\u00e2ncer na bexiga se espalham para outras regi\u00f5es do corpo. A detec\u00e7\u00e3o precoce e o tratamento adequado podem ajudar a prevenir a dissemina\u00e7\u00e3o r\u00e1pida da doen\u00e7a.<\/p>\n\n\n\n<figure class=\"wp-block-image size-full has-custom-border not-show-desktop\"><a href=\"https:\/\/medleve.com\/?utm_term=omens&amp;utm_content=omens\"><img data-dominant-color=\"3c403f\" data-has-transparency=\"false\" decoding=\"async\" width=\"700\" height=\"400\" src=\"https:\/\/blog1.omens.com.br\/wp-content\/uploads\/2025\/10\/precisando-de-receita-medica-para-emagrecer-consiga-aqui.jpg\" alt=\"\" class=\"wp-image-28421 not-transparent\" style=\"--dominant-color: #3c403f; border-radius:15px\"\/><\/a><\/figure>\n\n\n\n<figure class=\"wp-block-image size-full has-custom-border not-show-mobile\"><a href=\"https:\/\/medleve.com\/?utm_term=omens&amp;utm_content=omens\"><img data-dominant-color=\"3f3f30\" data-has-transparency=\"false\" loading=\"lazy\" decoding=\"async\" width=\"700\" height=\"190\" src=\"https:\/\/blog1.omens.com.br\/wp-content\/uploads\/2025\/10\/precisando-de-receita-medica-para-emagrecer-com-canetas-e-aqui.jpg\" alt=\"\" class=\"wp-image-28422 not-transparent\" style=\"--dominant-color: #3f3f30; border-radius:15px\"\/><\/a><\/figure>\n\n\n\n<h2 class=\"wp-block-heading\"><span class=\"ez-toc-section\" id=\"Prevencao\"><\/span>Preven\u00e7\u00e3o<span class=\"ez-toc-section-end\"><\/span><\/h2>\n\n\n\n<hr>\n\n\n\n<p>A preven\u00e7\u00e3o do c\u00e2ncer de bexiga envolve a redu\u00e7\u00e3o dos fatores de risco conhecidos e a ado\u00e7\u00e3o de um estilo de vida saud\u00e1vel. Como j\u00e1 vimos, as chances aumentam muito em pessoas que s\u00e3o fumantes. Por isso, o primeiro passo \u00e9 reduzir ou parar completamente com esse h\u00e1bito.<\/p>\n\n\n\n<p>Al\u00e9m disso, existem outros detalhes para os quais precisamos ter um pouco mais de aten\u00e7\u00e3o.<\/p>\n\n\n\n<ul class=\"wp-block-list\">\n<li>Proteger-se de produtos qu\u00edmicos: Se voc\u00ea trabalha com produtos qu\u00edmicos, siga todas as medidas de seguran\u00e7a recomendadas para minimizar a exposi\u00e7\u00e3o.<\/li>\n\n\n\n<li>Beber \u00e1gua: Manter-se bem hidratado pode diluir subst\u00e2ncias qu\u00edmicas na urina que podem contribuir para o c\u00e2ncer de bexiga.<\/li>\n<\/ul>\n\n\n\n<h2 class=\"wp-block-heading\"><span class=\"ez-toc-section\" id=\"Por_que_precisamos_ficar_atentos\"><\/span>Por que precisamos ficar atentos?<span class=\"ez-toc-section-end\"><\/span><\/h2>\n\n\n\n<hr>\n\n\n\n<h3 class=\"wp-block-heading has-normal-font-size\"><span class=\"ez-toc-section\" id=\"Incidencia_de_cancer_de_bexiga_no_Brasil\"><\/span>Incid\u00eancia de c\u00e2ncer de bexiga no Brasil:<span class=\"ez-toc-section-end\"><\/span><\/h3>\n\n\n\n<p>A incid\u00eancia de c\u00e2ncer de bexiga no Brasil \u00e9 significativa, com milhares de casos diagnosticados anualmente. Isso destaca a import\u00e2ncia da conscientiza\u00e7\u00e3o, do diagn\u00f3stico precoce e da preven\u00e7\u00e3o da doen\u00e7a no pa\u00eds.<\/p>\n\n\n\n<p>As chances de cura e de uma vida longa e saud\u00e1vel aumentam muito quando o c\u00e2ncer \u00e9 descoberto nos seus est\u00e1gios iniciais. Apesar de n\u00e3o ser um dos c\u00e2nceres mais comentados, \u00e9 comum, com 10 mil novos casos ao ano no Brasil. Ent\u00e3o, ao notar sintomas caracter\u00edsticos, n\u00e3o deixe de procura o m\u00e9dico.<\/p>\n\n\n\n<h3 class=\"wp-block-heading\"><span class=\"ez-toc-section\" id=\"Cancer_de_bexiga_em_homens_negros_e_em_mulheres%E2%80%A6\"><\/span>C\u00e2ncer de bexiga em homens negros e em mulheres\u2026<span class=\"ez-toc-section-end\"><\/span><\/h3>\n\n\n\n<p>Como mencionado anteriormente, o c\u00e2ncer de bexiga \u00e9 mais comum em homens do que em mulheres e existem menos casos entre homens negros. Por\u00e9m, segundo <a href=\"https:\/\/jamanetwork.com\/journals\/jamaoncology\/fullarticle\/2792530\">estudos de caso<\/a> realizados em 2022 nos EUA, mostrou que a mortalidade do c\u00e2ncer de bexiga \u00e9 maior nos casos que afetam homens negros. Portanto, \u00e9 imprescind\u00edvel estar atento, independente do sexo ou ra\u00e7a.<\/p>\n\n\n\n<p>Em resumo, o c\u00e2ncer de bexiga \u00e9 uma doen\u00e7a s\u00e9ria que merece mais aten\u00e7\u00e3o. A conscientiza\u00e7\u00e3o sobre os sintomas, fatores de risco, m\u00e9todos de preven\u00e7\u00e3o e avan\u00e7os no diagn\u00f3stico e tratamento \u00e9 essencial para melhorar a qualidade de vida das pessoas afetadas e reduzir as taxas de mortalidade associadas a essa condi\u00e7\u00e3o. Portanto, \u00e9 fundamental que todos estejamos informados e engajados na luta contra o c\u00e2ncer de bexiga.<\/p>\n","protected":false},"excerpt":{"rendered":"<p>O c\u00e2ncer de bexiga \u00e9 uma doen\u00e7a que afeta milh\u00f5es de pessoas em todo o mundo, mas muitas vezes n\u00e3o recebe a aten\u00e7\u00e3o devida. No Brasil, s\u00e3o por volta de 10 mil novos casos diagnosticados todos os anos. Muitos n\u00e3o sabem dos sintomas e apenas quando recebem o diagn\u00f3stico \u00e9 que pesquisam sobre o assunto.&nbsp; [&hellip;]<\/p>\n","protected":false},"author":12,"featured_media":0,"comment_status":"open","ping_status":"open","sticky":false,"template":"","format":"standard","meta":{"footnotes":""},"categories":[233],"tags":[130],"class_list":["post-24922","post","type-post","status-publish","format-standard","hentry","category-saude-geral","tag-escrito-por-seth"],"yoast_head":"<!-- This site is optimized with the Yoast SEO plugin v27.5 - https:\/\/yoast.com\/product\/yoast-seo-wordpress\/ -->\n<title>Os estudos sobre o c\u00e2ncer de bexiga: sintomas, diagn\u00f3stico e preven\u00e7\u00e3o<\/title>\n<meta name=\"description\" content=\"O c\u00e2ncer de bexiga ainda n\u00e3o recebe a aten\u00e7\u00e3o devida. Vamos entender sobre os sintomas, tempo de vida, sinais de alerta e tratamentos\" \/>\n<meta name=\"robots\" content=\"index, follow, max-snippet:-1, max-image-preview:large, max-video-preview:-1\" \/>\n<link rel=\"canonical\" href=\"https:\/\/omens.com.br\/blog\/saude-geral\/cancer-de-bexiga\/\" \/>\n<meta property=\"og:locale\" content=\"pt_BR\" \/>\n<meta property=\"og:type\" content=\"article\" \/>\n<meta property=\"og:title\" content=\"Os estudos sobre o c\u00e2ncer de bexiga: sintomas, diagn\u00f3stico e preven\u00e7\u00e3o\" \/>\n<meta property=\"og:description\" content=\"O c\u00e2ncer de bexiga ainda n\u00e3o recebe a aten\u00e7\u00e3o devida. Vamos entender sobre os sintomas, tempo de vida, sinais de alerta e tratamentos\" \/>\n<meta property=\"og:url\" content=\"https:\/\/omens.com.br\/blog\/saude-geral\/cancer-de-bexiga\/\" \/>\n<meta property=\"og:site_name\" content=\"Blog Omens\" \/>\n<meta property=\"article:publisher\" content=\"https:\/\/www.facebook.com\/Omensbrasil\/\" \/>\n<meta property=\"article:published_time\" content=\"2024-05-20T16:05:00+00:00\" \/>\n<meta property=\"article:modified_time\" content=\"2025-11-23T22:04:48+00:00\" \/>\n<meta name=\"author\" content=\"Dr. Jo\u00e3o Brunhara\" \/>\n<meta name=\"twitter:card\" content=\"summary_large_image\" \/>\n<meta name=\"twitter:creator\" content=\"@omensbr\" \/>\n<meta name=\"twitter:site\" content=\"@omensbr\" \/>\n<meta name=\"twitter:label1\" content=\"Escrito por\" \/>\n\t<meta name=\"twitter:data1\" content=\"Dr. Jo\u00e3o Brunhara\" \/>\n\t<meta name=\"twitter:label2\" content=\"Est. tempo de leitura\" \/>\n\t<meta name=\"twitter:data2\" content=\"12 minutos\" \/>\n<!-- \/ Yoast SEO plugin. -->","yoast_head_json":{"title":"Os estudos sobre o c\u00e2ncer de bexiga: sintomas, diagn\u00f3stico e preven\u00e7\u00e3o","description":"O c\u00e2ncer de bexiga ainda n\u00e3o recebe a aten\u00e7\u00e3o devida. Vamos entender sobre os sintomas, tempo de vida, sinais de alerta e tratamentos","robots":{"index":"index","follow":"follow","max-snippet":"max-snippet:-1","max-image-preview":"max-image-preview:large","max-video-preview":"max-video-preview:-1"},"canonical":"https:\/\/omens.com.br\/blog\/saude-geral\/cancer-de-bexiga\/","og_locale":"pt_BR","og_type":"article","og_title":"Os estudos sobre o c\u00e2ncer de bexiga: sintomas, diagn\u00f3stico e preven\u00e7\u00e3o","og_description":"O c\u00e2ncer de bexiga ainda n\u00e3o recebe a aten\u00e7\u00e3o devida. Vamos entender sobre os sintomas, tempo de vida, sinais de alerta e tratamentos","og_url":"https:\/\/omens.com.br\/blog\/saude-geral\/cancer-de-bexiga\/","og_site_name":"Blog Omens","article_publisher":"https:\/\/www.facebook.com\/Omensbrasil\/","article_published_time":"2024-05-20T16:05:00+00:00","article_modified_time":"2025-11-23T22:04:48+00:00","author":"Dr. Jo\u00e3o Brunhara","twitter_card":"summary_large_image","twitter_creator":"@omensbr","twitter_site":"@omensbr","twitter_misc":{"Escrito por":"Dr. Jo\u00e3o Brunhara","Est. tempo de leitura":"12 minutos"},"schema":{"@context":"https:\/\/schema.org","@graph":[{"@type":"Article","@id":"https:\/\/omens.com.br\/blog\/saude-geral\/cancer-de-bexiga\/#article","isPartOf":{"@id":"https:\/\/omens.com.br\/blog\/saude-geral\/cancer-de-bexiga\/"},"author":{"name":"Dr. Jo\u00e3o Brunhara","@id":"https:\/\/omens.com.br\/blog\/#\/schema\/person\/3baba185040e766669cf68d6f3090203"},"headline":"Por que dever\u00edamos falar mais sobre o c\u00e2ncer de bexiga: sintomas e preven\u00e7\u00e3o","datePublished":"2024-05-20T16:05:00+00:00","dateModified":"2025-11-23T22:04:48+00:00","mainEntityOfPage":{"@id":"https:\/\/omens.com.br\/blog\/saude-geral\/cancer-de-bexiga\/"},"wordCount":2262,"commentCount":0,"publisher":{"@id":"https:\/\/omens.com.br\/blog\/#organization"},"keywords":["escrito por Seth"],"articleSection":["Sa\u00fade geral"],"inLanguage":"pt-BR","potentialAction":[{"@type":"CommentAction","name":"Comment","target":["https:\/\/omens.com.br\/blog\/saude-geral\/cancer-de-bexiga\/#respond"]}]},{"@type":"WebPage","@id":"https:\/\/omens.com.br\/blog\/saude-geral\/cancer-de-bexiga\/","url":"https:\/\/omens.com.br\/blog\/saude-geral\/cancer-de-bexiga\/","name":"Os estudos sobre o c\u00e2ncer de bexiga: sintomas, diagn\u00f3stico e preven\u00e7\u00e3o","isPartOf":{"@id":"https:\/\/omens.com.br\/blog\/#website"},"datePublished":"2024-05-20T16:05:00+00:00","dateModified":"2025-11-23T22:04:48+00:00","description":"O c\u00e2ncer de bexiga ainda n\u00e3o recebe a aten\u00e7\u00e3o devida. Vamos entender sobre os sintomas, tempo de vida, sinais de alerta e tratamentos","breadcrumb":{"@id":"https:\/\/omens.com.br\/blog\/saude-geral\/cancer-de-bexiga\/#breadcrumb"},"inLanguage":"pt-BR","potentialAction":[{"@type":"ReadAction","target":["https:\/\/omens.com.br\/blog\/saude-geral\/cancer-de-bexiga\/"]}]},{"@type":"BreadcrumbList","@id":"https:\/\/omens.com.br\/blog\/saude-geral\/cancer-de-bexiga\/#breadcrumb","itemListElement":[{"@type":"ListItem","position":1,"name":"BLOG OMENS","item":"https:\/\/omens.com.br\/blog\/"},{"@type":"ListItem","position":2,"name":"Sa\u00fade geral","item":"https:\/\/omens.com.br\/blog\/https:\/omens.com.br\/blog\/saude-geral\/saude-geral\/"},{"@type":"ListItem","position":3,"name":"Por que dever\u00edamos falar mais sobre o c\u00e2ncer de bexiga: sintomas e preven\u00e7\u00e3o"}]},{"@type":"WebSite","@id":"https:\/\/omens.com.br\/blog\/#website","url":"https:\/\/omens.com.br\/blog\/","name":"Blog Omens","description":"A Omens \u00e9 uma plataforma de intermedia\u00e7\u00e3o de sa\u00fade dedicada ao homem. Ela re\u00fane especialistas brasileiros, urologistas e farmac\u00eauticos para construir uma solu\u00e7\u00e3o de qualidade, segura e acess\u00edvel para todos.","publisher":{"@id":"https:\/\/omens.com.br\/blog\/#organization"},"potentialAction":[{"@type":"SearchAction","target":{"@type":"EntryPoint","urlTemplate":"https:\/\/omens.com.br\/blog\/?s={search_term_string}"},"query-input":{"@type":"PropertyValueSpecification","valueRequired":true,"valueName":"search_term_string"}}],"inLanguage":"pt-BR"},{"@type":"Organization","@id":"https:\/\/omens.com.br\/blog\/#organization","name":"Omens","url":"https:\/\/omens.com.br\/blog\/","logo":{"@type":"ImageObject","inLanguage":"pt-BR","@id":"https:\/\/omens.com.br\/blog\/#\/schema\/logo\/image\/","url":"https:\/\/blog1.omens.com.br\/wp-content\/uploads\/2024\/06\/logo-omens-blog-wide.png","contentUrl":"https:\/\/blog1.omens.com.br\/wp-content\/uploads\/2024\/06\/logo-omens-blog-wide.png","width":200,"height":73,"caption":"Omens"},"image":{"@id":"https:\/\/omens.com.br\/blog\/#\/schema\/logo\/image\/"},"sameAs":["https:\/\/www.facebook.com\/Omensbrasil\/","https:\/\/x.com\/omensbr"]},{"@type":"Person","@id":"https:\/\/omens.com.br\/blog\/#\/schema\/person\/3baba185040e766669cf68d6f3090203","name":"Dr. Jo\u00e3o Brunhara","sameAs":["https:\/\/omens.com.br\/author\/dr-joao-brunhara\/","https:\/\/www.youtube.com\/channel\/UCezMA48gBP6RrbXtwovouqA"]}]}},"_links":{"self":[{"href":"https:\/\/omens.com.br\/blog\/wp-json\/wp\/v2\/posts\/24922","targetHints":{"allow":["GET"]}}],"collection":[{"href":"https:\/\/omens.com.br\/blog\/wp-json\/wp\/v2\/posts"}],"about":[{"href":"https:\/\/omens.com.br\/blog\/wp-json\/wp\/v2\/types\/post"}],"author":[{"embeddable":true,"href":"https:\/\/omens.com.br\/blog\/wp-json\/wp\/v2\/users\/12"}],"replies":[{"embeddable":true,"href":"https:\/\/omens.com.br\/blog\/wp-json\/wp\/v2\/comments?post=24922"}],"version-history":[{"count":8,"href":"https:\/\/omens.com.br\/blog\/wp-json\/wp\/v2\/posts\/24922\/revisions"}],"predecessor-version":[{"id":28635,"href":"https:\/\/omens.com.br\/blog\/wp-json\/wp\/v2\/posts\/24922\/revisions\/28635"}],"wp:attachment":[{"href":"https:\/\/omens.com.br\/blog\/wp-json\/wp\/v2\/media?parent=24922"}],"wp:term":[{"taxonomy":"category","embeddable":true,"href":"https:\/\/omens.com.br\/blog\/wp-json\/wp\/v2\/categories?post=24922"},{"taxonomy":"post_tag","embeddable":true,"href":"https:\/\/omens.com.br\/blog\/wp-json\/wp\/v2\/tags?post=24922"}],"curies":[{"name":"wp","href":"https:\/\/api.w.org\/{rel}","templated":true}]}}