{"id":24176,"date":"2023-10-19T13:34:28","date_gmt":"2023-10-19T16:34:28","guid":{"rendered":"https:\/\/blog1.omens.com.br\/?p=24176"},"modified":"2025-11-23T20:12:56","modified_gmt":"2025-11-23T23:12:56","slug":"sintomas-de-ansiedade","status":"publish","type":"post","link":"https:\/\/omens.com.br\/blog\/ansiedade\/sintomas-de-ansiedade\/","title":{"rendered":"Os sintomas f\u00edsicos e psicol\u00f3gicos da ansiedade"},"content":{"rendered":"\n<div style=\"height:20px\" aria-hidden=\"true\" class=\"wp-block-spacer\"><\/div>\n\n\n\n<p>N\u00edveis moderados de ansiedade fazem parte do instinto de sobreviv\u00eancia humano. Quando algu\u00e9m enfrenta uma amea\u00e7a, o corpo reage para aumentar o foco e a\u00e7\u00e3o.<\/p>\n\n\n\n<p>No entanto, algumas pessoas lutam contra uma ansiedade constante ou avassaladora durante seu dia a dia, mesmo quando n\u00e3o h\u00e1 uma poss\u00edvel amea\u00e7a real. O estresse, nervosismo, p\u00e2nico e &nbsp;sintomas f\u00edsicos de ansiedade podem tornar a vida desafiadora.<\/p>\n\n\n\n<p>Neste novo artigo vamos entender a ansiedade e como ela afeta o corpo al\u00e9m de seus sintomas psicol\u00f3gicos..<\/p>\n\n\n\n<div style=\"height:20px\" aria-hidden=\"true\" class=\"wp-block-spacer\"><\/div>\n\n\n\n<div id=\"ez-toc-container\" class=\"ez-toc-v2_0_74 counter-hierarchy ez-toc-counter ez-toc-custom ez-toc-container-direction\">\n<p class=\"ez-toc-title\" style=\"cursor:inherit\">\u00cdndice<\/p>\n<label for=\"ez-toc-cssicon-toggle-item-69f385176f151\" class=\"ez-toc-cssicon-toggle-label\"><span class=\"\"><span class=\"eztoc-hide\" style=\"display:none;\">Toggle<\/span><span class=\"ez-toc-icon-toggle-span\"><svg style=\"fill: #171712;color:#171712\" xmlns=\"http:\/\/www.w3.org\/2000\/svg\" class=\"list-377408\" width=\"20px\" height=\"20px\" viewBox=\"0 0 24 24\" fill=\"none\"><path d=\"M6 6H4v2h2V6zm14 0H8v2h12V6zM4 11h2v2H4v-2zm16 0H8v2h12v-2zM4 16h2v2H4v-2zm16 0H8v2h12v-2z\" fill=\"currentColor\"><\/path><\/svg><svg style=\"fill: #171712;color:#171712\" class=\"arrow-unsorted-368013\" xmlns=\"http:\/\/www.w3.org\/2000\/svg\" width=\"10px\" height=\"10px\" viewBox=\"0 0 24 24\" version=\"1.2\" baseProfile=\"tiny\"><path d=\"M18.2 9.3l-6.2-6.3-6.2 6.3c-.2.2-.3.4-.3.7s.1.5.3.7c.2.2.4.3.7.3h11c.3 0 .5-.1.7-.3.2-.2.3-.5.3-.7s-.1-.5-.3-.7zM5.8 14.7l6.2 6.3 6.2-6.3c.2-.2.3-.5.3-.7s-.1-.5-.3-.7c-.2-.2-.4-.3-.7-.3h-11c-.3 0-.5.1-.7.3-.2.2-.3.5-.3.7s.1.5.3.7z\"\/><\/svg><\/span><\/span><\/label><input type=\"checkbox\"  id=\"ez-toc-cssicon-toggle-item-69f385176f151\"  aria-label=\"Alternar\" \/><nav><ul class='ez-toc-list ez-toc-list-level-1 ' ><li class='ez-toc-page-1 ez-toc-heading-level-2'><a class=\"ez-toc-link ez-toc-heading-1\" href=\"https:\/\/omens.com.br\/blog\/ansiedade\/sintomas-de-ansiedade\/#O_que_e_Ansiedade\" >O que \u00e9 Ansiedade?<\/a><\/li><li class='ez-toc-page-1 ez-toc-heading-level-2'><a class=\"ez-toc-link ez-toc-heading-2\" href=\"https:\/\/omens.com.br\/blog\/ansiedade\/sintomas-de-ansiedade\/#Um_GUIA_para_reconhecer_os_sintomas_da_ansiedade\" >Um GUIA para reconhecer os sintomas da ansiedade<\/a><ul class='ez-toc-list-level-3' ><li class='ez-toc-heading-level-3'><a class=\"ez-toc-link ez-toc-heading-3\" href=\"https:\/\/omens.com.br\/blog\/ansiedade\/sintomas-de-ansiedade\/#Sintomas_fisicos_e_psicologicos_da_ansiedade\" >Sintomas f\u00edsicos e psicol\u00f3gicos da ansiedade<\/a><\/li><li class='ez-toc-page-1 ez-toc-heading-level-3'><a class=\"ez-toc-link ez-toc-heading-4\" href=\"https:\/\/omens.com.br\/blog\/ansiedade\/sintomas-de-ansiedade\/#Aspecto_emocional_e_comportamental\" >Aspecto emocional e comportamental<\/a><\/li><li class='ez-toc-page-1 ez-toc-heading-level-3'><a class=\"ez-toc-link ez-toc-heading-5\" href=\"https:\/\/omens.com.br\/blog\/ansiedade\/sintomas-de-ansiedade\/#Ataques_de_panico\" >Ataques de p\u00e2nico<\/a><\/li><\/ul><\/li><li class='ez-toc-page-1 ez-toc-heading-level-2'><a class=\"ez-toc-link ez-toc-heading-6\" href=\"https:\/\/omens.com.br\/blog\/ansiedade\/sintomas-de-ansiedade\/#Tipos_de_ansiedade\" >Tipos de ansiedade<\/a><\/li><li class='ez-toc-page-1 ez-toc-heading-level-2'><a class=\"ez-toc-link ez-toc-heading-7\" href=\"https:\/\/omens.com.br\/blog\/ansiedade\/sintomas-de-ansiedade\/#Transtorno_de_ansiedade_generalizada_ou_Ansiedade_%E2%80%9Cnormal%E2%80%9D\" >Transtorno de ansiedade generalizada ou Ansiedade \u201cnormal\u201d<\/a><ul class='ez-toc-list-level-3' ><li class='ez-toc-heading-level-3'><a class=\"ez-toc-link ez-toc-heading-8\" href=\"https:\/\/omens.com.br\/blog\/ansiedade\/sintomas-de-ansiedade\/#O_que_e_ansiedade_normal\" >O que \u00e9 ansiedade normal?<\/a><\/li><\/ul><\/li><li class='ez-toc-page-1 ez-toc-heading-level-2'><a class=\"ez-toc-link ez-toc-heading-9\" href=\"https:\/\/omens.com.br\/blog\/ansiedade\/sintomas-de-ansiedade\/#Sintomas_fisicos_a_ansiedade_no_corpo\" >Sintomas f\u00edsicos: a ansiedade no corpo<\/a><ul class='ez-toc-list-level-3' ><li class='ez-toc-heading-level-3'><a class=\"ez-toc-link ez-toc-heading-10\" href=\"https:\/\/omens.com.br\/blog\/ansiedade\/sintomas-de-ansiedade\/#Batimento_cardiaco_acelerado\" >Batimento card\u00edaco acelerado<\/a><\/li><li class='ez-toc-page-1 ez-toc-heading-level-3'><a class=\"ez-toc-link ez-toc-heading-11\" href=\"https:\/\/omens.com.br\/blog\/ansiedade\/sintomas-de-ansiedade\/#Respiracao_rapida_curta\" >Respira\u00e7\u00e3o r\u00e1pida \/ curta<\/a><\/li><li class='ez-toc-page-1 ez-toc-heading-level-3'><a class=\"ez-toc-link ez-toc-heading-12\" href=\"https:\/\/omens.com.br\/blog\/ansiedade\/sintomas-de-ansiedade\/#Reacao_de_Lutar_Fugir_ou_Congelar\" >Rea\u00e7\u00e3o de Lutar, Fugir ou Congelar&nbsp;<\/a><\/li><li class='ez-toc-page-1 ez-toc-heading-level-3'><a class=\"ez-toc-link ez-toc-heading-13\" href=\"https:\/\/omens.com.br\/blog\/ansiedade\/sintomas-de-ansiedade\/#Tensao_muscular\" >Tens\u00e3o muscular<\/a><\/li><li class='ez-toc-page-1 ez-toc-heading-level-3'><a class=\"ez-toc-link ez-toc-heading-14\" href=\"https:\/\/omens.com.br\/blog\/ansiedade\/sintomas-de-ansiedade\/#Problemas_sexuais_masculinos\" >Problemas sexuais masculinos<\/a><\/li><\/ul><\/li><li class='ez-toc-page-1 ez-toc-heading-level-2'><a class=\"ez-toc-link ez-toc-heading-15\" href=\"https:\/\/omens.com.br\/blog\/ansiedade\/sintomas-de-ansiedade\/#Sintomas_psicologicos\" >Sintomas psicol\u00f3gicos<\/a><ul class='ez-toc-list-level-3' ><li class='ez-toc-heading-level-3'><a class=\"ez-toc-link ez-toc-heading-16\" href=\"https:\/\/omens.com.br\/blog\/ansiedade\/sintomas-de-ansiedade\/#Ver_perigo_em_situacoes_cotidianas\" >Ver perigo em situa\u00e7\u00f5es cotidianas<\/a><\/li><li class='ez-toc-page-1 ez-toc-heading-level-3'><a class=\"ez-toc-link ez-toc-heading-17\" href=\"https:\/\/omens.com.br\/blog\/ansiedade\/sintomas-de-ansiedade\/#Pensamentos_obsessivos\" >Pensamentos obsessivos<\/a><\/li><li class='ez-toc-page-1 ez-toc-heading-level-3'><a class=\"ez-toc-link ez-toc-heading-18\" href=\"https:\/\/omens.com.br\/blog\/ansiedade\/sintomas-de-ansiedade\/#Insonia\" >Ins\u00f4nia<\/a><\/li><li class='ez-toc-page-1 ez-toc-heading-level-3'><a class=\"ez-toc-link ez-toc-heading-19\" href=\"https:\/\/omens.com.br\/blog\/ansiedade\/sintomas-de-ansiedade\/#Estar_sempre_a_beira_de_um_ataque_de_nervos\" >Estar sempre \u00e0 beira de um ataque de nervos<\/a><\/li><\/ul><\/li><li class='ez-toc-page-1 ez-toc-heading-level-2'><a class=\"ez-toc-link ez-toc-heading-20\" href=\"https:\/\/omens.com.br\/blog\/ansiedade\/sintomas-de-ansiedade\/#Pressentindo_crises_de_ansiedade\" >Pressentindo crises de ansiedade<\/a><ul class='ez-toc-list-level-3' ><li class='ez-toc-heading-level-3'><a class=\"ez-toc-link ez-toc-heading-21\" href=\"https:\/\/omens.com.br\/blog\/ansiedade\/sintomas-de-ansiedade\/#Aprendendo_a_lidar_com_ataques_de_ansiedade\" >Aprendendo a lidar com ataques de ansiedade<\/a><\/li><\/ul><\/li><li class='ez-toc-page-1 ez-toc-heading-level-2'><a class=\"ez-toc-link ez-toc-heading-22\" href=\"https:\/\/omens.com.br\/blog\/ansiedade\/sintomas-de-ansiedade\/#Conclusao\" >Conclus\u00e3o<\/a><\/li><\/ul><\/nav><\/div>\n<h2 class=\"wp-block-heading\"><span class=\"ez-toc-section\" id=\"O_que_e_Ansiedade\"><\/span>O que \u00e9 Ansiedade?<span class=\"ez-toc-section-end\"><\/span><\/h2>\n\n\n\n<hr>\n\n\n\n<p>A ansiedade \u00e9 uma emo\u00e7\u00e3o que, em algum momento, faz parte da experi\u00eancia de muitas pessoas. Ela pode se manifestar em v\u00e1rias situa\u00e7\u00f5es reais ou imagin\u00e1rias, como a preocupa\u00e7\u00e3o no trabalho, a espera de resultados m\u00e9dicos, o estresse no tr\u00e2nsito ou por causa de relacionamentos. \u00c9 como um seguran\u00e7a de uma festa que est\u00e1 ali para nos proteger mas est\u00e1 tentando se destacar sem cerim\u00f4nia.<\/p>\n\n\n\n<p>Ela surge quando nossa mente divide-se entre o passado e o futuro, levando-nos a preocupa\u00e7\u00f5es sobre eventos que talvez nunca ocorram ou quando sentimos que estamos perdendo o controle de alguma situa\u00e7\u00e3o, ficando expostos ao desamparo e \u00e0 impot\u00eancia.&nbsp;<\/p>\n\n\n\n<p>A experi\u00eancia da ansiedade \u00e9 comum na jornada humana, afetando adultos e crian\u00e7as em diferentes momentos. Para a <strong>alguns<\/strong>, a ansiedade \u00e9 passageira, durando de minutos a alguns dias. Entretanto, para <strong>muitos<\/strong>, a ansiedade persiste por semanas, meses ou at\u00e9 anos, afetando profundamente a rotina. \u00c9 crucial ter empatia, compreens\u00e3o e apoio, buscando estrat\u00e9gias e tratamentos para melhorar o bem-estar daqueles enfrentando desafios relacionados a esse estado psicol\u00f3gico.<\/p>\n\n\n\n<figure class=\"wp-block-image size-full has-custom-border not-show-desktop\"><a href=\"https:\/\/medleve.com\/?utm_term=omens&amp;utm_content=omens\"><img data-dominant-color=\"69564a\" data-has-transparency=\"false\" fetchpriority=\"high\" decoding=\"async\" width=\"700\" height=\"500\" src=\"https:\/\/blog1.omens.com.br\/wp-content\/uploads\/2025\/10\/a-receita-medica-para-caneta-emagrecedore-69-reais.jpg\" alt=\"\" class=\"wp-image-28424 not-transparent\" style=\"--dominant-color: #69564a; border-radius:15px\" srcset=\"https:\/\/blog1.omens.com.br\/wp-content\/uploads\/2025\/10\/a-receita-medica-para-caneta-emagrecedore-69-reais.jpg 700w, https:\/\/blog1.omens.com.br\/wp-content\/uploads\/2025\/10\/a-receita-medica-para-caneta-emagrecedore-69-reais-560x400.jpg 560w\" sizes=\"(max-width: 700px) 100vw, 700px\" \/><\/a><\/figure>\n\n\n\n<figure class=\"wp-block-image size-full has-custom-border not-show-mobile\"><a href=\"https:\/\/medleve.com\/?utm_term=omens&amp;utm_content=omens\"><img data-dominant-color=\"e2ce5e\" data-has-transparency=\"false\" decoding=\"async\" width=\"700\" height=\"190\" src=\"https:\/\/blog1.omens.com.br\/wp-content\/uploads\/2025\/10\/receita-medica-para-caneta-emagrecedora-so-69-reais.jpg\" alt=\"\" class=\"wp-image-28426 not-transparent\" style=\"--dominant-color: #e2ce5e; border-radius:15px\"\/><\/a><\/figure>\n\n\n\n<h2 class=\"wp-block-heading\"><span class=\"ez-toc-section\" id=\"Um_GUIA_para_reconhecer_os_sintomas_da_ansiedade\"><\/span>Um GUIA para reconhecer os sintomas da ansiedade<span class=\"ez-toc-section-end\"><\/span><\/h2>\n\n\n\n<hr>\n\n\n\n<p>Voc\u00ea j\u00e1 experimentou a sensa\u00e7\u00e3o de ter um enxame de pensamentos agitados, todos girando como engrenagens de um rel\u00f3gio descompassado? Essa experi\u00eancia pode ser indicativa da presen\u00e7a de sintomas de ansiedade intensa.<\/p>\n\n\n\n<p>A manifesta\u00e7\u00e3o dos sintomas de ansiedade varia de pessoa para pessoa, embora existam padr\u00f5es comuns que caracterizam as respostas do corpo a essa condi\u00e7\u00e3o. Em estados ansiosos, o corpo fica em&nbsp; alerta, examinando minuciosamente em busca de amea\u00e7as e ativa respostas de luta, <s>ou<\/s> fuga ou&nbsp; congelamento&nbsp;<\/p>\n\n\n\n<p>\u00c9 importante explorar a jornada tumultuada, o dia a dia, que algumas vezes pode ser disparador da ansiedade. Al\u00e9m disso, podemos identificar sintomas comuns, como:<\/p>\n\n\n\n<h3 class=\"wp-block-heading\"><span class=\"ez-toc-section\" id=\"Sintomas_fisicos_e_psicologicos_da_ansiedade\"><\/span>Sintomas f\u00edsicos e psicol\u00f3gicos da ansiedade<span class=\"ez-toc-section-end\"><\/span><\/h3>\n\n\n\n<ul class=\"wp-block-list\">\n<li>respira\u00e7\u00e3o r\u00e1pida e curta ou epis\u00f3dios de hiperventila\u00e7\u00e3o;\u00a0<\/li>\n\n\n\n<li>aperto no peito (sensa\u00e7\u00e3o de pouco ar);<\/li>\n\n\n\n<li>acelera\u00e7\u00e3o da frequ\u00eancia card\u00edaca;<\/li>\n\n\n\n<li>tens\u00e3o muscular e boca seca;<\/li>\n\n\n\n<li>sudorese nas extremidades, como m\u00e3os, testa\u2026<\/li>\n\n\n\n<li>sensa\u00e7\u00e3o de nervosismo e inquieta\u00e7\u00e3o;<\/li>\n\n\n\n<li>tremores musculares ou espasmos;<\/li>\n\n\n\n<li>abdome tensionado.<\/li>\n<\/ul>\n\n\n\n<h3 class=\"wp-block-heading\"><span class=\"ez-toc-section\" id=\"Aspecto_emocional_e_comportamental\"><\/span>Aspecto emocional e comportamental<span class=\"ez-toc-section-end\"><\/span><\/h3>\n\n\n\n<ul class=\"wp-block-list\">\n<li>sensa\u00e7\u00e3o de nervosismo e acelera\u00e7\u00e3o de pensamento;<\/li>\n\n\n\n<li>impaci\u00eancia, irritabilidade;<\/li>\n\n\n\n<li>inseguran\u00e7a em tomadas de decis\u00f5es;<\/li>\n\n\n\n<li>sentimentos de medo e ang\u00fastia;<\/li>\n\n\n\n<li>perfeccionismo (&#8221;checagens para garantir&#8221;);<\/li>\n\n\n\n<li>medo de errar; sentimentos de ambival\u00eancia;<\/li>\n\n\n\n<li>fazer v\u00e1rias coisas ao mesmo tempo;<\/li>\n\n\n\n<li>m\u00e3os e pernas inquietas;<\/li>\n\n\n\n<li>fala r\u00e1pida;<\/li>\n\n\n\n<li>sensa\u00e7\u00e3o de letargia e fraqueza;<\/li>\n\n\n\n<li>dificuldade em manter o foco ou raciocinar de forma clara, exceto sobre as preocupa\u00e7\u00f5es presentes;<\/li>\n\n\n\n<li>dificuldades com o sono, que podem se manifestar como ins\u00f4nia;<\/li>\n\n\n\n<li>problemas digestivos ou gastrointestinais, tais como flatul\u00eancia, constipa\u00e7\u00e3o ou diarreia;<\/li>\n\n\n\n<li>forte desejo de evitar situa\u00e7\u00f5es ou est\u00edmulos que desencadeiam a ansiedade;\u00a0<\/li>\n\n\n\n<li>obsess\u00f5es relacionadas a ideias espec\u00edficas, frequentemente associadas ao Transtorno Obsessivo-Compulsivo (TOC);<\/li>\n\n\n\n<li>execu\u00e7\u00e3o repetitiva de determinados comportamentos como uma resposta \u00e0 ansiedade;<\/li>\n\n\n\n<li>vivenciar ansiedade em rela\u00e7\u00e3o a eventos passados ou experi\u00eancias de vida, especialmente caracter\u00edstico do Transtorno de Estresse P\u00f3s-Traum\u00e1tico (TEPT).<\/li>\n<\/ul>\n\n\n\n<p>Esses sintomas s\u00e3o apenas um panorama geral da complexa experi\u00eancia da ansiedade. A ansiedade merece compreens\u00e3o e apoio. Juntamente com o psic\u00f3logo, o paciente busca estrat\u00e9gias e tratamentos para promover o bem-estar na jornada desafiadora.<\/p>\n\n\n\n<h3 class=\"wp-block-heading\"><span class=\"ez-toc-section\" id=\"Ataques_de_panico\"><\/span>Ataques de p\u00e2nico<span class=\"ez-toc-section-end\"><\/span><\/h3>\n\n\n\n<p>Num dia comum, voc\u00ea relaxa quando, de repente, seu cora\u00e7\u00e3o acelera como um corredor ol\u00edmpico. Suas m\u00e3os tremem incontrolavelmente, e um perigo invis\u00edvel parece estar te alcan\u00e7ando. Voc\u00ea acaba de entrar no universo dos ataques de p\u00e2nico.<\/p>\n\n\n\n<p>Um ataque de p\u00e2nico \u00e9 um surto de medo, ansiedade ou ang\u00fastia extrema. Ele atinge seu ponto cr\u00edtico em quest\u00e3o de minutos, com dura\u00e7\u00e3o m\u00e9dia de 10 a 30 minutos, e inclui pelo menos quatro dos sintomas a seguir:<\/p>\n\n\n\n<ul class=\"wp-block-list\">\n<li>Palpita\u00e7\u00f5es<\/li>\n\n\n\n<li>Sudorese<\/li>\n\n\n\n<li>Tremendo ou agitado<\/li>\n\n\n\n<li>Dificuldade para respirar e falta de ar<\/li>\n\n\n\n<li>Sensa\u00e7\u00e3o de asfixia ou engasgo<\/li>\n\n\n\n<li>Dores no peito ou aperto<\/li>\n\n\n\n<li>N\u00e1useas ou problemas gastrointestinais<\/li>\n\n\n\n<li>Tontura, sensa\u00e7\u00e3o de desmaio ou vertigem<\/li>\n\n\n\n<li>Sensa\u00e7\u00e3o de calor ou frio<\/li>\n\n\n\n<li>Sensa\u00e7\u00f5es de dorm\u00eancia ou formigamento (parestesia)<\/li>\n\n\n\n<li>Sentir-se desligado de si mesmo ou da realidade, conhecido como despersonaliza\u00e7\u00e3o e desrealiza\u00e7\u00e3o<\/li>\n\n\n\n<li>Medo de \u201cenlouquecer\u201d ou perder o controle<\/li>\n\n\n\n<li>Medo de morrer<\/li>\n<\/ul>\n\n\n\n<p>Existem alguns sintomas de ansiedade que podem ocorrer em outras condi\u00e7\u00f5es al\u00e9m dos transtornos de ansiedade. Geralmente \u00e9 esse o caso dos ataques de p\u00e2nico. Os sintomas dos ataques de p\u00e2nico s\u00e3o semelhantes aos de doen\u00e7as card\u00edacas, problemas de tireoide, dist\u00farbios respirat\u00f3rios e outras doen\u00e7as.&nbsp;<\/p>\n\n\n\n<p>Portanto, seria correto afirmar que a ansiedade e os ataques de p\u00e2nico tamb\u00e9m possuem sintomas no cora\u00e7\u00e3o. No entanto, ela <strong>n\u00e3o<\/strong> afeta diretamente a sa\u00fade card\u00edaca. O impacto dessas condi\u00e7\u00f5es no sistema cardiovascular \u00e9 uma parte importante de compreender o seu alcance e a necessidade de uma abordagem que vai al\u00e9m do psicol\u00f3gico para o tratamento.<\/p>\n\n\n\n<h2 class=\"wp-block-heading\"><span class=\"ez-toc-section\" id=\"Tipos_de_ansiedade\"><\/span>Tipos de ansiedade<span class=\"ez-toc-section-end\"><\/span><\/h2>\n\n\n\n<hr>\n\n\n\n<p>A ansiedade \u00e9 um componente comum de v\u00e1rios outros transtornos de ansiedade diferentes, incluindo:<\/p>\n\n\n\n<ul class=\"wp-block-list\">\n<li>Transtorno obsessivo-compulsivo (<strong>TOC<\/strong>): O <a href=\"https:\/\/drauziovarella.uol.com.br\/doencas-e-sintomas\/transtorno-obsessivo-compulsivo-toc\/\" target=\"_blank\" rel=\"noreferrer noopener\">TOC<\/a> \u00e9 caracterizado por pensamentos irracionais repetitivos que fazem com que um indiv\u00edduo execute repetidamente comportamentos espec\u00edficos de uma maneira particular.<\/li>\n\n\n\n<li><strong>Transtorno do p\u00e2nico <\/strong>(TP): o indiv\u00edduo pode ter ataques de p\u00e2nico aleat\u00f3rios e recorrentes que consistem em um per\u00edodo repentino de intensa ansiedade e medo.<\/li>\n\n\n\n<li><strong>Transtorno de estresse p\u00f3s-traum\u00e1tico <\/strong>(TEPT): Indiv\u00edduos que vivenciaram um evento traum\u00e1tico podem desenvolver TEPT. O TEPT se manifesta como flashbacks, pesadelos, pensamentos incontrol\u00e1veis e intrusivos \u200b\u200be ansiedade severa.<\/li>\n\n\n\n<li><strong>Transtorno de ansiedade som\u00e1tica<\/strong>: Anteriormente conhecido como hipocondria, uma pessoa pode ter transtorno de ansiedade som\u00e1tica quando est\u00e1 excessivamente preocupada com sua sa\u00fade e acredita ter doen\u00e7as f\u00edsicas.<\/li>\n\n\n\n<li><strong>Fobia<\/strong>: Pessoas com fobias experimentam um alto n\u00edvel de medo devido a uma situa\u00e7\u00e3o, atividade, objeto ou evento espec\u00edfico.<\/li>\n\n\n\n<li><strong>Fobia social<\/strong>: A fobia social \u00e9 o medo excessivo e irracional de situa\u00e7\u00f5es sociais, levando ao isolamento e ansiedade intensa.<\/li>\n\n\n\n<li><strong>Transtorno de ansiedade de separa\u00e7\u00e3o<\/strong>: O Transtorno de Ansiedade de Separa\u00e7\u00e3o \u00e9 uma condi\u00e7\u00e3o onde indiv\u00edduos, especialmente na inf\u00e2ncia, experimentam ansiedade excessiva quando separados de entes queridos, muitas vezes resultando em comportamentos de busca de proximidade.<\/li>\n<\/ul>\n\n\n\n<h2 class=\"wp-block-heading\"><span class=\"ez-toc-section\" id=\"Transtorno_de_ansiedade_generalizada_ou_Ansiedade_%E2%80%9Cnormal%E2%80%9D\"><\/span>Transtorno de ansiedade generalizada ou Ansiedade \u201cnormal\u201d<span class=\"ez-toc-section-end\"><\/span><\/h2>\n\n\n\n<hr>\n\n\n\n<p>Todo mundo tem ansiedade em algum momento ou outro. Seja por uma situa\u00e7\u00e3o estressante ou pelo peso da vida cotidiana, a ansiedade \u00e9 uma ocorr\u00eancia normal. No entanto, existem diferen\u00e7as entre a ansiedade \u201cnormal\u201d e o TAG, ou transtorno de ansiedade generalizada.&nbsp;<\/p>\n\n\n\n<p>Se voc\u00ea n\u00e3o tem certeza do que tem ou tem preocupa\u00e7\u00f5es sobre suas crises de ansiedade, aqui est\u00e3o algumas informa\u00e7\u00f5es sobre a diferen\u00e7a entre as duas condi\u00e7\u00f5es. Veremos o que comp\u00f5e cada um, como s\u00e3o tratados e o que voc\u00ea pode fazer para saber mais sobre as diferen\u00e7as.<\/p>\n\n\n\n<h3 class=\"wp-block-heading\"><span class=\"ez-toc-section\" id=\"O_que_e_ansiedade_normal\"><\/span>O que \u00e9 <em>ansiedade normal<\/em>?<span class=\"ez-toc-section-end\"><\/span><\/h3>\n\n\n\n<p>A ansiedade, na sua manifesta\u00e7\u00e3o comum, \u00e9 uma experi\u00eancia inerente \u00e0 condi\u00e7\u00e3o humana, presente em situa\u00e7\u00f5es do cotidiano. Ela serve como um aliado emocional, nos preparando para enfrentar desafios, desde entrevistas de emprego at\u00e9 preocupa\u00e7\u00f5es com a opini\u00e3o dos outros. A ansiedade, nesse contexto, reflete nossa vitalidade e prontid\u00e3o.<\/p>\n\n\n\n<p>\u00c9 essencial entender que a ansiedade comum \u00e9 uma resposta natural a est\u00edmulos cotidianos e tende a desaparecer com o tempo. \u00c0 medida que nos envolvemos em situa\u00e7\u00f5es estressantes e nos sentimos seguros e confiantes, a ansiedade diminui, deixando uma sensa\u00e7\u00e3o de al\u00edvio. \u00c9 uma rea\u00e7\u00e3o passageira e intr\u00ednseca \u00e0 vida, e o entendimento e empatia por essa realidade s\u00e3o vitais para a sa\u00fade mental e o bem-estar.<\/p>\n\n\n\n<figure class=\"wp-block-image size-full has-custom-border not-show-desktop\"><a href=\"https:\/\/medleve.com\/?utm_term=omens&amp;utm_content=omens\"><img data-dominant-color=\"3c403f\" data-has-transparency=\"false\" decoding=\"async\" width=\"700\" height=\"400\" src=\"https:\/\/blog1.omens.com.br\/wp-content\/uploads\/2025\/10\/precisando-de-receita-medica-para-emagrecer-consiga-aqui.jpg\" alt=\"\" class=\"wp-image-28421 not-transparent\" style=\"--dominant-color: #3c403f; border-radius:15px\"\/><\/a><\/figure>\n\n\n\n<figure class=\"wp-block-image size-full has-custom-border not-show-mobile\"><a href=\"https:\/\/medleve.com\/?utm_term=omens&amp;utm_content=omens\"><img data-dominant-color=\"3f3f30\" data-has-transparency=\"false\" loading=\"lazy\" decoding=\"async\" width=\"700\" height=\"190\" src=\"https:\/\/blog1.omens.com.br\/wp-content\/uploads\/2025\/10\/precisando-de-receita-medica-para-emagrecer-com-canetas-e-aqui.jpg\" alt=\"\" class=\"wp-image-28422 not-transparent\" style=\"--dominant-color: #3f3f30; border-radius:15px\"\/><\/a><\/figure>\n\n\n\n<h2 class=\"wp-block-heading\"><span class=\"ez-toc-section\" id=\"Sintomas_fisicos_a_ansiedade_no_corpo\"><\/span>Sintomas f\u00edsicos: a ansiedade no corpo<span class=\"ez-toc-section-end\"><\/span><\/h2>\n\n\n\n<hr>\n\n\n\n<p>A vida contempor\u00e2nea \u00e9 frequentemente caracterizada como um cen\u00e1rio desafiador, repleto de intensas experi\u00eancias emocionais. No contexto dessa complexa jornada, a ansiedade emerge como um intruso indesejado na montanha-russa da exist\u00eancia humana. Vamos ver agora alguns sintomas f\u00edsicos da ansiedade.<\/p>\n\n\n\n<h3 class=\"wp-block-heading\"><span class=\"ez-toc-section\" id=\"Batimento_cardiaco_acelerado\"><\/span>Batimento card\u00edaco acelerado<span class=\"ez-toc-section-end\"><\/span><\/h3>\n\n\n\n<p>Um sintoma comum \u00e9 a acelera\u00e7\u00e3o do ritmo card\u00edaco, geralmente causada pela ativa\u00e7\u00e3o dos horm\u00f4nios do estresse (adrenalina, cortisol) em situa\u00e7\u00f5es de sobressalto. Essa acelera\u00e7\u00e3o pode levar a palpita\u00e7\u00f5es card\u00edacas, e a longo prazo, os sintomas card\u00edacos relacionados \u00e0 ansiedade. Pode ocasionar problemas de sa\u00fade como hipertens\u00e3o, doen\u00e7as card\u00edacas, aterosclerose, hipercolesterolemia, acidente vascular cerebral e infarto<\/p>\n\n\n\n<h3 class=\"wp-block-heading\"><span class=\"ez-toc-section\" id=\"Respiracao_rapida_curta\"><\/span>Respira\u00e7\u00e3o r\u00e1pida \/ curta<span class=\"ez-toc-section-end\"><\/span><\/h3>\n\n\n\n<p>A acelera\u00e7\u00e3o da frequ\u00eancia respirat\u00f3ria \u00e9 outro sintoma f\u00edsico associado \u00e0 ansiedade, acompanhando frequentemente o aumento do ritmo card\u00edaco. Sob circunst\u00e2ncias de medo ou ansiedade, a pessoa pode come\u00e7ar a respirar mais rapidamente, podendo at\u00e9 experienciar dificuldade respirat\u00f3ria. Em situa\u00e7\u00f5es graves, a hiperventila\u00e7\u00e3o pode causar tonturas e desmaios, representando risco, especialmente com condi\u00e7\u00f5es respirat\u00f3rias.<\/p>\n\n\n\n<h3 class=\"wp-block-heading\"><span class=\"ez-toc-section\" id=\"Reacao_de_Lutar_Fugir_ou_Congelar\"><\/span>Rea\u00e7\u00e3o de Lutar, Fugir ou Congelar&nbsp;<span class=\"ez-toc-section-end\"><\/span><\/h3>\n\n\n\n<p>O fen\u00f4meno da &#8220;rea\u00e7\u00e3o de lutar, fugir ou congelar&#8221; \u00e9 um conjunto de sintomas que se manifesta quando uma pessoa reage a uma situa\u00e7\u00e3o amea\u00e7adora.<\/p>\n\n\n\n<p>O susto desencadeia a libera\u00e7\u00e3o de horm\u00f4nios espec\u00edficos que ativam respostas coordenadas pelo c\u00e9rebro, medula espinhal e sistema nervoso. Esse processo resulta na redistribui\u00e7\u00e3o de sangue e glicose para os membros, preparando o corpo para a <strong>confronta\u00e7\u00e3o<\/strong> ou <strong>fuga<\/strong> em face da poss\u00edvel amea\u00e7a. A frequ\u00eancia card\u00edaca e a respira\u00e7\u00e3o aceleram, enquanto suor excessivo e tremores podem ocorrer como respostas fisiol\u00f3gicas. No <strong>congelamento<\/strong>, h\u00e1 aus\u00eancia total de movimentos aparentes, exceto aqueles respons\u00e1veis pela respira\u00e7\u00e3o<\/p>\n\n\n\n<h3 class=\"wp-block-heading\"><span class=\"ez-toc-section\" id=\"Tensao_muscular\"><\/span>Tens\u00e3o muscular<span class=\"ez-toc-section-end\"><\/span><\/h3>\n\n\n\n<p>A tens\u00e3o muscular \u00e9 uma rea\u00e7\u00e3o do corpo \u00e0 ansiedade, pois ele se prepara para autodefesa.&nbsp;<\/p>\n\n\n\n<p>Em situa\u00e7\u00f5es de alarme, os m\u00fasculos podem contrair-se de forma significativa. Inicialmente, as tens\u00f5es musculares tendem a diminuir com o al\u00edvio do estresse, mas, persistindo, podem causar dores de cabe\u00e7a, incluindo enxaquecas. A aplica\u00e7\u00e3o de t\u00e9cnicas de relaxamento, como a respira\u00e7\u00e3o profunda e a pr\u00e1tica de ioga, pode constituir estrat\u00e9gias eficazes para mitigar esses efeitos prejudiciais.<\/p>\n\n\n\n<h3 class=\"wp-block-heading\"><span class=\"ez-toc-section\" id=\"Problemas_sexuais_masculinos\"><\/span>Problemas sexuais masculinos<span class=\"ez-toc-section-end\"><\/span><\/h3>\n\n\n\n<p>Al\u00e9m disso, \u00e9 pertinente destacar que, no contexto masculino, a ansiedade pode ter implica\u00e7\u00f5es nos dom\u00ednios da sexualidade. O estresse inicial ativa a resposta de &#8220;lutar ou fugir&#8221; e a produ\u00e7\u00e3o de testosterona, mas a ansiedade cr\u00f4nica diminui a testosterona, afetando a sa\u00fade sexual \u2013 bem como ativa a resposta de medo da falhar que envolvem outros aspectos emocionais, gerando mais inseguran\u00e7a ao homem na hora de se relacionar.&nbsp;<\/p>\n\n\n\n<p>Compreender os efeitos da ansiedade no corpo \u00e9 vital para promover a sa\u00fade f\u00edsica e mental. Abordar a ansiedade com empatia e cuidado \u00e9 de suma import\u00e2ncia, visto que a busca por solu\u00e7\u00f5es e suporte \u00e9 fundamental para mitigar esses impactos adversos.<\/p>\n\n\n\n<h2 class=\"wp-block-heading\"><span class=\"ez-toc-section\" id=\"Sintomas_psicologicos\"><\/span>Sintomas psicol\u00f3gicos<span class=\"ez-toc-section-end\"><\/span><\/h2>\n\n\n\n<hr>\n\n\n\n<p>A ansiedade, essa companheira fiel de muitos de n\u00f3s, pode realmente mexer com a nossa cabe\u00e7a de um jeito surpreendente. \u00c0s vezes, parece que nossa mente \u00e9 uma montanha-russa de pensamentos, emo\u00e7\u00f5es e preocupa\u00e7\u00f5es. Vamos dar uma olhada em alguns desses efeitos psicol\u00f3gicos da ansiedade:<\/p>\n\n\n\n<h3 class=\"wp-block-heading\"><span class=\"ez-toc-section\" id=\"Ver_perigo_em_situacoes_cotidianas\"><\/span>Ver perigo em situa\u00e7\u00f5es cotidianas<span class=\"ez-toc-section-end\"><\/span><\/h3>\n\n\n\n<p>Perceber o perigo nas situa\u00e7\u00f5es cotidianas \u00e9 um tra\u00e7o evolutivo de autopreserva\u00e7\u00e3o, mas, em um mundo moderno, essa tend\u00eancia excessiva pode resultar em ansiedade e distor\u00e7\u00f5es na realidade. Embora seja inato e \u00fatil, esse instinto de vigil\u00e2ncia pode sobrecarregar nossas vidas cotidianas quando aplicado de maneira desproporcional.<\/p>\n\n\n\n<p>Indiv\u00edduos com transtorno de ansiedade frequentemente ampliam perigos em situa\u00e7\u00f5es evitadas, resultando em medos desproporcionais. Alguns, por exemplo, t\u00eam medo de usar elevadores e chegam a imaginar cen\u00e1rios tr\u00e1gicos, alimentando a ansiedade. Para muitos, o medo \u00e9 irracional, mas real, e a busca de ajuda profissional \u00e9 essencial para superar esses temores infundados e recuperar qualidade de vida.<\/p>\n\n\n\n<p>Nas camadas mais profundas do emocional, a ansiedade distorce a realidade nos fazendo criar altas expectativas e alto n\u00edvel de exig\u00eancias consigo mesmo e com outros, muita necessidade de controle, al\u00e9m de gerar conflitos internos que n\u00e3o permitem identificar emo\u00e7\u00f5es escondidas (inseguran\u00e7a, medo, raiva ou culpa, por exemplo). Indiv\u00edduos com ansiedade tamb\u00e9m t\u00eam baixa percep\u00e7\u00e3o dos pr\u00f3prios recursos.&nbsp;<\/p>\n\n\n\n<h3 class=\"wp-block-heading\"><span class=\"ez-toc-section\" id=\"Pensamentos_obsessivos\"><\/span>Pensamentos obsessivos<span class=\"ez-toc-section-end\"><\/span><\/h3>\n\n\n\n<p>Os pensamentos obsessivos s\u00e3o complexos na sa\u00fade mental, caracterizados por pensamentos indesejados e angustiantes. Esses pensamentos se repetem, causando afli\u00e7\u00e3o e levando frequentemente a sentimentos de vergonha e culpa, embora o indiv\u00edduo tenha pouco ou nenhum controle sobre eles. Esse dilema emocional perpetua um ciclo de ansiedade, pois os esfor\u00e7os para evitar ou reprimir esses pensamentos geralmente resultam em sua intensifica\u00e7\u00e3o.<\/p>\n\n\n\n<p>Estudos de neuroimagem destacam correla\u00e7\u00f5es entre pensamentos obsessivos e anomalias neurol\u00f3gicas, mas as causas permanecem pouco compreendidas. Esses pensamentos persistentes constituem um tra\u00e7o caracter\u00edstico das obsess\u00f5es, que por sua vez representam um dos sintomas centrais do Transtorno Obsessivo-Compulsivo (TOC).<\/p>\n\n\n\n<p>De acordo com um <a href=\"https:\/\/www.sciencedirect.com\/science\/article\/abs\/pii\/S0278584605003477\" target=\"_blank\" rel=\"noreferrer noopener\">estudo canadense<\/a>, o Transtorno Obsessivo Compulsivo (OCD) \u00e9 classificado como um transtorno de ansiedade. Al\u00e9m disso, se observa a ocorr\u00eancia desses pensamentos em outros contextos de transtornos de ansiedade, como a distimia, o transtorno bipolar e a depress\u00e3o. \u00c9 crucial notar que esses pensamentos podem surgir ocasionalmente mesmo em pessoas sem diagn\u00f3stico formal.<\/p>\n\n\n\n<h3 class=\"wp-block-heading\"><span class=\"ez-toc-section\" id=\"Insonia\"><\/span>Ins\u00f4nia<span class=\"ez-toc-section-end\"><\/span><\/h3>\n\n\n\n<p>Indubitavelmente, a ansiedade afeta profundamente a qualidade do sono, agravando-se especialmente em situa\u00e7\u00f5es de import\u00e2ncia pessoal. Para quem enfrenta a ansiedade, desconectar-se ap\u00f3s um dia de trabalho pode ser desafiador. As noites frequentemente se transformam em horas de vig\u00edlia, com pensamentos incessantes sobre o passado e preocupa\u00e7\u00f5es com o futuro. Sintomas durante o sono podem variar, incluindo a dificuldade de adormecer devido a pensamentos perturbadores. A ansiedade torna-se uma indesejada companheira noturna, resultando em noites em claro e sono elusivo.<\/p>\n\n\n\n<p>Os sintomas ao acordar relacionados \u00e0 ansiedade persistem, resultando em exaust\u00e3o e irritabilidade. Noites inquietas deixam uma sensa\u00e7\u00e3o de descanso inadequado, dificultando o in\u00edcio do dia. Em situa\u00e7\u00f5es mais severas, \u00e9 poss\u00edvel at\u00e9 pegar no sono, mas acordar no meio da noite, tendo sonhado com preocupa\u00e7\u00f5es.<\/p>\n\n\n\n<h3 class=\"wp-block-heading\"><span class=\"ez-toc-section\" id=\"Estar_sempre_a_beira_de_um_ataque_de_nervos\"><\/span>Estar sempre \u00e0 beira de um ataque de nervos<span class=\"ez-toc-section-end\"><\/span><\/h3>\n\n\n\n<p>A ansiedade causa falta de ar, medo intenso, aperto no peito, choro excessivo e outras manifesta\u00e7\u00f5es. Essa pessoa geralmente passa do sentimento de euforia indo \u00e0s l\u00e1grimas em pouco tempo.<\/p>\n\n\n\n<p>Em picos de estresse, come\u00e7am a surgir esses sintomas de irritabilidade e mudan\u00e7as bruscas de humor sem nenhuma explica\u00e7\u00e3o.<\/p>\n\n\n\n<h2 class=\"wp-block-heading\"><span class=\"ez-toc-section\" id=\"Pressentindo_crises_de_ansiedade\"><\/span>Pressentindo crises de ansiedade<span class=\"ez-toc-section-end\"><\/span><\/h2>\n\n\n\n<hr>\n\n\n\n<p>Pressentir a imin\u00eancia de um ataque de ansiedade \u00e9 angustiante para muitos que sofrem com o dist\u00farbio. Esses ataques s\u00e3o manifesta\u00e7\u00f5es extremas de estresse, surgindo de repente e avassalando. No entanto, \u00e9 fundamental reconhecer os primeiros sinais, que podem se manifestar suavemente. Come\u00e7am com um desconforto no est\u00f4mago e evoluem para sintomas como aperto no peito e taquicardia.<\/p>\n\n\n\n<p>\u00c0 medida que a ansiedade se aprofunda, tonturas, comportamentos irracionais e dificuldades na respira\u00e7\u00e3o podem surgir. Embora os ataques sejam como tempestades s\u00fabitas, eles podem ser tratados. N\u00e3o importa se s\u00e3o eventos isolados ou relacionados a outros transtornos; ajuda profissional est\u00e1 dispon\u00edvel para apoi\u00e1-lo.<\/p>\n\n\n\n<h3 class=\"wp-block-heading\"><span class=\"ez-toc-section\" id=\"Aprendendo_a_lidar_com_ataques_de_ansiedade\"><\/span>Aprendendo a lidar com ataques de ansiedade<span class=\"ez-toc-section-end\"><\/span><\/h3>\n\n\n\n<p>Quando os sinais de um ataque de ansiedade aparecem, lembre-se de que <strong>voc\u00ea n\u00e3o est\u00e1 sozinho<\/strong>. Muitas pessoas enfrentam isso, e h\u00e1 maneiras de lidar com a situa\u00e7\u00e3o de maneira mais tranquila. Comece redirecionando seus pensamentos para uma perspectiva positiva. Em vez de focar no pior cen\u00e1rio, busque uma vis\u00e3o otimista. A <em>Terapia Cognitivo-Comportamental<\/em> pode ensinar essa habilidade, ajudando a retomar o controle emocional. Do mesmo modo, a <em>Terapia EMDR<\/em> pode auxiliar: trata-se de uma t\u00e9cnica de reprocessamento de mem\u00f3rias que te ajudar\u00e1 a redescobrir seus recursos, possibilitando lidar com situa\u00e7\u00f5es dif\u00edceis e te fazendo sentir capaz em lidar&nbsp;com situa\u00e7\u00f5es futuras \u2013 principalmente se voc\u00ea tem sintomas de TEPT (transtorno de estresse p\u00f3s-traum\u00e1tico) presente.<\/p>\n\n\n\n<p>Al\u00e9m disso, experimente a respira\u00e7\u00e3o controlada com cinco inspira\u00e7\u00f5es profundas, segure e expire lentamente para acalmar-se. Essa t\u00e9cnica n\u00e3o apenas acalma o corpo, mas clareia a mente e mant\u00e9m o foco. Ou h\u00e1, ainda, a t\u00e9cnica do 3 3 3: nomeie 3 coisas do ambiente que voc\u00ea pode ver, fale 3 sons que voc\u00ea est\u00e1 ouvindo e movimente 3 partes do seu corpo.<\/p>\n\n\n\n<p>Se n\u00e3o funcionar, pratique atividades suaves como yoga, caminhadas ou alongamentos para liberar a tens\u00e3o nervosa de maneira positiva. Registrar experi\u00eancias, incluindo locais, sentimentos e pensamentos em epis\u00f3dios de ansiedade, pode proporcionar uma abordagem l\u00f3gica. Lembre-se de que voc\u00ea n\u00e3o precisa enfrentar isso sozinho; apoio est\u00e1 dispon\u00edvel para ajud\u00e1-lo nesse processo.<\/p>\n\n\n<div class=\"amp-cta\">\n<span class=\"novo-cta-title\" style=\"text-align:center;display:block;\">Garanta sua prescri\u00e7\u00e3o e compre j\u00e1 sua caneta de emagrecimento<\/span><\/p>\n<p style=\"text-align:center;\"><a class=\"amp-cta-button falar-com-especialista\" href=\"https:\/\/medleve.com\/?utm_term=omens&amp;utm_content=omens\" target=\"_self\" rel=\"noopener\" data-wpel-link=\"internal\"> Iniciar Consulta Agora <\/a><\/p>\n<p class=\"novo-cta-subtitle\">Perder peso custa menos do que voc\u00ea imagina!<\/p>\n<\/div>\n\n\n\n<h2 class=\"wp-block-heading\"><span class=\"ez-toc-section\" id=\"Conclusao\"><\/span>Conclus\u00e3o<span class=\"ez-toc-section-end\"><\/span><\/h2>\n\n\n\n<hr>\n\n\n\n<p>A ansiedade \u00e9 uma emo\u00e7\u00e3o humana, variando individualmente, podendo ser adaptativa ou causar sofrimento. Abordando-a <em>biopsicossocialmente<\/em>, este artigo revela suas origens e prop\u00f3sitos t\u00edpicos, explorando influ\u00eancias biol\u00f3gicas, psicol\u00f3gicas e sociais em transtornos de ansiedade. O tratamento fundamentado em pesquisa interdisciplinar \u00e9 essencial, oferecendo abordagens eficazes que j\u00e1 ajudaram muitas pessoas a recuperar sua sa\u00fade e bem-estar. O futuro \u00e9 promissor, com avan\u00e7os cont\u00ednuos no tratamento da ansiedade, oferecendo esperan\u00e7a e al\u00edvio. Voc\u00ea n\u00e3o est\u00e1 sozinho; o apoio est\u00e1 dispon\u00edvel para uma vida mais equilibrada e saud\u00e1vel.<\/p>\n","protected":false},"excerpt":{"rendered":"<p>N\u00edveis moderados de ansiedade fazem parte do instinto de sobreviv\u00eancia humano. Quando algu\u00e9m enfrenta uma amea\u00e7a, o corpo reage para aumentar o foco e a\u00e7\u00e3o. No entanto, algumas pessoas lutam contra uma ansiedade constante ou avassaladora durante seu dia a dia, mesmo quando n\u00e3o h\u00e1 uma poss\u00edvel amea\u00e7a real. O estresse, nervosismo, p\u00e2nico e &nbsp;sintomas [&hellip;]<\/p>\n","protected":false},"author":17,"featured_media":24185,"comment_status":"open","ping_status":"open","sticky":false,"template":"","format":"standard","meta":{"footnotes":""},"categories":[236],"tags":[237],"class_list":["post-24176","post","type-post","status-publish","format-standard","has-post-thumbnail","hentry","category-ansiedade","tag-escrito-por-tieny"],"yoast_head":"<!-- This site is optimized with the Yoast SEO plugin v27.5 - https:\/\/yoast.com\/product\/yoast-seo-wordpress\/ -->\n<title>Quais os sintomas da ansiedade e como pressentir uma crise<\/title>\n<meta name=\"description\" content=\"Choro? P\u00e2nico? Estresse? Nervosismo? M\u00e1s noites de sono? Conhe\u00e7a os sintomas da ansiedade que afetam at\u00e9 mesmo o cora\u00e7\u00e3o!\" \/>\n<meta name=\"robots\" content=\"index, follow, max-snippet:-1, max-image-preview:large, max-video-preview:-1\" \/>\n<link rel=\"canonical\" href=\"https:\/\/omens.com.br\/blog\/ansiedade\/sintomas-de-ansiedade\/\" \/>\n<meta property=\"og:locale\" content=\"pt_BR\" \/>\n<meta property=\"og:type\" content=\"article\" \/>\n<meta property=\"og:title\" content=\"Quais os sintomas da ansiedade e como pressentir uma crise\" \/>\n<meta property=\"og:description\" content=\"Choro? P\u00e2nico? Estresse? Nervosismo? M\u00e1s noites de sono? Conhe\u00e7a os sintomas da ansiedade que afetam at\u00e9 mesmo o cora\u00e7\u00e3o!\" \/>\n<meta property=\"og:url\" content=\"https:\/\/omens.com.br\/blog\/ansiedade\/sintomas-de-ansiedade\/\" \/>\n<meta property=\"og:site_name\" content=\"Blog Omens\" \/>\n<meta property=\"article:publisher\" content=\"https:\/\/www.facebook.com\/Omensbrasil\/\" \/>\n<meta property=\"article:published_time\" content=\"2023-10-19T16:34:28+00:00\" \/>\n<meta property=\"article:modified_time\" content=\"2025-11-23T23:12:56+00:00\" \/>\n<meta property=\"og:image\" content=\"https:\/\/blog1.omens.com.br\/wp-content\/uploads\/2023\/12\/sintomas-fisicos-e-psicologicos-da-ansiedade-crises-e-panico-omens.webp\" \/>\n\t<meta property=\"og:image:width\" content=\"1\" \/>\n\t<meta property=\"og:image:height\" content=\"1\" \/>\n\t<meta property=\"og:image:type\" content=\"image\/webp\" \/>\n<meta name=\"author\" content=\"Dra. Thais Della Tonia\" \/>\n<meta name=\"twitter:card\" content=\"summary_large_image\" \/>\n<meta name=\"twitter:creator\" content=\"@omensbr\" \/>\n<meta name=\"twitter:site\" content=\"@omensbr\" \/>\n<meta name=\"twitter:label1\" content=\"Escrito por\" \/>\n\t<meta name=\"twitter:data1\" content=\"Dra. Thais Della Tonia\" \/>\n\t<meta name=\"twitter:label2\" content=\"Est. tempo de leitura\" \/>\n\t<meta name=\"twitter:data2\" content=\"15 minutos\" \/>\n<!-- \/ Yoast SEO plugin. -->","yoast_head_json":{"title":"Quais os sintomas da ansiedade e como pressentir uma crise","description":"Choro? P\u00e2nico? Estresse? Nervosismo? M\u00e1s noites de sono? Conhe\u00e7a os sintomas da ansiedade que afetam at\u00e9 mesmo o cora\u00e7\u00e3o!","robots":{"index":"index","follow":"follow","max-snippet":"max-snippet:-1","max-image-preview":"max-image-preview:large","max-video-preview":"max-video-preview:-1"},"canonical":"https:\/\/omens.com.br\/blog\/ansiedade\/sintomas-de-ansiedade\/","og_locale":"pt_BR","og_type":"article","og_title":"Quais os sintomas da ansiedade e como pressentir uma crise","og_description":"Choro? P\u00e2nico? Estresse? Nervosismo? M\u00e1s noites de sono? Conhe\u00e7a os sintomas da ansiedade que afetam at\u00e9 mesmo o cora\u00e7\u00e3o!","og_url":"https:\/\/omens.com.br\/blog\/ansiedade\/sintomas-de-ansiedade\/","og_site_name":"Blog Omens","article_publisher":"https:\/\/www.facebook.com\/Omensbrasil\/","article_published_time":"2023-10-19T16:34:28+00:00","article_modified_time":"2025-11-23T23:12:56+00:00","og_image":[{"url":"https:\/\/blog1.omens.com.br\/wp-content\/uploads\/2023\/12\/sintomas-fisicos-e-psicologicos-da-ansiedade-crises-e-panico-omens.webp","width":1,"height":1,"type":"image\/webp"}],"author":"Dra. Thais Della Tonia","twitter_card":"summary_large_image","twitter_creator":"@omensbr","twitter_site":"@omensbr","twitter_misc":{"Escrito por":"Dra. Thais Della Tonia","Est. tempo de leitura":"15 minutos"},"schema":{"@context":"https:\/\/schema.org","@graph":[{"@type":"Article","@id":"https:\/\/omens.com.br\/blog\/ansiedade\/sintomas-de-ansiedade\/#article","isPartOf":{"@id":"https:\/\/omens.com.br\/blog\/ansiedade\/sintomas-de-ansiedade\/"},"author":{"name":"Dra. Thais Della Tonia","@id":"https:\/\/omens.com.br\/blog\/#\/schema\/person\/d1a1b4d37502fb8db355103a18e7cf8b"},"headline":"Os sintomas f\u00edsicos e psicol\u00f3gicos da ansiedade","datePublished":"2023-10-19T16:34:28+00:00","dateModified":"2025-11-23T23:12:56+00:00","mainEntityOfPage":{"@id":"https:\/\/omens.com.br\/blog\/ansiedade\/sintomas-de-ansiedade\/"},"wordCount":3022,"commentCount":1,"publisher":{"@id":"https:\/\/omens.com.br\/blog\/#organization"},"image":{"@id":"https:\/\/omens.com.br\/blog\/ansiedade\/sintomas-de-ansiedade\/#primaryimage"},"thumbnailUrl":"https:\/\/blog1.omens.com.br\/wp-content\/uploads\/2023\/12\/sintomas-fisicos-e-psicologicos-da-ansiedade-crises-e-panico-omens.webp","keywords":["escrito por Tieny"],"articleSection":["Ansiedade"],"inLanguage":"pt-BR","potentialAction":[{"@type":"CommentAction","name":"Comment","target":["https:\/\/omens.com.br\/blog\/ansiedade\/sintomas-de-ansiedade\/#respond"]}]},{"@type":"WebPage","@id":"https:\/\/omens.com.br\/blog\/ansiedade\/sintomas-de-ansiedade\/","url":"https:\/\/omens.com.br\/blog\/ansiedade\/sintomas-de-ansiedade\/","name":"Quais os sintomas da ansiedade e como pressentir uma crise","isPartOf":{"@id":"https:\/\/omens.com.br\/blog\/#website"},"primaryImageOfPage":{"@id":"https:\/\/omens.com.br\/blog\/ansiedade\/sintomas-de-ansiedade\/#primaryimage"},"image":{"@id":"https:\/\/omens.com.br\/blog\/ansiedade\/sintomas-de-ansiedade\/#primaryimage"},"thumbnailUrl":"https:\/\/blog1.omens.com.br\/wp-content\/uploads\/2023\/12\/sintomas-fisicos-e-psicologicos-da-ansiedade-crises-e-panico-omens.webp","datePublished":"2023-10-19T16:34:28+00:00","dateModified":"2025-11-23T23:12:56+00:00","description":"Choro? P\u00e2nico? Estresse? Nervosismo? M\u00e1s noites de sono? Conhe\u00e7a os sintomas da ansiedade que afetam at\u00e9 mesmo o cora\u00e7\u00e3o!","breadcrumb":{"@id":"https:\/\/omens.com.br\/blog\/ansiedade\/sintomas-de-ansiedade\/#breadcrumb"},"inLanguage":"pt-BR","potentialAction":[{"@type":"ReadAction","target":["https:\/\/omens.com.br\/blog\/ansiedade\/sintomas-de-ansiedade\/"]}]},{"@type":"ImageObject","inLanguage":"pt-BR","@id":"https:\/\/omens.com.br\/blog\/ansiedade\/sintomas-de-ansiedade\/#primaryimage","url":"https:\/\/blog1.omens.com.br\/wp-content\/uploads\/2023\/12\/sintomas-fisicos-e-psicologicos-da-ansiedade-crises-e-panico-omens.webp","contentUrl":"https:\/\/blog1.omens.com.br\/wp-content\/uploads\/2023\/12\/sintomas-fisicos-e-psicologicos-da-ansiedade-crises-e-panico-omens.webp","caption":"gatinho com os olhos arregalados e a boca aberta, a tens\u00e3o muscular pode ser um sintoma de ansiedade"},{"@type":"BreadcrumbList","@id":"https:\/\/omens.com.br\/blog\/ansiedade\/sintomas-de-ansiedade\/#breadcrumb","itemListElement":[{"@type":"ListItem","position":1,"name":"BLOG OMENS","item":"https:\/\/omens.com.br\/blog\/"},{"@type":"ListItem","position":2,"name":"Ansiedade","item":"https:\/\/omens.com.br\/blog\/https:\/omens.com.br\/blog\/ansiedade\/ansiedade\/"},{"@type":"ListItem","position":3,"name":"Os sintomas f\u00edsicos e psicol\u00f3gicos da ansiedade"}]},{"@type":"WebSite","@id":"https:\/\/omens.com.br\/blog\/#website","url":"https:\/\/omens.com.br\/blog\/","name":"Blog Omens","description":"A Omens \u00e9 uma plataforma de intermedia\u00e7\u00e3o de sa\u00fade dedicada ao homem. Ela re\u00fane especialistas brasileiros, urologistas e farmac\u00eauticos para construir uma solu\u00e7\u00e3o de qualidade, segura e acess\u00edvel para todos.","publisher":{"@id":"https:\/\/omens.com.br\/blog\/#organization"},"potentialAction":[{"@type":"SearchAction","target":{"@type":"EntryPoint","urlTemplate":"https:\/\/omens.com.br\/blog\/?s={search_term_string}"},"query-input":{"@type":"PropertyValueSpecification","valueRequired":true,"valueName":"search_term_string"}}],"inLanguage":"pt-BR"},{"@type":"Organization","@id":"https:\/\/omens.com.br\/blog\/#organization","name":"Omens","url":"https:\/\/omens.com.br\/blog\/","logo":{"@type":"ImageObject","inLanguage":"pt-BR","@id":"https:\/\/omens.com.br\/blog\/#\/schema\/logo\/image\/","url":"https:\/\/blog1.omens.com.br\/wp-content\/uploads\/2024\/06\/logo-omens-blog-wide.png","contentUrl":"https:\/\/blog1.omens.com.br\/wp-content\/uploads\/2024\/06\/logo-omens-blog-wide.png","width":200,"height":73,"caption":"Omens"},"image":{"@id":"https:\/\/omens.com.br\/blog\/#\/schema\/logo\/image\/"},"sameAs":["https:\/\/www.facebook.com\/Omensbrasil\/","https:\/\/x.com\/omensbr"]},{"@type":"Person","@id":"https:\/\/omens.com.br\/blog\/#\/schema\/person\/d1a1b4d37502fb8db355103a18e7cf8b","name":"Dra. Thais Della Tonia","sameAs":["https:\/\/omens.com.br\/author\/dra-thais-della-tonia\/"]}]}},"_links":{"self":[{"href":"https:\/\/omens.com.br\/blog\/wp-json\/wp\/v2\/posts\/24176","targetHints":{"allow":["GET"]}}],"collection":[{"href":"https:\/\/omens.com.br\/blog\/wp-json\/wp\/v2\/posts"}],"about":[{"href":"https:\/\/omens.com.br\/blog\/wp-json\/wp\/v2\/types\/post"}],"author":[{"embeddable":true,"href":"https:\/\/omens.com.br\/blog\/wp-json\/wp\/v2\/users\/17"}],"replies":[{"embeddable":true,"href":"https:\/\/omens.com.br\/blog\/wp-json\/wp\/v2\/comments?post=24176"}],"version-history":[{"count":9,"href":"https:\/\/omens.com.br\/blog\/wp-json\/wp\/v2\/posts\/24176\/revisions"}],"predecessor-version":[{"id":28673,"href":"https:\/\/omens.com.br\/blog\/wp-json\/wp\/v2\/posts\/24176\/revisions\/28673"}],"wp:featuredmedia":[{"embeddable":true,"href":"https:\/\/omens.com.br\/blog\/wp-json\/wp\/v2\/media\/24185"}],"wp:attachment":[{"href":"https:\/\/omens.com.br\/blog\/wp-json\/wp\/v2\/media?parent=24176"}],"wp:term":[{"taxonomy":"category","embeddable":true,"href":"https:\/\/omens.com.br\/blog\/wp-json\/wp\/v2\/categories?post=24176"},{"taxonomy":"post_tag","embeddable":true,"href":"https:\/\/omens.com.br\/blog\/wp-json\/wp\/v2\/tags?post=24176"}],"curies":[{"name":"wp","href":"https:\/\/api.w.org\/{rel}","templated":true}]}}