{"id":23681,"date":"2023-04-21T13:31:00","date_gmt":"2023-04-21T16:31:00","guid":{"rendered":"https:\/\/blog1.omens.com.br\/?p=23681"},"modified":"2025-11-25T05:25:45","modified_gmt":"2025-11-25T08:25:45","slug":"mmp-capilar","status":"publish","type":"post","link":"https:\/\/omens.com.br\/blog\/perda-de-cabelo\/mmp-capilar\/","title":{"rendered":"MMP: conhe\u00e7a a microinfus\u00e3o capilar"},"content":{"rendered":"\n<div style=\"height:20px\" aria-hidden=\"true\" class=\"wp-block-spacer\"><\/div>\n\n\n\n<p>A perda de cabelo \u00e9 um problema que afeta muitas pessoas em todo o mundo. Felizmente, avan\u00e7os na \u00e1rea da dermatologia t\u00eam proporcionado solu\u00e7\u00f5es inovadoras para tratar a perda de cabelo e estimular o crescimento capilar.&nbsp;<\/p>\n\n\n\n<p>Um desses avan\u00e7os \u00e9 a Microinfus\u00e3o Capilar, tamb\u00e9m conhecida como MMP (Microinfus\u00e3o de Medicamentos na Pele).&nbsp; Hoje, na Omens, vamos explorar os detalhes do procedimento de MMP, seus benef\u00edcios, resultados antes e depois e muitos outros pontos interessantes sobre essa t\u00e9cnica.<\/p>\n\n\n\n<div style=\"height:20px\" aria-hidden=\"true\" class=\"wp-block-spacer\"><\/div>\n\n\n\n<div id=\"ez-toc-container\" class=\"ez-toc-v2_0_74 counter-hierarchy ez-toc-counter ez-toc-custom ez-toc-container-direction\">\n<p class=\"ez-toc-title\" style=\"cursor:inherit\">\u00cdndice<\/p>\n<label for=\"ez-toc-cssicon-toggle-item-69ee4be195cee\" class=\"ez-toc-cssicon-toggle-label\"><span class=\"\"><span class=\"eztoc-hide\" style=\"display:none;\">Toggle<\/span><span class=\"ez-toc-icon-toggle-span\"><svg style=\"fill: #171712;color:#171712\" xmlns=\"http:\/\/www.w3.org\/2000\/svg\" class=\"list-377408\" width=\"20px\" height=\"20px\" viewBox=\"0 0 24 24\" fill=\"none\"><path d=\"M6 6H4v2h2V6zm14 0H8v2h12V6zM4 11h2v2H4v-2zm16 0H8v2h12v-2zM4 16h2v2H4v-2zm16 0H8v2h12v-2z\" fill=\"currentColor\"><\/path><\/svg><svg style=\"fill: #171712;color:#171712\" class=\"arrow-unsorted-368013\" xmlns=\"http:\/\/www.w3.org\/2000\/svg\" width=\"10px\" height=\"10px\" viewBox=\"0 0 24 24\" version=\"1.2\" baseProfile=\"tiny\"><path d=\"M18.2 9.3l-6.2-6.3-6.2 6.3c-.2.2-.3.4-.3.7s.1.5.3.7c.2.2.4.3.7.3h11c.3 0 .5-.1.7-.3.2-.2.3-.5.3-.7s-.1-.5-.3-.7zM5.8 14.7l6.2 6.3 6.2-6.3c.2-.2.3-.5.3-.7s-.1-.5-.3-.7c-.2-.2-.4-.3-.7-.3h-11c-.3 0-.5.1-.7.3-.2.2-.3.5-.3.7s.1.5.3.7z\"\/><\/svg><\/span><\/span><\/label><input type=\"checkbox\"  id=\"ez-toc-cssicon-toggle-item-69ee4be195cee\"  aria-label=\"Alternar\" \/><nav><ul class='ez-toc-list ez-toc-list-level-1 ' ><li class='ez-toc-page-1 ez-toc-heading-level-2'><a class=\"ez-toc-link ez-toc-heading-1\" href=\"https:\/\/omens.com.br\/blog\/perda-de-cabelo\/mmp-capilar\/#Definicao\" >Defini\u00e7\u00e3o<\/a><ul class='ez-toc-list-level-3' ><li class='ez-toc-heading-level-3'><a class=\"ez-toc-link ez-toc-heading-2\" href=\"https:\/\/omens.com.br\/blog\/perda-de-cabelo\/mmp-capilar\/#Para_que_o_MMP_e_utilizado\" >Para que o MMP \u00e9 utilizado?<\/a><\/li><li class='ez-toc-page-1 ez-toc-heading-level-3'><a class=\"ez-toc-link ez-toc-heading-3\" href=\"https:\/\/omens.com.br\/blog\/perda-de-cabelo\/mmp-capilar\/#Como_e_feito_o_procedimento_de_MMP\" >Como \u00e9 feito o procedimento de MMP?<\/a><\/li><\/ul><\/li><li class='ez-toc-page-1 ez-toc-heading-level-2'><a class=\"ez-toc-link ez-toc-heading-4\" href=\"https:\/\/omens.com.br\/blog\/perda-de-cabelo\/mmp-capilar\/#Funciona\" >Funciona?<\/a><ul class='ez-toc-list-level-3' ><li class='ez-toc-heading-level-3'><a class=\"ez-toc-link ez-toc-heading-5\" href=\"https:\/\/omens.com.br\/blog\/perda-de-cabelo\/mmp-capilar\/#Resultados_da_MMP_capilar\" >Resultados da MMP capilar<\/a><\/li><\/ul><\/li><li class='ez-toc-page-1 ez-toc-heading-level-2'><a class=\"ez-toc-link ez-toc-heading-6\" href=\"https:\/\/omens.com.br\/blog\/perda-de-cabelo\/mmp-capilar\/#Preco_medio\" >Pre\u00e7o m\u00e9dio<\/a><\/li><li class='ez-toc-page-1 ez-toc-heading-level-2'><a class=\"ez-toc-link ez-toc-heading-7\" href=\"https:\/\/omens.com.br\/blog\/perda-de-cabelo\/mmp-capilar\/#Efeitos_colaterais\" >Efeitos colaterais<\/a><ul class='ez-toc-list-level-3' ><li class='ez-toc-heading-level-3'><a class=\"ez-toc-link ez-toc-heading-8\" href=\"https:\/\/omens.com.br\/blog\/perda-de-cabelo\/mmp-capilar\/#A_MMP_capilar_doi_muito\" >A MMP capilar d\u00f3i muito?<\/a><\/li><\/ul><\/li><li class='ez-toc-page-1 ez-toc-heading-level-2'><a class=\"ez-toc-link ez-toc-heading-9\" href=\"https:\/\/omens.com.br\/blog\/perda-de-cabelo\/mmp-capilar\/#Conclusao_afinal_vale_a_pena\" >Conclus\u00e3o: afinal, vale a pena?<\/a><\/li><\/ul><\/nav><\/div>\n<h2 class=\"wp-block-heading\"><span class=\"ez-toc-section\" id=\"Definicao\"><\/span>Defini\u00e7\u00e3o<span class=\"ez-toc-section-end\"><\/span><\/h2>\n\n\n\n<hr>\n\n\n\n<p>A Microinfus\u00e3o Capilar, ou MMP capilar, \u00e9 um procedimento n\u00e3o cir\u00fargico que consiste na aplica\u00e7\u00e3o de medicamentos diretamente no couro cabeludo por meio de microagulhas. Essas microagulhas est\u00e3o dispostas em uma caneta, parecida com as canetas utilizadas para tatuagem.<\/p>\n\n\n\n<p>Gra\u00e7as a essas microagulhas, os medicamentos s\u00e3o aplicados de forma precisa e controlada na \u00e1rea afetada pela perda de cabelo. Esses medicamentos podem incluir subst\u00e2ncias como minoxidil, finasterida, fatores de crescimento, vitaminas e outros nutrientes essenciais para estimular o crescimento capilar.<\/p>\n\n\n\n<h3 class=\"wp-block-heading\"><span class=\"ez-toc-section\" id=\"Para_que_o_MMP_e_utilizado\"><\/span>Para que o MMP \u00e9 utilizado?<span class=\"ez-toc-section-end\"><\/span><\/h3>\n\n\n\n<p>Hoje em dia, o MMP \u00e9 utilizado n\u00e3o s\u00f3 para tratar a queda capilar, mas tamb\u00e9m para qualidade de pele, tratamento de manchas, melasma&#8230; dentre muitas outras indica\u00e7\u00f5es. Essa t\u00e9cnica pode ser utilizada para aplicar os mais diversos medicamentos e vitaminas.<\/p>\n\n\n\n<p>A t\u00e9cnica tem se mostrado especialmente eficiente para o tratamento de queda capilar decorrente da alopecia androgen\u00e9tica (calv\u00edcie) e da alopecia areata.<\/p>\n\n\n\n<h3 class=\"wp-block-heading\"><span class=\"ez-toc-section\" id=\"Como_e_feito_o_procedimento_de_MMP\"><\/span>Como \u00e9 feito o procedimento de MMP?<span class=\"ez-toc-section-end\"><\/span><\/h3>\n\n\n\n<p>O procedimento de MMP capilar \u00e9 minimamente invasivo. Por isso, pode ser realizado em consult\u00f3rios m\u00e9dicos ou cl\u00ednicas especializadas.&nbsp; N\u00e3o \u00e9 necess\u00e1rio ficar internado. O procedimento \u00e9 geralmente r\u00e1pido com dura\u00e7\u00e3o de cerca de 30 minutos.&nbsp;<\/p>\n\n\n\n<p>Antes do in\u00edcio do tratamento, o dermatologista avaliar\u00e1 o paciente para determinar a causa da queda de cabelo e verificar se ele \u00e9 um candidato adequado para a t\u00e9cnica. Vale lembrar que existem muitos motivos para a queda de cabelo. Nem todas elas se beneficiam da t\u00e9cnica de MMP. Por isso, a avalia\u00e7\u00e3o dermatol\u00f3gica \u00e9 essencial.<\/p>\n\n\n\n<p>Em seguida, o procedimento pode ser realizado. Na grande maioria dos casos, a anestesia local n\u00e3o \u00e9 necess\u00e1ria, pois o desconforto \u00e9 discreto e r\u00e1pido. Mas essa \u00e9 uma op\u00e7\u00e3o para os pacientes mais sens\u00edveis. Ap\u00f3s as inje\u00e7\u00f5es, o paciente vai para casa e n\u00e3o pode lavar o cabelo por pelo menos 4 horas.<\/p>\n\n\n\n<figure class=\"wp-block-image size-full has-custom-border not-show-desktop\"><a href=\"https:\/\/medleve.com\/?utm_term=omens&amp;utm_content=omens\"><img data-dominant-color=\"69564a\" data-has-transparency=\"false\" fetchpriority=\"high\" decoding=\"async\" width=\"700\" height=\"500\" src=\"https:\/\/blog1.omens.com.br\/wp-content\/uploads\/2025\/10\/a-receita-medica-para-caneta-emagrecedore-69-reais.jpg\" alt=\"\" class=\"wp-image-28424 not-transparent\" style=\"--dominant-color: #69564a; border-radius:15px\" srcset=\"https:\/\/blog1.omens.com.br\/wp-content\/uploads\/2025\/10\/a-receita-medica-para-caneta-emagrecedore-69-reais.jpg 700w, https:\/\/blog1.omens.com.br\/wp-content\/uploads\/2025\/10\/a-receita-medica-para-caneta-emagrecedore-69-reais-560x400.jpg 560w\" sizes=\"(max-width: 700px) 100vw, 700px\" \/><\/a><\/figure>\n\n\n\n<figure class=\"wp-block-image size-full has-custom-border not-show-mobile\"><a href=\"https:\/\/medleve.com\/?utm_term=omens&amp;utm_content=omens\"><img data-dominant-color=\"e2ce5e\" data-has-transparency=\"false\" decoding=\"async\" width=\"700\" height=\"190\" src=\"https:\/\/blog1.omens.com.br\/wp-content\/uploads\/2025\/10\/receita-medica-para-caneta-emagrecedora-so-69-reais.jpg\" alt=\"\" class=\"wp-image-28426 not-transparent\" style=\"--dominant-color: #e2ce5e; border-radius:15px\"\/><\/a><\/figure>\n\n\n\n<h2 class=\"wp-block-heading\"><span class=\"ez-toc-section\" id=\"Funciona\"><\/span>Funciona?<span class=\"ez-toc-section-end\"><\/span><\/h2>\n\n\n\n<hr>\n\n\n\n<p>O MMP como t\u00e9cnica vem despertando a curiosidade de pesquisadores e m\u00e9dicos desde 1990. Ao longo de todos esses anos, vem sendo estudado como uma possibilidade no tratamento da alopecia androgen\u00e9tica e na alopecia areata.&nbsp;<\/p>\n\n\n\n<p>Em um estudo publicado no International Journal of Trichology, dois grupos de pacientes com alopecia androgen\u00e9tica foram separados. Um foi tratado com minoxidil lo\u00e7\u00e3o 5% e outro com a t\u00e9cnica MMP + minoxidil lo\u00e7\u00e3o 5%. O grupo em que a t\u00e9cnica MMP foi aplicada, teve um resultado consideravelmente maior de contagem de fios capilares ap\u00f3s 12 semanas.<\/p>\n\n\n\n<p>Al\u00e9m disso, esse mesmo estudo notou que a t\u00e9cnica em si pode estimular os fol\u00edculos capilares a produzirem novos fios. Ent\u00e3o, sim, a t\u00e9cnica MMP pode ajudar o crescimento capilar.&nbsp;<\/p>\n\n\n\n<h3 class=\"wp-block-heading\"><span class=\"ez-toc-section\" id=\"Resultados_da_MMP_capilar\"><\/span>Resultados da MMP capilar<span class=\"ez-toc-section-end\"><\/span><\/h3>\n\n\n\n<p>Os resultados do MMP capilar podem variar de acordo com cada paciente, mas muitos relatam uma melhora significativa na densidade capilar e no crescimento dos fios nos primeiros meses de tratamento. Normalmente, podemos come\u00e7ar a ver alguma diferen\u00e7a nas primeiras 12 semanas.&nbsp;<\/p>\n\n\n\n<h2 class=\"wp-block-heading\"><span class=\"ez-toc-section\" id=\"Preco_medio\"><\/span>Pre\u00e7o m\u00e9dio<span class=\"ez-toc-section-end\"><\/span><\/h2>\n\n\n\n<hr>\n\n\n\n<p>Os valores do tratamento de MMP capilar podem variar dependendo da cl\u00ednica, da regi\u00e3o geogr\u00e1fica e da extens\u00e3o do tratamento necess\u00e1rio. Geralmente, os valores s\u00e3o calculados com base no n\u00famero de sess\u00f5es necess\u00e1rias para cada paciente, podendo variar de R$ 500 at\u00e9&nbsp; R$ 1800 por sess\u00e3o.<\/p>\n\n\n\n<h2 class=\"wp-block-heading\"><span class=\"ez-toc-section\" id=\"Efeitos_colaterais\"><\/span>Efeitos colaterais<span class=\"ez-toc-section-end\"><\/span><\/h2>\n\n\n\n<hr>\n\n\n\n<p>\u00c9 comum que a \u00e1rea que passou pela MMP fique vermelha e sens\u00edvel por alguns dias ap\u00f3s o procedimento. A maioria desses efeitos some ap\u00f3s 5 dias. Al\u00e9m disso, a aplica\u00e7\u00e3o de minoxidil atrav\u00e9s da t\u00e9cnica de MMP pode levar ao aparecimento de efeitos como:<\/p>\n\n\n\n<ul class=\"wp-block-list\">\n<li>Queima\u00e7\u00e3o no couro cabeludo;<\/li>\n\n\n\n<li>Coceira;<\/li>\n\n\n\n<li>Irrita\u00e7\u00e3o do couro cabeludo;<\/li>\n\n\n\n<li>Sensibilidade a exposi\u00e7\u00e3o solar;<\/li>\n<\/ul>\n\n\n\n<h3 class=\"wp-block-heading\"><span class=\"ez-toc-section\" id=\"A_MMP_capilar_doi_muito\"><\/span>A MMP capilar d\u00f3i muito?<span class=\"ez-toc-section-end\"><\/span><\/h3>\n\n\n\n<p>No geral, o desconforto \u00e9 muito bem tolerado pelos pacientes. Mas, como a sensibilidade dolorosa pode variar muito, em alguns casos optamos pela aplica\u00e7\u00e3o de anest\u00e9sicos t\u00f3picos ou infiltrativos para minimizar o desconforto.&nbsp;<\/p>\n\n\n\n<figure class=\"wp-block-image size-full has-custom-border not-show-desktop\"><a href=\"https:\/\/medleve.com\/?utm_term=omens&amp;utm_content=omens\"><img data-dominant-color=\"3c403f\" data-has-transparency=\"false\" decoding=\"async\" width=\"700\" height=\"400\" src=\"https:\/\/blog1.omens.com.br\/wp-content\/uploads\/2025\/10\/precisando-de-receita-medica-para-emagrecer-consiga-aqui.jpg\" alt=\"\" class=\"wp-image-28421 not-transparent\" style=\"--dominant-color: #3c403f; border-radius:15px\"\/><\/a><\/figure>\n\n\n\n<figure class=\"wp-block-image size-full has-custom-border not-show-mobile\"><a href=\"https:\/\/medleve.com\/?utm_term=omens&amp;utm_content=omens\"><img data-dominant-color=\"3f3f30\" data-has-transparency=\"false\" loading=\"lazy\" decoding=\"async\" width=\"700\" height=\"190\" src=\"https:\/\/blog1.omens.com.br\/wp-content\/uploads\/2025\/10\/precisando-de-receita-medica-para-emagrecer-com-canetas-e-aqui.jpg\" alt=\"\" class=\"wp-image-28422 not-transparent\" style=\"--dominant-color: #3f3f30; border-radius:15px\"\/><\/a><\/figure>\n\n\n\n<h2 class=\"wp-block-heading\"><span class=\"ez-toc-section\" id=\"Conclusao_afinal_vale_a_pena\"><\/span>Conclus\u00e3o: afinal, vale a pena?<span class=\"ez-toc-section-end\"><\/span><\/h2>\n\n\n\n<hr>\n\n\n\n<p>Avaliar se o MMP vale a pena ou n\u00e3o \u00e9 uma decis\u00e3o pessoal que deve ser discutida com um m\u00e9dico especializado. \u00c9 importante considerar fatores como a causa da perda de cabelo, a gravidade do problema, bem como as expectativas dos resultados antes e depois e o custo do tratamento.&nbsp;<\/p>\n\n\n\n<p>Em alguns casos, o MMP capilar pode ser uma op\u00e7\u00e3o eficaz e menos invasiva em compara\u00e7\u00e3o com outros procedimentos mais agressivos, como o transplante capilar.&nbsp;<\/p>\n\n\n\n<p>De qualquer forma, o primeiro passo \u00e9 sempre procurar a ajuda de um dermatologista e entender as causas da queda de cabelo. Juntos, voc\u00eas poder\u00e3o chegar a uma conclus\u00e3o sobre a melhor forma de tratamento.<\/p>\n","protected":false},"excerpt":{"rendered":"<p>A perda de cabelo \u00e9 um problema que afeta muitas pessoas em todo o mundo. Felizmente, avan\u00e7os na \u00e1rea da dermatologia t\u00eam proporcionado solu\u00e7\u00f5es inovadoras para tratar a perda de cabelo e estimular o crescimento capilar.&nbsp; Um desses avan\u00e7os \u00e9 a Microinfus\u00e3o Capilar, tamb\u00e9m conhecida como MMP (Microinfus\u00e3o de Medicamentos na Pele).&nbsp; Hoje, na Omens, [&hellip;]<\/p>\n","protected":false},"author":16,"featured_media":23683,"comment_status":"open","ping_status":"open","sticky":false,"template":"","format":"standard","meta":{"footnotes":""},"categories":[109],"tags":[130],"class_list":["post-23681","post","type-post","status-publish","format-standard","has-post-thumbnail","hentry","category-perda-de-cabelo","tag-escrito-por-seth"],"yoast_head":"<!-- This site is optimized with the Yoast SEO plugin v27.4 - https:\/\/yoast.com\/product\/yoast-seo-wordpress\/ -->\n<title>MMP: conhe\u00e7a a microinfus\u00e3o capilar - Blog Omens<\/title>\n<meta name=\"robots\" content=\"index, follow, max-snippet:-1, max-image-preview:large, max-video-preview:-1\" \/>\n<link rel=\"canonical\" href=\"https:\/\/omens.com.br\/blog\/perda-de-cabelo\/mmp-capilar\/\" \/>\n<meta property=\"og:locale\" content=\"pt_BR\" \/>\n<meta property=\"og:type\" content=\"article\" \/>\n<meta property=\"og:title\" content=\"MMP: conhe\u00e7a a microinfus\u00e3o capilar - Blog Omens\" \/>\n<meta property=\"og:description\" content=\"A perda de cabelo \u00e9 um problema que afeta muitas pessoas em todo o mundo. Felizmente, avan\u00e7os na \u00e1rea da dermatologia t\u00eam proporcionado solu\u00e7\u00f5es inovadoras para tratar a perda de cabelo e estimular o crescimento capilar.&nbsp; Um desses avan\u00e7os \u00e9 a Microinfus\u00e3o Capilar, tamb\u00e9m conhecida como MMP (Microinfus\u00e3o de Medicamentos na Pele).&nbsp; Hoje, na Omens, [&hellip;]\" \/>\n<meta property=\"og:url\" content=\"https:\/\/omens.com.br\/blog\/perda-de-cabelo\/mmp-capilar\/\" \/>\n<meta property=\"og:site_name\" content=\"Blog Omens\" \/>\n<meta property=\"article:publisher\" content=\"https:\/\/www.facebook.com\/Omensbrasil\/\" \/>\n<meta property=\"article:published_time\" content=\"2023-04-21T16:31:00+00:00\" \/>\n<meta property=\"article:modified_time\" content=\"2025-11-25T08:25:45+00:00\" \/>\n<meta property=\"og:image\" content=\"https:\/\/blog1.omens.com.br\/wp-content\/uploads\/2023\/04\/mmp-capilar-antes-e-depois-do-procedimento.webp\" \/>\n\t<meta property=\"og:image:width\" content=\"1\" \/>\n\t<meta property=\"og:image:height\" content=\"1\" \/>\n\t<meta property=\"og:image:type\" content=\"image\/webp\" \/>\n<meta name=\"author\" content=\"Dra. Aline Erthal\" \/>\n<meta name=\"twitter:card\" content=\"summary_large_image\" \/>\n<meta name=\"twitter:creator\" content=\"@omensbr\" \/>\n<meta name=\"twitter:site\" content=\"@omensbr\" \/>\n<meta name=\"twitter:label1\" content=\"Escrito por\" \/>\n\t<meta name=\"twitter:data1\" content=\"Dra. Aline Erthal\" \/>\n\t<meta name=\"twitter:label2\" content=\"Est. tempo de leitura\" \/>\n\t<meta name=\"twitter:data2\" content=\"5 minutos\" \/>\n<!-- \/ Yoast SEO plugin. -->","yoast_head_json":{"title":"MMP: conhe\u00e7a a microinfus\u00e3o capilar - Blog Omens","robots":{"index":"index","follow":"follow","max-snippet":"max-snippet:-1","max-image-preview":"max-image-preview:large","max-video-preview":"max-video-preview:-1"},"canonical":"https:\/\/omens.com.br\/blog\/perda-de-cabelo\/mmp-capilar\/","og_locale":"pt_BR","og_type":"article","og_title":"MMP: conhe\u00e7a a microinfus\u00e3o capilar - Blog Omens","og_description":"A perda de cabelo \u00e9 um problema que afeta muitas pessoas em todo o mundo. Felizmente, avan\u00e7os na \u00e1rea da dermatologia t\u00eam proporcionado solu\u00e7\u00f5es inovadoras para tratar a perda de cabelo e estimular o crescimento capilar.&nbsp; Um desses avan\u00e7os \u00e9 a Microinfus\u00e3o Capilar, tamb\u00e9m conhecida como MMP (Microinfus\u00e3o de Medicamentos na Pele).&nbsp; Hoje, na Omens, [&hellip;]","og_url":"https:\/\/omens.com.br\/blog\/perda-de-cabelo\/mmp-capilar\/","og_site_name":"Blog Omens","article_publisher":"https:\/\/www.facebook.com\/Omensbrasil\/","article_published_time":"2023-04-21T16:31:00+00:00","article_modified_time":"2025-11-25T08:25:45+00:00","og_image":[{"url":"https:\/\/blog1.omens.com.br\/wp-content\/uploads\/2023\/04\/mmp-capilar-antes-e-depois-do-procedimento.webp","width":1,"height":1,"type":"image\/webp"}],"author":"Dra. Aline Erthal","twitter_card":"summary_large_image","twitter_creator":"@omensbr","twitter_site":"@omensbr","twitter_misc":{"Escrito por":"Dra. Aline Erthal","Est. tempo de leitura":"5 minutos"},"schema":{"@context":"https:\/\/schema.org","@graph":[{"@type":"Article","@id":"https:\/\/omens.com.br\/blog\/perda-de-cabelo\/mmp-capilar\/#article","isPartOf":{"@id":"https:\/\/omens.com.br\/blog\/perda-de-cabelo\/mmp-capilar\/"},"author":{"name":"Dra. Aline Erthal","@id":"https:\/\/omens.com.br\/blog\/#\/schema\/person\/ed81fb12a1f57eec773711e3ad628acb"},"headline":"MMP: conhe\u00e7a a microinfus\u00e3o capilar","datePublished":"2023-04-21T16:31:00+00:00","dateModified":"2025-11-25T08:25:45+00:00","mainEntityOfPage":{"@id":"https:\/\/omens.com.br\/blog\/perda-de-cabelo\/mmp-capilar\/"},"wordCount":894,"commentCount":0,"publisher":{"@id":"https:\/\/omens.com.br\/blog\/#organization"},"image":{"@id":"https:\/\/omens.com.br\/blog\/perda-de-cabelo\/mmp-capilar\/#primaryimage"},"thumbnailUrl":"https:\/\/blog1.omens.com.br\/wp-content\/uploads\/2023\/04\/mmp-capilar-antes-e-depois-do-procedimento.webp","keywords":["escrito por Seth"],"articleSection":["Perda de cabelo"],"inLanguage":"pt-BR","potentialAction":[{"@type":"CommentAction","name":"Comment","target":["https:\/\/omens.com.br\/blog\/perda-de-cabelo\/mmp-capilar\/#respond"]}]},{"@type":"WebPage","@id":"https:\/\/omens.com.br\/blog\/perda-de-cabelo\/mmp-capilar\/","url":"https:\/\/omens.com.br\/blog\/perda-de-cabelo\/mmp-capilar\/","name":"MMP: conhe\u00e7a a microinfus\u00e3o capilar - Blog Omens","isPartOf":{"@id":"https:\/\/omens.com.br\/blog\/#website"},"primaryImageOfPage":{"@id":"https:\/\/omens.com.br\/blog\/perda-de-cabelo\/mmp-capilar\/#primaryimage"},"image":{"@id":"https:\/\/omens.com.br\/blog\/perda-de-cabelo\/mmp-capilar\/#primaryimage"},"thumbnailUrl":"https:\/\/blog1.omens.com.br\/wp-content\/uploads\/2023\/04\/mmp-capilar-antes-e-depois-do-procedimento.webp","datePublished":"2023-04-21T16:31:00+00:00","dateModified":"2025-11-25T08:25:45+00:00","breadcrumb":{"@id":"https:\/\/omens.com.br\/blog\/perda-de-cabelo\/mmp-capilar\/#breadcrumb"},"inLanguage":"pt-BR","potentialAction":[{"@type":"ReadAction","target":["https:\/\/omens.com.br\/blog\/perda-de-cabelo\/mmp-capilar\/"]}]},{"@type":"ImageObject","inLanguage":"pt-BR","@id":"https:\/\/omens.com.br\/blog\/perda-de-cabelo\/mmp-capilar\/#primaryimage","url":"https:\/\/blog1.omens.com.br\/wp-content\/uploads\/2023\/04\/mmp-capilar-antes-e-depois-do-procedimento.webp","contentUrl":"https:\/\/blog1.omens.com.br\/wp-content\/uploads\/2023\/04\/mmp-capilar-antes-e-depois-do-procedimento.webp","caption":"agulha com rem\u00e9dio como em uma microinfus\u00e3o de medicamentos na pele (mmp)"},{"@type":"BreadcrumbList","@id":"https:\/\/omens.com.br\/blog\/perda-de-cabelo\/mmp-capilar\/#breadcrumb","itemListElement":[{"@type":"ListItem","position":1,"name":"BLOG OMENS","item":"https:\/\/omens.com.br\/blog\/"},{"@type":"ListItem","position":2,"name":"Perda de cabelo","item":"https:\/\/omens.com.br\/blog\/https:\/omens.com.br\/blog\/perda-de-cabelo\/perda-de-cabelo\/"},{"@type":"ListItem","position":3,"name":"MMP: conhe\u00e7a a microinfus\u00e3o capilar"}]},{"@type":"WebSite","@id":"https:\/\/omens.com.br\/blog\/#website","url":"https:\/\/omens.com.br\/blog\/","name":"Blog Omens","description":"A Omens \u00e9 uma plataforma de intermedia\u00e7\u00e3o de sa\u00fade dedicada ao homem. Ela re\u00fane especialistas brasileiros, urologistas e farmac\u00eauticos para construir uma solu\u00e7\u00e3o de qualidade, segura e acess\u00edvel para todos.","publisher":{"@id":"https:\/\/omens.com.br\/blog\/#organization"},"potentialAction":[{"@type":"SearchAction","target":{"@type":"EntryPoint","urlTemplate":"https:\/\/omens.com.br\/blog\/?s={search_term_string}"},"query-input":{"@type":"PropertyValueSpecification","valueRequired":true,"valueName":"search_term_string"}}],"inLanguage":"pt-BR"},{"@type":"Organization","@id":"https:\/\/omens.com.br\/blog\/#organization","name":"Omens","url":"https:\/\/omens.com.br\/blog\/","logo":{"@type":"ImageObject","inLanguage":"pt-BR","@id":"https:\/\/omens.com.br\/blog\/#\/schema\/logo\/image\/","url":"https:\/\/blog1.omens.com.br\/wp-content\/uploads\/2024\/06\/logo-omens-blog-wide.png","contentUrl":"https:\/\/blog1.omens.com.br\/wp-content\/uploads\/2024\/06\/logo-omens-blog-wide.png","width":200,"height":73,"caption":"Omens"},"image":{"@id":"https:\/\/omens.com.br\/blog\/#\/schema\/logo\/image\/"},"sameAs":["https:\/\/www.facebook.com\/Omensbrasil\/","https:\/\/x.com\/omensbr"]},{"@type":"Person","@id":"https:\/\/omens.com.br\/blog\/#\/schema\/person\/ed81fb12a1f57eec773711e3ad628acb","name":"Dra. Aline Erthal","sameAs":["https:\/\/omens.com.br\/author\/dra-aline-erthal\/","https:\/\/instagram.com\/erthalaline\/"]}]}},"_links":{"self":[{"href":"https:\/\/omens.com.br\/blog\/wp-json\/wp\/v2\/posts\/23681","targetHints":{"allow":["GET"]}}],"collection":[{"href":"https:\/\/omens.com.br\/blog\/wp-json\/wp\/v2\/posts"}],"about":[{"href":"https:\/\/omens.com.br\/blog\/wp-json\/wp\/v2\/types\/post"}],"author":[{"embeddable":true,"href":"https:\/\/omens.com.br\/blog\/wp-json\/wp\/v2\/users\/16"}],"replies":[{"embeddable":true,"href":"https:\/\/omens.com.br\/blog\/wp-json\/wp\/v2\/comments?post=23681"}],"version-history":[{"count":2,"href":"https:\/\/omens.com.br\/blog\/wp-json\/wp\/v2\/posts\/23681\/revisions"}],"predecessor-version":[{"id":28717,"href":"https:\/\/omens.com.br\/blog\/wp-json\/wp\/v2\/posts\/23681\/revisions\/28717"}],"wp:featuredmedia":[{"embeddable":true,"href":"https:\/\/omens.com.br\/blog\/wp-json\/wp\/v2\/media\/23683"}],"wp:attachment":[{"href":"https:\/\/omens.com.br\/blog\/wp-json\/wp\/v2\/media?parent=23681"}],"wp:term":[{"taxonomy":"category","embeddable":true,"href":"https:\/\/omens.com.br\/blog\/wp-json\/wp\/v2\/categories?post=23681"},{"taxonomy":"post_tag","embeddable":true,"href":"https:\/\/omens.com.br\/blog\/wp-json\/wp\/v2\/tags?post=23681"}],"curies":[{"name":"wp","href":"https:\/\/api.w.org\/{rel}","templated":true}]}}