{"id":23353,"date":"2023-04-18T13:20:00","date_gmt":"2023-04-18T16:20:00","guid":{"rendered":"https:\/\/blog1.omens.com.br\/?p=23353"},"modified":"2025-11-25T05:25:54","modified_gmt":"2025-11-25T08:25:54","slug":"trichosol","status":"publish","type":"post","link":"https:\/\/omens.com.br\/blog\/perda-de-cabelo\/trichosol\/","title":{"rendered":"Por que usar o trichosol?"},"content":{"rendered":"\n<div style=\"height:20px\" aria-hidden=\"true\" class=\"wp-block-spacer\"><\/div>\n\n\n\n<p>Trichosol \u00e9 um ve\u00edculo alternativo ao \u00e1lcool para aplica\u00e7\u00e3o do minoxidil. Mas nem todos sabem quais s\u00e3o suas vantagens ou efeitos no couro cabeludo. Ser\u00e1 que essa \u00e9 realmente a melhor op\u00e7\u00e3o? Ou escolher uma forma mais tradicional seria o mais adequado?&nbsp;<\/p>\n\n\n\n<p>A Omens te explica tudo sobre o assunto no artigo de hoje. Vamos conhecer mais a fundo o trichosol e como ele age nos compostos para tratar a calv\u00edcie.&nbsp;<\/p>\n\n\n\n<div style=\"height:20px\" aria-hidden=\"true\" class=\"wp-block-spacer\"><\/div>\n\n\n\n<div id=\"ez-toc-container\" class=\"ez-toc-v2_0_74 counter-hierarchy ez-toc-counter ez-toc-custom ez-toc-container-direction\">\n<p class=\"ez-toc-title\" style=\"cursor:inherit\">\u00cdndice<\/p>\n<label for=\"ez-toc-cssicon-toggle-item-69eff0cbb839f\" class=\"ez-toc-cssicon-toggle-label\"><span class=\"\"><span class=\"eztoc-hide\" style=\"display:none;\">Toggle<\/span><span class=\"ez-toc-icon-toggle-span\"><svg style=\"fill: #171712;color:#171712\" xmlns=\"http:\/\/www.w3.org\/2000\/svg\" class=\"list-377408\" width=\"20px\" height=\"20px\" viewBox=\"0 0 24 24\" fill=\"none\"><path d=\"M6 6H4v2h2V6zm14 0H8v2h12V6zM4 11h2v2H4v-2zm16 0H8v2h12v-2zM4 16h2v2H4v-2zm16 0H8v2h12v-2z\" fill=\"currentColor\"><\/path><\/svg><svg style=\"fill: #171712;color:#171712\" class=\"arrow-unsorted-368013\" xmlns=\"http:\/\/www.w3.org\/2000\/svg\" width=\"10px\" height=\"10px\" viewBox=\"0 0 24 24\" version=\"1.2\" baseProfile=\"tiny\"><path d=\"M18.2 9.3l-6.2-6.3-6.2 6.3c-.2.2-.3.4-.3.7s.1.5.3.7c.2.2.4.3.7.3h11c.3 0 .5-.1.7-.3.2-.2.3-.5.3-.7s-.1-.5-.3-.7zM5.8 14.7l6.2 6.3 6.2-6.3c.2-.2.3-.5.3-.7s-.1-.5-.3-.7c-.2-.2-.4-.3-.7-.3h-11c-.3 0-.5.1-.7.3-.2.2-.3.5-.3.7s.1.5.3.7z\"\/><\/svg><\/span><\/span><\/label><input type=\"checkbox\"  id=\"ez-toc-cssicon-toggle-item-69eff0cbb839f\"  aria-label=\"Alternar\" \/><nav><ul class='ez-toc-list ez-toc-list-level-1 ' ><li class='ez-toc-page-1 ez-toc-heading-level-2'><a class=\"ez-toc-link ez-toc-heading-1\" href=\"https:\/\/omens.com.br\/blog\/perda-de-cabelo\/trichosol\/#O_que_e_o_trichosol\" >O que \u00e9 o trichosol?<\/a><ul class='ez-toc-list-level-3' ><li class='ez-toc-heading-level-3'><a class=\"ez-toc-link ez-toc-heading-2\" href=\"https:\/\/omens.com.br\/blog\/perda-de-cabelo\/trichosol\/#Composicao\" >Composi\u00e7\u00e3o<\/a><\/li><\/ul><\/li><li class='ez-toc-page-1 ez-toc-heading-level-2'><a class=\"ez-toc-link ez-toc-heading-3\" href=\"https:\/\/omens.com.br\/blog\/perda-de-cabelo\/trichosol\/#Efeitos_colaterais\" >Efeitos colaterais<\/a><\/li><li class='ez-toc-page-1 ez-toc-heading-level-2'><a class=\"ez-toc-link ez-toc-heading-4\" href=\"https:\/\/omens.com.br\/blog\/perda-de-cabelo\/trichosol\/#Trichosol_tem_cheiro_forte\" >Trichosol tem cheiro forte?<\/a><\/li><li class='ez-toc-page-1 ez-toc-heading-level-2'><a class=\"ez-toc-link ez-toc-heading-5\" href=\"https:\/\/omens.com.br\/blog\/perda-de-cabelo\/trichosol\/#Minoxidil_com_trichosol_e_sem_alcool_e_melhor\" >Minoxidil com trichosol e sem \u00e1lcool: \u00e9 melhor?<\/a><\/li><li class='ez-toc-page-1 ez-toc-heading-level-2'><a class=\"ez-toc-link ez-toc-heading-6\" href=\"https:\/\/omens.com.br\/blog\/perda-de-cabelo\/trichosol\/#Conclusao\" >Conclus\u00e3o<\/a><\/li><\/ul><\/nav><\/div>\n<h2 class=\"wp-block-heading\"><span class=\"ez-toc-section\" id=\"O_que_e_o_trichosol\"><\/span>O que \u00e9 o trichosol?<span class=\"ez-toc-section-end\"><\/span><\/h2>\n\n\n\n<hr>\n\n\n\n<p>O trichosol \u00e9 um ve\u00edculo que age como base para medicamentos como minoxidil e compostos como trichoxidil serem aplicados. Ele n\u00e3o altera essas composi\u00e7\u00f5es e confere facilidade na hora de aplicar as f\u00f3rmulas no couro cabeludo. \u00c9 uma op\u00e7\u00e3o que ajuda na efic\u00e1cia desse tipo de tratamento e reduz os riscos de efeitos colaterais que o \u00e1lcool poderia gerar.&nbsp;<\/p>\n\n\n\n<p>Pode ser utilizado juntamente com outros f\u00e1rmacos no tratamento para:<\/p>\n\n\n\n<ul class=\"wp-block-list\">\n<li>alopecia androgen\u00e9tica;<\/li>\n\n\n\n<li>alopecia areata;<\/li>\n\n\n\n<li>efl\u00favio an\u00e1geno;<\/li>\n\n\n\n<li>efl\u00favio tel\u00f3geno.<\/li>\n<\/ul>\n\n\n\n<h3 class=\"wp-block-heading\"><span class=\"ez-toc-section\" id=\"Composicao\"><\/span>Composi\u00e7\u00e3o<span class=\"ez-toc-section-end\"><\/span><\/h3>\n\n\n\n<p>O trichosol \u00e9 um composto hidrof\u00edlico, ou seja, \u00e9 sol\u00favel em \u00e1gua, que possui sais minerais de origem vegetal. \u00c9 um produto vegano, sem adi\u00e7\u00e3o de parabenos, e que \u00e9 muito compat\u00edvel com o minoxidil.&nbsp;&nbsp;<\/p>\n\n\n\n<p>O trichosol pode ser encontrado em medicamentos t\u00f3picos como o minoxidil, mas tamb\u00e9m pode ser utilizado em composi\u00e7\u00f5es com mais de um elemento, como \u00e9 o caso do minoxidil + trichoxidil.<\/p>\n\n\n<div class=\"amp-cta\" style=\"background:#0B2830;\">\n<p><span class=\"novo-cta-title\" style=\"color:#FFF;\">Minoxidil + Trichoxidil + TrichoSol em spray<\/span><\/p>\n<div class=\"center-img\"><img decoding=\"async\" src=\"https:\/\/blog1.omens.com.br\/wp-content\/uploads\/2023\/06\/Minoxidil-com-Trichoxidil-TrichoSol-em-spray-produto-manipulado-Omens.png\" alt=\"borrifador contendo minoxidil com trichoxidil e trichosol em formato spray\" style=\"max-width:150px;position:relative;left: 50%;margin-left:-75px;\" \/><\/div>\n<p class=\"novo-cta-subtitle\" style=\"color:#FFF;\">Consulte um dermatologista ONLINE a partir de R$ 79<\/p>\n<p><a href=\"https:\/\/omens.com.br\/calvicie?utm_term=minoxidil&#038;utm_content=blogSEO\" onclick=\"dataLayer.push({'event': 'marcar_consulta'});\" target=\"_self\" class=\"button black is-outline is-larger box-shadow-1 lowercase agendar-teleconsulta-button amp-cta-button-calvicie\" style=\"border-radius:10px;\" data-wpel-link=\"internal\" rel=\"noopener\"><span>Come\u00e7ar tratamento agora<\/span><\/a><\/p>\n<\/p><\/div>\n\n\n\n<h2 class=\"wp-block-heading\"><span class=\"ez-toc-section\" id=\"Efeitos_colaterais\"><\/span>Efeitos colaterais<span class=\"ez-toc-section-end\"><\/span><\/h2>\n\n\n\n<hr>\n\n\n\n<p>\u00c9 exatamente quando falamos nos efeitos colaterais que descobrimos o ponto chave em se utilizar o trichosol. Os compostos que levam minoxidil tem como base o \u00e1lcool. S\u00f3 que \u00e9 exatamente o \u00e1lcool um dos principais respons\u00e1veis pela irrita\u00e7\u00e3o na pele, vermelhid\u00e3o, secura no couro cabeludo e outros sintomas do g\u00eanero.&nbsp;<\/p>\n\n\n\n<p>Quando substitu\u00edmos o \u00e1lcool pelo trichosol, esse ve\u00edculo previne que os efeitos colaterais do \u00e1lcool aconte\u00e7am. Al\u00e9m disso, n\u00e3o foram observados outros efeitos colaterais pr\u00f3prios do trichosol nas pesquisas realizadas.<\/p>\n\n\n\n<h2 class=\"wp-block-heading\"><span class=\"ez-toc-section\" id=\"Trichosol_tem_cheiro_forte\"><\/span>Trichosol tem cheiro forte?<span class=\"ez-toc-section-end\"><\/span><\/h2>\n\n\n\n<hr>\n\n\n\n<p>Trichosol n\u00e3o tem cheiro forte, mas sim, tem um odor caracter\u00edstico. Outras pontos importantes desse ve\u00edculo para aplica\u00e7\u00e3o do minoxidil\/trichoxina, s\u00e3o:<\/p>\n\n\n\n<ul class=\"wp-block-list\">\n<li>N\u00e3o \u00e9 irritante;<\/li>\n\n\n\n<li>N\u00e3o causa ressecamento do cabelo;<\/li>\n\n\n\n<li>N\u00e3o possui propelentes;<\/li>\n\n\n\n<li>N\u00e3o possui \u00e1lcool;<\/li>\n\n\n\n<li>\u00c9 um produto hipoalerg\u00eanico;<\/li>\n\n\n\n<li>\u00c9 um produto vegano;<\/li>\n\n\n\n<li>Tem origem natural.<\/li>\n<\/ul>\n\n\n<div class=\"amp-cta\">\n<p><span class=\"novo-cta-title\">Consulte um dermatologista ONLINE e comece o tratamento j\u00e1<\/span><\/p>\n<p><a href=\"https:\/\/omens.com.br\/calvicie?utm_term=calvicie&#038;utm_content=blogSEO\" onclick=\"dataLayer.push({'event': 'marcar_consulta'});\" target=\"_self\" class=\"amp-cta-button falar-com-especialista\" data-wpel-link=\"internal\" rel=\"noopener\"> <span>Marcar Teleconsulta Agora<\/span> <\/a><\/p>\n<p class=\"novo-cta-subtitle\">Receba orienta\u00e7\u00e3o m\u00e9dica sobre calv\u00edcie: a partir de R$ 79<\/p>\n<\/p><\/div>\n\n\n\n<h2 class=\"wp-block-heading\"><span class=\"ez-toc-section\" id=\"Minoxidil_com_trichosol_e_sem_alcool_e_melhor\"><\/span>Minoxidil com trichosol e sem \u00e1lcool: \u00e9 melhor?<span class=\"ez-toc-section-end\"><\/span><\/h2>\n\n\n\n<hr>\n\n\n\n<p>O minoxidil com base trichosol \u00e9, de certa forma, melhor. Isso porque al\u00e9m de n\u00e3o provocar os efeitos irritantes do \u00e1lcool, o trichosol estimula a pele para que ela se reconecte ao fol\u00edculo capilar. Ou seja, o ganho vai al\u00e9m da redu\u00e7\u00e3o dos efeitos colaterais.<\/p>\n\n\n\n<h2 class=\"wp-block-heading\"><span class=\"ez-toc-section\" id=\"Conclusao\"><\/span>Conclus\u00e3o<span class=\"ez-toc-section-end\"><\/span><\/h2>\n\n\n\n<hr>\n\n\n\n<p>No Brasil se fala muito pouco dos efeitos que a base de uma f\u00f3rmula pode ter juntamente com os medicamentos misturados a ela. O trichosol \u00e9 uma importante escolha na hora de encomendar o seu tratamento para a calv\u00edcie.&nbsp;<\/p>\n\n\n\n<p>A Omens tem \u00f3timas condi\u00e7\u00f5es para voc\u00ea sair da consulta j\u00e1 com seu medicamento encaminhado. Tudo com as f\u00f3rmulas e compostos mais eficientes e novos no mercado. Ent\u00e3o, vamos cuidar juntos da sua autoestima!<\/p>\n\n\n\n<figure class=\"wp-block-image size-full has-custom-border not-show-desktop\"><a href=\"https:\/\/medleve.com\/?utm_term=omens&amp;utm_content=omens\"><img data-dominant-color=\"3c403f\" data-has-transparency=\"false\" fetchpriority=\"high\" decoding=\"async\" width=\"700\" height=\"400\" src=\"https:\/\/blog1.omens.com.br\/wp-content\/uploads\/2025\/10\/precisando-de-receita-medica-para-emagrecer-consiga-aqui.jpg\" alt=\"\" class=\"wp-image-28421 not-transparent\" style=\"--dominant-color: #3c403f; border-radius:15px\"\/><\/a><\/figure>\n\n\n\n<figure class=\"wp-block-image size-full has-custom-border not-show-mobile\"><a href=\"https:\/\/medleve.com\/?utm_term=omens&amp;utm_content=omens\"><img data-dominant-color=\"3f3f30\" data-has-transparency=\"false\" decoding=\"async\" width=\"700\" height=\"190\" src=\"https:\/\/blog1.omens.com.br\/wp-content\/uploads\/2025\/10\/precisando-de-receita-medica-para-emagrecer-com-canetas-e-aqui.jpg\" alt=\"\" class=\"wp-image-28422 not-transparent\" style=\"--dominant-color: #3f3f30; border-radius:15px\"\/><\/a><\/figure>\n","protected":false},"excerpt":{"rendered":"<p>Trichosol \u00e9 um ve\u00edculo alternativo ao \u00e1lcool para aplica\u00e7\u00e3o do minoxidil. Mas nem todos sabem quais s\u00e3o suas vantagens ou efeitos no couro cabeludo. Ser\u00e1 que essa \u00e9 realmente a melhor op\u00e7\u00e3o? Ou escolher uma forma mais tradicional seria o mais adequado?&nbsp; A Omens te explica tudo sobre o assunto no artigo de hoje. Vamos [&hellip;]<\/p>\n","protected":false},"author":16,"featured_media":23356,"comment_status":"open","ping_status":"open","sticky":false,"template":"","format":"standard","meta":{"footnotes":""},"categories":[109],"tags":[130],"class_list":["post-23353","post","type-post","status-publish","format-standard","has-post-thumbnail","hentry","category-perda-de-cabelo","tag-escrito-por-seth"],"yoast_head":"<!-- This site is optimized with the Yoast SEO plugin v27.4 - https:\/\/yoast.com\/product\/yoast-seo-wordpress\/ -->\n<title>Por que usar o trichosol? - Blog Omens<\/title>\n<meta name=\"robots\" content=\"index, follow, max-snippet:-1, max-image-preview:large, max-video-preview:-1\" \/>\n<link rel=\"canonical\" href=\"https:\/\/omens.com.br\/blog\/perda-de-cabelo\/trichosol\/\" \/>\n<meta property=\"og:locale\" content=\"pt_BR\" \/>\n<meta property=\"og:type\" content=\"article\" \/>\n<meta property=\"og:title\" content=\"Por que usar o trichosol? - Blog Omens\" \/>\n<meta property=\"og:description\" content=\"Trichosol \u00e9 um ve\u00edculo alternativo ao \u00e1lcool para aplica\u00e7\u00e3o do minoxidil. Mas nem todos sabem quais s\u00e3o suas vantagens ou efeitos no couro cabeludo. Ser\u00e1 que essa \u00e9 realmente a melhor op\u00e7\u00e3o? Ou escolher uma forma mais tradicional seria o mais adequado?&nbsp; A Omens te explica tudo sobre o assunto no artigo de hoje. Vamos [&hellip;]\" \/>\n<meta property=\"og:url\" content=\"https:\/\/omens.com.br\/blog\/perda-de-cabelo\/trichosol\/\" \/>\n<meta property=\"og:site_name\" content=\"Blog Omens\" \/>\n<meta property=\"article:publisher\" content=\"https:\/\/www.facebook.com\/Omensbrasil\/\" \/>\n<meta property=\"article:published_time\" content=\"2023-04-18T16:20:00+00:00\" \/>\n<meta property=\"article:modified_time\" content=\"2025-11-25T08:25:54+00:00\" \/>\n<meta property=\"og:image\" content=\"https:\/\/blog1.omens.com.br\/wp-content\/uploads\/2023\/04\/minoxidil-com-base-em-trichosol-manipulado.webp\" \/>\n\t<meta property=\"og:image:width\" content=\"1\" \/>\n\t<meta property=\"og:image:height\" content=\"1\" \/>\n\t<meta property=\"og:image:type\" content=\"image\/webp\" \/>\n<meta name=\"author\" content=\"Dra. Aline Erthal\" \/>\n<meta name=\"twitter:card\" content=\"summary_large_image\" \/>\n<meta name=\"twitter:creator\" content=\"@omensbr\" \/>\n<meta name=\"twitter:site\" content=\"@omensbr\" \/>\n<meta name=\"twitter:label1\" content=\"Escrito por\" \/>\n\t<meta name=\"twitter:data1\" content=\"Dra. Aline Erthal\" \/>\n\t<meta name=\"twitter:label2\" content=\"Est. tempo de leitura\" \/>\n\t<meta name=\"twitter:data2\" content=\"3 minutos\" \/>\n<!-- \/ Yoast SEO plugin. -->","yoast_head_json":{"title":"Por que usar o trichosol? - Blog Omens","robots":{"index":"index","follow":"follow","max-snippet":"max-snippet:-1","max-image-preview":"max-image-preview:large","max-video-preview":"max-video-preview:-1"},"canonical":"https:\/\/omens.com.br\/blog\/perda-de-cabelo\/trichosol\/","og_locale":"pt_BR","og_type":"article","og_title":"Por que usar o trichosol? - Blog Omens","og_description":"Trichosol \u00e9 um ve\u00edculo alternativo ao \u00e1lcool para aplica\u00e7\u00e3o do minoxidil. Mas nem todos sabem quais s\u00e3o suas vantagens ou efeitos no couro cabeludo. Ser\u00e1 que essa \u00e9 realmente a melhor op\u00e7\u00e3o? Ou escolher uma forma mais tradicional seria o mais adequado?&nbsp; A Omens te explica tudo sobre o assunto no artigo de hoje. Vamos [&hellip;]","og_url":"https:\/\/omens.com.br\/blog\/perda-de-cabelo\/trichosol\/","og_site_name":"Blog Omens","article_publisher":"https:\/\/www.facebook.com\/Omensbrasil\/","article_published_time":"2023-04-18T16:20:00+00:00","article_modified_time":"2025-11-25T08:25:54+00:00","og_image":[{"url":"https:\/\/blog1.omens.com.br\/wp-content\/uploads\/2023\/04\/minoxidil-com-base-em-trichosol-manipulado.webp","width":1,"height":1,"type":"image\/webp"}],"author":"Dra. Aline Erthal","twitter_card":"summary_large_image","twitter_creator":"@omensbr","twitter_site":"@omensbr","twitter_misc":{"Escrito por":"Dra. Aline Erthal","Est. tempo de leitura":"3 minutos"},"schema":{"@context":"https:\/\/schema.org","@graph":[{"@type":"Article","@id":"https:\/\/omens.com.br\/blog\/perda-de-cabelo\/trichosol\/#article","isPartOf":{"@id":"https:\/\/omens.com.br\/blog\/perda-de-cabelo\/trichosol\/"},"author":{"name":"Dra. Aline Erthal","@id":"https:\/\/omens.com.br\/blog\/#\/schema\/person\/ed81fb12a1f57eec773711e3ad628acb"},"headline":"Por que usar o trichosol?","datePublished":"2023-04-18T16:20:00+00:00","dateModified":"2025-11-25T08:25:54+00:00","mainEntityOfPage":{"@id":"https:\/\/omens.com.br\/blog\/perda-de-cabelo\/trichosol\/"},"wordCount":571,"commentCount":0,"publisher":{"@id":"https:\/\/omens.com.br\/blog\/#organization"},"image":{"@id":"https:\/\/omens.com.br\/blog\/perda-de-cabelo\/trichosol\/#primaryimage"},"thumbnailUrl":"https:\/\/blog1.omens.com.br\/wp-content\/uploads\/2023\/04\/minoxidil-com-base-em-trichosol-manipulado.webp","keywords":["escrito por Seth"],"articleSection":["Perda de cabelo"],"inLanguage":"pt-BR","potentialAction":[{"@type":"CommentAction","name":"Comment","target":["https:\/\/omens.com.br\/blog\/perda-de-cabelo\/trichosol\/#respond"]}]},{"@type":"WebPage","@id":"https:\/\/omens.com.br\/blog\/perda-de-cabelo\/trichosol\/","url":"https:\/\/omens.com.br\/blog\/perda-de-cabelo\/trichosol\/","name":"Por que usar o trichosol? - Blog Omens","isPartOf":{"@id":"https:\/\/omens.com.br\/blog\/#website"},"primaryImageOfPage":{"@id":"https:\/\/omens.com.br\/blog\/perda-de-cabelo\/trichosol\/#primaryimage"},"image":{"@id":"https:\/\/omens.com.br\/blog\/perda-de-cabelo\/trichosol\/#primaryimage"},"thumbnailUrl":"https:\/\/blog1.omens.com.br\/wp-content\/uploads\/2023\/04\/minoxidil-com-base-em-trichosol-manipulado.webp","datePublished":"2023-04-18T16:20:00+00:00","dateModified":"2025-11-25T08:25:54+00:00","breadcrumb":{"@id":"https:\/\/omens.com.br\/blog\/perda-de-cabelo\/trichosol\/#breadcrumb"},"inLanguage":"pt-BR","potentialAction":[{"@type":"ReadAction","target":["https:\/\/omens.com.br\/blog\/perda-de-cabelo\/trichosol\/"]}]},{"@type":"ImageObject","inLanguage":"pt-BR","@id":"https:\/\/omens.com.br\/blog\/perda-de-cabelo\/trichosol\/#primaryimage","url":"https:\/\/blog1.omens.com.br\/wp-content\/uploads\/2023\/04\/minoxidil-com-base-em-trichosol-manipulado.webp","contentUrl":"https:\/\/blog1.omens.com.br\/wp-content\/uploads\/2023\/04\/minoxidil-com-base-em-trichosol-manipulado.webp","caption":"quatro frascos de produtos t\u00f3picos com base em trichosol"},{"@type":"BreadcrumbList","@id":"https:\/\/omens.com.br\/blog\/perda-de-cabelo\/trichosol\/#breadcrumb","itemListElement":[{"@type":"ListItem","position":1,"name":"BLOG OMENS","item":"https:\/\/omens.com.br\/blog\/"},{"@type":"ListItem","position":2,"name":"Perda de cabelo","item":"https:\/\/omens.com.br\/blog\/https:\/omens.com.br\/blog\/perda-de-cabelo\/perda-de-cabelo\/"},{"@type":"ListItem","position":3,"name":"Por que usar o trichosol?"}]},{"@type":"WebSite","@id":"https:\/\/omens.com.br\/blog\/#website","url":"https:\/\/omens.com.br\/blog\/","name":"Blog Omens","description":"A Omens \u00e9 uma plataforma de intermedia\u00e7\u00e3o de sa\u00fade dedicada ao homem. Ela re\u00fane especialistas brasileiros, urologistas e farmac\u00eauticos para construir uma solu\u00e7\u00e3o de qualidade, segura e acess\u00edvel para todos.","publisher":{"@id":"https:\/\/omens.com.br\/blog\/#organization"},"potentialAction":[{"@type":"SearchAction","target":{"@type":"EntryPoint","urlTemplate":"https:\/\/omens.com.br\/blog\/?s={search_term_string}"},"query-input":{"@type":"PropertyValueSpecification","valueRequired":true,"valueName":"search_term_string"}}],"inLanguage":"pt-BR"},{"@type":"Organization","@id":"https:\/\/omens.com.br\/blog\/#organization","name":"Omens","url":"https:\/\/omens.com.br\/blog\/","logo":{"@type":"ImageObject","inLanguage":"pt-BR","@id":"https:\/\/omens.com.br\/blog\/#\/schema\/logo\/image\/","url":"https:\/\/blog1.omens.com.br\/wp-content\/uploads\/2024\/06\/logo-omens-blog-wide.png","contentUrl":"https:\/\/blog1.omens.com.br\/wp-content\/uploads\/2024\/06\/logo-omens-blog-wide.png","width":200,"height":73,"caption":"Omens"},"image":{"@id":"https:\/\/omens.com.br\/blog\/#\/schema\/logo\/image\/"},"sameAs":["https:\/\/www.facebook.com\/Omensbrasil\/","https:\/\/x.com\/omensbr"]},{"@type":"Person","@id":"https:\/\/omens.com.br\/blog\/#\/schema\/person\/ed81fb12a1f57eec773711e3ad628acb","name":"Dra. Aline Erthal","sameAs":["https:\/\/omens.com.br\/author\/dra-aline-erthal\/","https:\/\/instagram.com\/erthalaline\/"]}]}},"_links":{"self":[{"href":"https:\/\/omens.com.br\/blog\/wp-json\/wp\/v2\/posts\/23353","targetHints":{"allow":["GET"]}}],"collection":[{"href":"https:\/\/omens.com.br\/blog\/wp-json\/wp\/v2\/posts"}],"about":[{"href":"https:\/\/omens.com.br\/blog\/wp-json\/wp\/v2\/types\/post"}],"author":[{"embeddable":true,"href":"https:\/\/omens.com.br\/blog\/wp-json\/wp\/v2\/users\/16"}],"replies":[{"embeddable":true,"href":"https:\/\/omens.com.br\/blog\/wp-json\/wp\/v2\/comments?post=23353"}],"version-history":[{"count":4,"href":"https:\/\/omens.com.br\/blog\/wp-json\/wp\/v2\/posts\/23353\/revisions"}],"predecessor-version":[{"id":28719,"href":"https:\/\/omens.com.br\/blog\/wp-json\/wp\/v2\/posts\/23353\/revisions\/28719"}],"wp:featuredmedia":[{"embeddable":true,"href":"https:\/\/omens.com.br\/blog\/wp-json\/wp\/v2\/media\/23356"}],"wp:attachment":[{"href":"https:\/\/omens.com.br\/blog\/wp-json\/wp\/v2\/media?parent=23353"}],"wp:term":[{"taxonomy":"category","embeddable":true,"href":"https:\/\/omens.com.br\/blog\/wp-json\/wp\/v2\/categories?post=23353"},{"taxonomy":"post_tag","embeddable":true,"href":"https:\/\/omens.com.br\/blog\/wp-json\/wp\/v2\/tags?post=23353"}],"curies":[{"name":"wp","href":"https:\/\/api.w.org\/{rel}","templated":true}]}}