{"id":23348,"date":"2023-04-17T13:04:00","date_gmt":"2023-04-17T16:04:00","guid":{"rendered":"https:\/\/blog1.omens.com.br\/?p=23348"},"modified":"2025-11-25T05:25:55","modified_gmt":"2025-11-25T08:25:55","slug":"trichoxidil","status":"publish","type":"post","link":"https:\/\/omens.com.br\/blog\/perda-de-cabelo\/trichoxidil\/","title":{"rendered":"O que \u00e9 o trichoxidil?"},"content":{"rendered":"\n<div style=\"height:20px\" aria-hidden=\"true\" class=\"wp-block-spacer\"><\/div>\n\n\n\n<p>Voc\u00ea j\u00e1 ouviu falar do trichoxidil? Se voc\u00ea ainda n\u00e3o sabe dessa novidade no tratamento da calv\u00edcie, vamos te explicar agora o que \u00e9 e como funciona. Vem com a Omens descobrir mais!<\/p>\n\n\n\n<p>O trichoxidil \u00e9 um fitocomplexo, um conjunto de subst\u00e2ncias, feito a partir de compostos espec\u00edficos de \u00f3leos essenciais. Essa \u00e9 uma descoberta recente, mas que tem apresentado resultados significativos na hora de tratar a alopecia androgen\u00e9tica (ou calv\u00edcie).<\/p>\n\n\n\n<div style=\"height:20px\" aria-hidden=\"true\" class=\"wp-block-spacer\"><\/div>\n\n\n\n<div id=\"ez-toc-container\" class=\"ez-toc-v2_0_74 counter-hierarchy ez-toc-counter ez-toc-custom ez-toc-container-direction\">\n<p class=\"ez-toc-title\" style=\"cursor:inherit\">\u00cdndice<\/p>\n<label for=\"ez-toc-cssicon-toggle-item-69eff0cb70fcb\" class=\"ez-toc-cssicon-toggle-label\"><span class=\"\"><span class=\"eztoc-hide\" style=\"display:none;\">Toggle<\/span><span class=\"ez-toc-icon-toggle-span\"><svg style=\"fill: #171712;color:#171712\" xmlns=\"http:\/\/www.w3.org\/2000\/svg\" class=\"list-377408\" width=\"20px\" height=\"20px\" viewBox=\"0 0 24 24\" fill=\"none\"><path d=\"M6 6H4v2h2V6zm14 0H8v2h12V6zM4 11h2v2H4v-2zm16 0H8v2h12v-2zM4 16h2v2H4v-2zm16 0H8v2h12v-2z\" fill=\"currentColor\"><\/path><\/svg><svg style=\"fill: #171712;color:#171712\" class=\"arrow-unsorted-368013\" xmlns=\"http:\/\/www.w3.org\/2000\/svg\" width=\"10px\" height=\"10px\" viewBox=\"0 0 24 24\" version=\"1.2\" baseProfile=\"tiny\"><path d=\"M18.2 9.3l-6.2-6.3-6.2 6.3c-.2.2-.3.4-.3.7s.1.5.3.7c.2.2.4.3.7.3h11c.3 0 .5-.1.7-.3.2-.2.3-.5.3-.7s-.1-.5-.3-.7zM5.8 14.7l6.2 6.3 6.2-6.3c.2-.2.3-.5.3-.7s-.1-.5-.3-.7c-.2-.2-.4-.3-.7-.3h-11c-.3 0-.5.1-.7.3-.2.2-.3.5-.3.7s.1.5.3.7z\"\/><\/svg><\/span><\/span><\/label><input type=\"checkbox\"  id=\"ez-toc-cssicon-toggle-item-69eff0cb70fcb\"  aria-label=\"Alternar\" \/><nav><ul class='ez-toc-list ez-toc-list-level-1 ' ><li class='ez-toc-page-1 ez-toc-heading-level-2'><a class=\"ez-toc-link ez-toc-heading-1\" href=\"https:\/\/omens.com.br\/blog\/perda-de-cabelo\/trichoxidil\/#Afinal_para_que_serve_o_trichoxidil_Como_ele_funciona_no_corpo\" >Afinal, para que serve o trichoxidil? Como ele funciona no corpo?<\/a><\/li><li class='ez-toc-page-1 ez-toc-heading-level-2'><a class=\"ez-toc-link ez-toc-heading-2\" href=\"https:\/\/omens.com.br\/blog\/perda-de-cabelo\/trichoxidil\/#Minoxidil_Trichoxidil_TrichoSol_como_funciona_a_combinacao\" >Minoxidil + Trichoxidil + TrichoSol: como funciona a combina\u00e7\u00e3o?<\/a><\/li><li class='ez-toc-page-1 ez-toc-heading-level-2'><a class=\"ez-toc-link ez-toc-heading-3\" href=\"https:\/\/omens.com.br\/blog\/perda-de-cabelo\/trichoxidil\/#Como_usar\" >Como usar<\/a><\/li><li class='ez-toc-page-1 ez-toc-heading-level-2'><a class=\"ez-toc-link ez-toc-heading-4\" href=\"https:\/\/omens.com.br\/blog\/perda-de-cabelo\/trichoxidil\/#Efeitos_colaterais\" >Efeitos colaterais<\/a><\/li><li class='ez-toc-page-1 ez-toc-heading-level-2'><a class=\"ez-toc-link ez-toc-heading-5\" href=\"https:\/\/omens.com.br\/blog\/perda-de-cabelo\/trichoxidil\/#O_trichoxidil_e_eficaz_para_a_calvicie\" >O trichoxidil \u00e9 eficaz para a calv\u00edcie?<\/a><ul class='ez-toc-list-level-3' ><li class='ez-toc-heading-level-3'><a class=\"ez-toc-link ez-toc-heading-6\" href=\"https:\/\/omens.com.br\/blog\/perda-de-cabelo\/trichoxidil\/#Em_quanto_tempo_os_resultados_aparecem\" >Em quanto tempo os resultados aparecem?<\/a><\/li><\/ul><\/li><li class='ez-toc-page-1 ez-toc-heading-level-2'><a class=\"ez-toc-link ez-toc-heading-7\" href=\"https:\/\/omens.com.br\/blog\/perda-de-cabelo\/trichoxidil\/#Precos_e_onde_comprar\" >Pre\u00e7os e onde comprar<\/a><\/li><li class='ez-toc-page-1 ez-toc-heading-level-2'><a class=\"ez-toc-link ez-toc-heading-8\" href=\"https:\/\/omens.com.br\/blog\/perda-de-cabelo\/trichoxidil\/#Conclusao\" >Conclus\u00e3o<\/a><\/li><\/ul><\/nav><\/div>\n<h2 class=\"wp-block-heading\"><span class=\"ez-toc-section\" id=\"Afinal_para_que_serve_o_trichoxidil_Como_ele_funciona_no_corpo\"><\/span><em>Afinal, para que serve o trichoxidil<\/em>? Como ele funciona no corpo?<span class=\"ez-toc-section-end\"><\/span><\/h2>\n\n\n\n<hr>\n\n\n\n<p>O trichoxidil t\u00f3pico \u00e9 recomendado para o tratamento de alopecia androgen\u00e9tica e areata, bem como para o tratamento de queda de cabelo na fase an\u00e1gena e tel\u00f3gena (efl\u00favio an\u00e1geno e tel\u00f3geno).&nbsp;<\/p>\n\n\n\n<p>Faz efeito diretamente em tr\u00eas genes respons\u00e1veis pelo crescimento capilar: o KGF, IGF-1 e o VEGF. Al\u00e9m disso, mant\u00e9m o fol\u00edculo capilar na fase an\u00e1gena, ou seja, quando o fio ainda est\u00e1 em crescimento.<\/p>\n\n\n\n<p>O Trichoxidil \u00e9 novidade no mercado brasileiro. Internacionalmente, pode ser encontrado no formato t\u00f3pico em 2,5% e 5%. No Brasil, pode ser encontrado associado ao Minoxidil e o TrichoSol.<\/p>\n\n\n\n<h2 class=\"wp-block-heading\"><span class=\"ez-toc-section\" id=\"Minoxidil_Trichoxidil_TrichoSol_como_funciona_a_combinacao\"><\/span>Minoxidil + Trichoxidil + TrichoSol: como funciona a combina\u00e7\u00e3o?<span class=\"ez-toc-section-end\"><\/span><\/h2>\n\n\n\n<hr>\n\n\n\n<p>O Minoxidil \u00e9 grande conhecido de quem procura solu\u00e7\u00f5es para a calv\u00edcie. Seu efeito pode ser combinado com outros medicamentos (como a finasterida) ou com o Trichoxidil. Como um vasodilatador, o minoxidil permite uma maior circula\u00e7\u00e3o sangu\u00ednea nos fol\u00edculos capilares, o que leva tamb\u00e9m a mais nutrientes at\u00e9 l\u00e1. Al\u00e9m desse efeito, o minoxidil age sobre as enzimas respons\u00e1veis pelas fases de crescimento do cabelo.<\/p>\n\n\n\n<p>O Trichoxidil, apesar de menos conhecido, tem a\u00e7\u00e3o complementar ao minoxidil, agindo nos genes respons\u00e1veis pelo crescimento do cabelo.<\/p>\n\n\n\n<p>Por fim, o TrichoSol potencializa os efeitos dos ativos da medica\u00e7\u00e3o. Tamb\u00e9m dispensa o uso do \u00e1lcool na f\u00f3rmula, diminuindo as chances de rea\u00e7\u00f5es adversas, como irrita\u00e7\u00e3o, vermelhid\u00e3o, coceira e ard\u00eancia no couro cabeludo.<\/p>\n\n\n\n<figure class=\"wp-block-image size-full has-custom-border not-show-desktop\"><a href=\"https:\/\/medleve.com\/?utm_term=omens&amp;utm_content=omens\"><img data-dominant-color=\"69564a\" data-has-transparency=\"false\" fetchpriority=\"high\" decoding=\"async\" width=\"700\" height=\"500\" src=\"https:\/\/blog1.omens.com.br\/wp-content\/uploads\/2025\/10\/a-receita-medica-para-caneta-emagrecedore-69-reais.jpg\" alt=\"\" class=\"wp-image-28424 not-transparent\" style=\"--dominant-color: #69564a; border-radius:15px\" srcset=\"https:\/\/blog1.omens.com.br\/wp-content\/uploads\/2025\/10\/a-receita-medica-para-caneta-emagrecedore-69-reais.jpg 700w, https:\/\/blog1.omens.com.br\/wp-content\/uploads\/2025\/10\/a-receita-medica-para-caneta-emagrecedore-69-reais-560x400.jpg 560w\" sizes=\"(max-width: 700px) 100vw, 700px\" \/><\/a><\/figure>\n\n\n\n<figure class=\"wp-block-image size-full has-custom-border not-show-mobile\"><a href=\"https:\/\/medleve.com\/?utm_term=omens&amp;utm_content=omens\"><img data-dominant-color=\"e2ce5e\" data-has-transparency=\"false\" decoding=\"async\" width=\"700\" height=\"190\" src=\"https:\/\/blog1.omens.com.br\/wp-content\/uploads\/2025\/10\/receita-medica-para-caneta-emagrecedora-so-69-reais.jpg\" alt=\"\" class=\"wp-image-28426 not-transparent\" style=\"--dominant-color: #e2ce5e; border-radius:15px\"\/><\/a><\/figure>\n\n\n\n<h2 class=\"wp-block-heading\"><span class=\"ez-toc-section\" id=\"Como_usar\"><\/span>Como usar<span class=\"ez-toc-section-end\"><\/span><\/h2>\n\n\n\n<hr>\n\n\n\n<p>Trichoxidil + Minoxidil precisa ser aplicado na \u00e1rea para o crescimento capilar com o couro cabeludo limpo e seco. A aplica\u00e7\u00e3o precisa ser feita com as m\u00e3os limpas e secas. Coloque o suficiente para sentir o couro cabeludo \u00famido, mas n\u00e3o encharcado.&nbsp;<\/p>\n\n\n\n<p>A frequ\u00eancia de aplica\u00e7\u00f5es precisa ser determinada por um m\u00e9dico dermatologista. Normalmente, n\u00e3o devem passar de duas vezes ao dia. Para evitar efeitos como a hipertricose, que \u00e9 o crescimento de fios em \u00e1reas indesejadas, lave as m\u00e3os ap\u00f3s a aplica\u00e7\u00e3o do composto.<\/p>\n\n\n\n<h2 class=\"wp-block-heading\"><span class=\"ez-toc-section\" id=\"Efeitos_colaterais\"><\/span>Efeitos colaterais<span class=\"ez-toc-section-end\"><\/span><\/h2>\n\n\n\n<hr>\n\n\n\n<p>Mas e quanto aos efeitos colaterais? Apesar de n\u00e3o existirem muitos, ainda \u00e9 ideal consultar um dermatologista.&nbsp;<\/p>\n\n\n\n<p>A combina\u00e7\u00e3o de minoxidil, trichoxidil e trichosol pode levar a irrita\u00e7\u00e3o, ard\u00eancia ou coceira caso voc\u00ea tenha alergia a algum dos componentes.&nbsp;<\/p>\n\n\n\n<h2 class=\"wp-block-heading\"><span class=\"ez-toc-section\" id=\"O_trichoxidil_e_eficaz_para_a_calvicie\"><\/span>O trichoxidil \u00e9 eficaz para a calv\u00edcie?<span class=\"ez-toc-section-end\"><\/span><\/h2>\n\n\n\n<hr>\n\n\n\n<p>Sim, pesquisas demonstram que trichoxidil \u00e9 eficaz para o tratamento da calv\u00edcie.&nbsp;<\/p>\n\n\n\n<p>Em uma pesquisa realizada com 32 participantes homens e mulheres na faixa et\u00e1ria entre 25 e 50 anos com alopecia androgen\u00e9tica foram divididos em 7 grupos diferentes e tratados com diferentes combina\u00e7\u00f5es de medicamentos. Trichoxidil com base feita em Trichosol mostrou grande aumento dos fios na fase an\u00e1gena (38%). Al\u00e9m disso, os genes respons\u00e1veis pelo crescimento capilar tamb\u00e9m aumentaram.<\/p>\n\n\n\n<h3 class=\"wp-block-heading\"><span class=\"ez-toc-section\" id=\"Em_quanto_tempo_os_resultados_aparecem\"><\/span>Em quanto tempo os resultados aparecem?<span class=\"ez-toc-section-end\"><\/span><\/h3>\n\n\n\n<p>Assim como a maioria dos tratamentos para a calv\u00edcie, trichoxidil pode levar de seis meses at\u00e9 um ano para fazer efeito. Esse prazo pode variar de caso para caso, sendo necess\u00e1rio manter o acompanhamento com dermatologia para averiguar se \u00e9 necess\u00e1rio modificar ou reduzir o uso do tratamento.&nbsp;<\/p>\n\n\n<div class=\"amp-cta\">\n<p><span class=\"novo-cta-title\">Consulte um dermatologista ONLINE e comece o tratamento j\u00e1<\/span><\/p>\n<p><a href=\"https:\/\/omens.com.br\/calvicie?utm_term=calvicie&#038;utm_content=blogSEO\" onclick=\"dataLayer.push({'event': 'marcar_consulta'});\" target=\"_self\" class=\"amp-cta-button falar-com-especialista\" data-wpel-link=\"internal\" rel=\"noopener\"> <span>Marcar Teleconsulta Agora<\/span> <\/a><\/p>\n<p class=\"novo-cta-subtitle\">Receba orienta\u00e7\u00e3o m\u00e9dica sobre calv\u00edcie: a partir de R$ 79<\/p>\n<\/p><\/div>\n\n\n\n<h2 class=\"wp-block-heading\"><span class=\"ez-toc-section\" id=\"Precos_e_onde_comprar\"><\/span>Pre\u00e7os e onde comprar<span class=\"ez-toc-section-end\"><\/span><\/h2>\n\n\n\n<hr>\n\n\n\n<p>Existem poucos locais que vendem a combina\u00e7\u00e3o trichoxidil, minoxidil e trichosol. Em farm\u00e1cias de manipula\u00e7\u00e3o \u00e9 poss\u00edvel encomendar o tratamento. Al\u00e9m disso, a Omens j\u00e1 vende o produto em spray para a aplica\u00e7\u00e3o com a indica\u00e7\u00e3o m\u00e9dica.&nbsp;<\/p>\n\n\n\n<ul class=\"wp-block-list\">\n<li>O pre\u00e7o do Trichoxidil + Minoxidil + Trichosol 100ml est\u00e1 na faixa de R$ 100 a R$ 150<\/li>\n\n\n\n<li>O pre\u00e7o do Trichoxidil + Trichosol 100ml est\u00e1 na faixa de R$ 90 a R$ 100<\/li>\n\n\n\n<li>O pre\u00e7o do Trichoxidil + Minoxidil 120ml est\u00e1 na faixa de R$ 100 a R$ 150<\/li>\n<\/ul>\n\n\n\n<h2 class=\"wp-block-heading\"><span class=\"ez-toc-section\" id=\"Conclusao\"><\/span>Conclus\u00e3o<span class=\"ez-toc-section-end\"><\/span><\/h2>\n\n\n\n<hr>\n\n\n\n<p>O trichoxidil \u00e9 mais uma forma de tratar a calv\u00edcie que pode resultar em uma melhora significativa em muitos dos casos. Mas ainda assim \u00e9 necess\u00e1rio a ajuda de um dermatologista para determinar se a causa da queda de cabelo \u00e9 realmente essa. Do contr\u00e1rio, deve-se buscar outras formas de tratamento.<\/p>\n\n\n\n<figure class=\"wp-block-image size-full has-custom-border not-show-desktop\"><a href=\"https:\/\/medleve.com\/?utm_term=omens&amp;utm_content=omens\"><img data-dominant-color=\"3c403f\" data-has-transparency=\"false\" decoding=\"async\" width=\"700\" height=\"400\" src=\"https:\/\/blog1.omens.com.br\/wp-content\/uploads\/2025\/10\/precisando-de-receita-medica-para-emagrecer-consiga-aqui.jpg\" alt=\"\" class=\"wp-image-28421 not-transparent\" style=\"--dominant-color: #3c403f; border-radius:15px\"\/><\/a><\/figure>\n\n\n\n<figure class=\"wp-block-image size-full has-custom-border not-show-mobile\"><a href=\"https:\/\/medleve.com\/?utm_term=omens&amp;utm_content=omens\"><img data-dominant-color=\"3f3f30\" data-has-transparency=\"false\" loading=\"lazy\" decoding=\"async\" width=\"700\" height=\"190\" src=\"https:\/\/blog1.omens.com.br\/wp-content\/uploads\/2025\/10\/precisando-de-receita-medica-para-emagrecer-com-canetas-e-aqui.jpg\" alt=\"\" class=\"wp-image-28422 not-transparent\" style=\"--dominant-color: #3f3f30; border-radius:15px\"\/><\/a><\/figure>\n","protected":false},"excerpt":{"rendered":"<p>Voc\u00ea j\u00e1 ouviu falar do trichoxidil? Se voc\u00ea ainda n\u00e3o sabe dessa novidade no tratamento da calv\u00edcie, vamos te explicar agora o que \u00e9 e como funciona. Vem com a Omens descobrir mais! O trichoxidil \u00e9 um fitocomplexo, um conjunto de subst\u00e2ncias, feito a partir de compostos espec\u00edficos de \u00f3leos essenciais. Essa \u00e9 uma descoberta [&hellip;]<\/p>\n","protected":false},"author":16,"featured_media":23352,"comment_status":"open","ping_status":"open","sticky":false,"template":"","format":"standard","meta":{"footnotes":""},"categories":[109],"tags":[130],"class_list":["post-23348","post","type-post","status-publish","format-standard","has-post-thumbnail","hentry","category-perda-de-cabelo","tag-escrito-por-seth"],"yoast_head":"<!-- This site is optimized with the Yoast SEO plugin v27.4 - https:\/\/yoast.com\/product\/yoast-seo-wordpress\/ -->\n<title>O que \u00e9 o trichoxidil? - Blog Omens<\/title>\n<meta name=\"robots\" content=\"index, follow, max-snippet:-1, max-image-preview:large, max-video-preview:-1\" \/>\n<link rel=\"canonical\" href=\"https:\/\/omens.com.br\/blog\/perda-de-cabelo\/trichoxidil\/\" \/>\n<meta property=\"og:locale\" content=\"pt_BR\" \/>\n<meta property=\"og:type\" content=\"article\" \/>\n<meta property=\"og:title\" content=\"O que \u00e9 o trichoxidil? - Blog Omens\" \/>\n<meta property=\"og:description\" content=\"Voc\u00ea j\u00e1 ouviu falar do trichoxidil? Se voc\u00ea ainda n\u00e3o sabe dessa novidade no tratamento da calv\u00edcie, vamos te explicar agora o que \u00e9 e como funciona. Vem com a Omens descobrir mais! O trichoxidil \u00e9 um fitocomplexo, um conjunto de subst\u00e2ncias, feito a partir de compostos espec\u00edficos de \u00f3leos essenciais. Essa \u00e9 uma descoberta [&hellip;]\" \/>\n<meta property=\"og:url\" content=\"https:\/\/omens.com.br\/blog\/perda-de-cabelo\/trichoxidil\/\" \/>\n<meta property=\"og:site_name\" content=\"Blog Omens\" \/>\n<meta property=\"article:publisher\" content=\"https:\/\/www.facebook.com\/Omensbrasil\/\" \/>\n<meta property=\"article:published_time\" content=\"2023-04-17T16:04:00+00:00\" \/>\n<meta property=\"article:modified_time\" content=\"2025-11-25T08:25:55+00:00\" \/>\n<meta property=\"og:image\" content=\"https:\/\/blog1.omens.com.br\/wp-content\/uploads\/2023\/04\/bula-do-trichoxidil-manipulado.jpg\" \/>\n\t<meta property=\"og:image:width\" content=\"800\" \/>\n\t<meta property=\"og:image:height\" content=\"450\" \/>\n\t<meta property=\"og:image:type\" content=\"image\/jpeg\" \/>\n<meta name=\"author\" content=\"Dra. Aline Erthal\" \/>\n<meta name=\"twitter:card\" content=\"summary_large_image\" \/>\n<meta name=\"twitter:creator\" content=\"@omensbr\" \/>\n<meta name=\"twitter:site\" content=\"@omensbr\" \/>\n<meta name=\"twitter:label1\" content=\"Escrito por\" \/>\n\t<meta name=\"twitter:data1\" content=\"Dra. Aline Erthal\" \/>\n\t<meta name=\"twitter:label2\" content=\"Est. tempo de leitura\" \/>\n\t<meta name=\"twitter:data2\" content=\"4 minutos\" \/>\n<!-- \/ Yoast SEO plugin. -->","yoast_head_json":{"title":"O que \u00e9 o trichoxidil? - Blog Omens","robots":{"index":"index","follow":"follow","max-snippet":"max-snippet:-1","max-image-preview":"max-image-preview:large","max-video-preview":"max-video-preview:-1"},"canonical":"https:\/\/omens.com.br\/blog\/perda-de-cabelo\/trichoxidil\/","og_locale":"pt_BR","og_type":"article","og_title":"O que \u00e9 o trichoxidil? - Blog Omens","og_description":"Voc\u00ea j\u00e1 ouviu falar do trichoxidil? Se voc\u00ea ainda n\u00e3o sabe dessa novidade no tratamento da calv\u00edcie, vamos te explicar agora o que \u00e9 e como funciona. Vem com a Omens descobrir mais! O trichoxidil \u00e9 um fitocomplexo, um conjunto de subst\u00e2ncias, feito a partir de compostos espec\u00edficos de \u00f3leos essenciais. Essa \u00e9 uma descoberta [&hellip;]","og_url":"https:\/\/omens.com.br\/blog\/perda-de-cabelo\/trichoxidil\/","og_site_name":"Blog Omens","article_publisher":"https:\/\/www.facebook.com\/Omensbrasil\/","article_published_time":"2023-04-17T16:04:00+00:00","article_modified_time":"2025-11-25T08:25:55+00:00","og_image":[{"width":800,"height":450,"url":"https:\/\/blog1.omens.com.br\/wp-content\/uploads\/2023\/04\/bula-do-trichoxidil-manipulado.jpg","type":"image\/jpeg"}],"author":"Dra. Aline Erthal","twitter_card":"summary_large_image","twitter_creator":"@omensbr","twitter_site":"@omensbr","twitter_misc":{"Escrito por":"Dra. Aline Erthal","Est. tempo de leitura":"4 minutos"},"schema":{"@context":"https:\/\/schema.org","@graph":[{"@type":"Article","@id":"https:\/\/omens.com.br\/blog\/perda-de-cabelo\/trichoxidil\/#article","isPartOf":{"@id":"https:\/\/omens.com.br\/blog\/perda-de-cabelo\/trichoxidil\/"},"author":{"name":"Dra. Aline Erthal","@id":"https:\/\/omens.com.br\/blog\/#\/schema\/person\/ed81fb12a1f57eec773711e3ad628acb"},"headline":"O que \u00e9 o trichoxidil?","datePublished":"2023-04-17T16:04:00+00:00","dateModified":"2025-11-25T08:25:55+00:00","mainEntityOfPage":{"@id":"https:\/\/omens.com.br\/blog\/perda-de-cabelo\/trichoxidil\/"},"wordCount":786,"commentCount":0,"publisher":{"@id":"https:\/\/omens.com.br\/blog\/#organization"},"image":{"@id":"https:\/\/omens.com.br\/blog\/perda-de-cabelo\/trichoxidil\/#primaryimage"},"thumbnailUrl":"https:\/\/blog1.omens.com.br\/wp-content\/uploads\/2023\/04\/bula-do-trichoxidil-manipulado.jpg","keywords":["escrito por Seth"],"articleSection":["Perda de cabelo"],"inLanguage":"pt-BR","potentialAction":[{"@type":"CommentAction","name":"Comment","target":["https:\/\/omens.com.br\/blog\/perda-de-cabelo\/trichoxidil\/#respond"]}]},{"@type":"WebPage","@id":"https:\/\/omens.com.br\/blog\/perda-de-cabelo\/trichoxidil\/","url":"https:\/\/omens.com.br\/blog\/perda-de-cabelo\/trichoxidil\/","name":"O que \u00e9 o trichoxidil? - Blog Omens","isPartOf":{"@id":"https:\/\/omens.com.br\/blog\/#website"},"primaryImageOfPage":{"@id":"https:\/\/omens.com.br\/blog\/perda-de-cabelo\/trichoxidil\/#primaryimage"},"image":{"@id":"https:\/\/omens.com.br\/blog\/perda-de-cabelo\/trichoxidil\/#primaryimage"},"thumbnailUrl":"https:\/\/blog1.omens.com.br\/wp-content\/uploads\/2023\/04\/bula-do-trichoxidil-manipulado.jpg","datePublished":"2023-04-17T16:04:00+00:00","dateModified":"2025-11-25T08:25:55+00:00","breadcrumb":{"@id":"https:\/\/omens.com.br\/blog\/perda-de-cabelo\/trichoxidil\/#breadcrumb"},"inLanguage":"pt-BR","potentialAction":[{"@type":"ReadAction","target":["https:\/\/omens.com.br\/blog\/perda-de-cabelo\/trichoxidil\/"]}]},{"@type":"ImageObject","inLanguage":"pt-BR","@id":"https:\/\/omens.com.br\/blog\/perda-de-cabelo\/trichoxidil\/#primaryimage","url":"https:\/\/blog1.omens.com.br\/wp-content\/uploads\/2023\/04\/bula-do-trichoxidil-manipulado.jpg","contentUrl":"https:\/\/blog1.omens.com.br\/wp-content\/uploads\/2023\/04\/bula-do-trichoxidil-manipulado.jpg","width":800,"height":450,"caption":"homem aplicando trichoxidil manipulado no cabelo com um pente"},{"@type":"BreadcrumbList","@id":"https:\/\/omens.com.br\/blog\/perda-de-cabelo\/trichoxidil\/#breadcrumb","itemListElement":[{"@type":"ListItem","position":1,"name":"BLOG OMENS","item":"https:\/\/omens.com.br\/blog\/"},{"@type":"ListItem","position":2,"name":"Perda de cabelo","item":"https:\/\/omens.com.br\/blog\/https:\/omens.com.br\/blog\/perda-de-cabelo\/perda-de-cabelo\/"},{"@type":"ListItem","position":3,"name":"O que \u00e9 o trichoxidil?"}]},{"@type":"WebSite","@id":"https:\/\/omens.com.br\/blog\/#website","url":"https:\/\/omens.com.br\/blog\/","name":"Blog Omens","description":"A Omens \u00e9 uma plataforma de intermedia\u00e7\u00e3o de sa\u00fade dedicada ao homem. Ela re\u00fane especialistas brasileiros, urologistas e farmac\u00eauticos para construir uma solu\u00e7\u00e3o de qualidade, segura e acess\u00edvel para todos.","publisher":{"@id":"https:\/\/omens.com.br\/blog\/#organization"},"potentialAction":[{"@type":"SearchAction","target":{"@type":"EntryPoint","urlTemplate":"https:\/\/omens.com.br\/blog\/?s={search_term_string}"},"query-input":{"@type":"PropertyValueSpecification","valueRequired":true,"valueName":"search_term_string"}}],"inLanguage":"pt-BR"},{"@type":"Organization","@id":"https:\/\/omens.com.br\/blog\/#organization","name":"Omens","url":"https:\/\/omens.com.br\/blog\/","logo":{"@type":"ImageObject","inLanguage":"pt-BR","@id":"https:\/\/omens.com.br\/blog\/#\/schema\/logo\/image\/","url":"https:\/\/blog1.omens.com.br\/wp-content\/uploads\/2024\/06\/logo-omens-blog-wide.png","contentUrl":"https:\/\/blog1.omens.com.br\/wp-content\/uploads\/2024\/06\/logo-omens-blog-wide.png","width":200,"height":73,"caption":"Omens"},"image":{"@id":"https:\/\/omens.com.br\/blog\/#\/schema\/logo\/image\/"},"sameAs":["https:\/\/www.facebook.com\/Omensbrasil\/","https:\/\/x.com\/omensbr"]},{"@type":"Person","@id":"https:\/\/omens.com.br\/blog\/#\/schema\/person\/ed81fb12a1f57eec773711e3ad628acb","name":"Dra. Aline Erthal","sameAs":["https:\/\/omens.com.br\/author\/dra-aline-erthal\/","https:\/\/instagram.com\/erthalaline\/"]}]}},"_links":{"self":[{"href":"https:\/\/omens.com.br\/blog\/wp-json\/wp\/v2\/posts\/23348","targetHints":{"allow":["GET"]}}],"collection":[{"href":"https:\/\/omens.com.br\/blog\/wp-json\/wp\/v2\/posts"}],"about":[{"href":"https:\/\/omens.com.br\/blog\/wp-json\/wp\/v2\/types\/post"}],"author":[{"embeddable":true,"href":"https:\/\/omens.com.br\/blog\/wp-json\/wp\/v2\/users\/16"}],"replies":[{"embeddable":true,"href":"https:\/\/omens.com.br\/blog\/wp-json\/wp\/v2\/comments?post=23348"}],"version-history":[{"count":4,"href":"https:\/\/omens.com.br\/blog\/wp-json\/wp\/v2\/posts\/23348\/revisions"}],"predecessor-version":[{"id":28720,"href":"https:\/\/omens.com.br\/blog\/wp-json\/wp\/v2\/posts\/23348\/revisions\/28720"}],"wp:featuredmedia":[{"embeddable":true,"href":"https:\/\/omens.com.br\/blog\/wp-json\/wp\/v2\/media\/23352"}],"wp:attachment":[{"href":"https:\/\/omens.com.br\/blog\/wp-json\/wp\/v2\/media?parent=23348"}],"wp:term":[{"taxonomy":"category","embeddable":true,"href":"https:\/\/omens.com.br\/blog\/wp-json\/wp\/v2\/categories?post=23348"},{"taxonomy":"post_tag","embeddable":true,"href":"https:\/\/omens.com.br\/blog\/wp-json\/wp\/v2\/tags?post=23348"}],"curies":[{"name":"wp","href":"https:\/\/api.w.org\/{rel}","templated":true}]}}