{"id":23340,"date":"2023-04-13T13:21:00","date_gmt":"2023-04-13T16:21:00","guid":{"rendered":"https:\/\/blog1.omens.com.br\/?p=23340"},"modified":"2025-11-25T05:25:58","modified_gmt":"2025-11-25T08:25:58","slug":"alfaestradiol","status":"publish","type":"post","link":"https:\/\/omens.com.br\/blog\/perda-de-cabelo\/alfaestradiol\/","title":{"rendered":"Alfaestradiol capilar: como usar, efeitos colaterais e pre\u00e7o"},"content":{"rendered":"\n<div style=\"height:20px\" aria-hidden=\"true\" class=\"wp-block-spacer\"><\/div>\n\n\n\n<p>A calv\u00edcie pode atingir tanto&nbsp;homens quanto mulheres e cada caso pode apresentar caracter\u00edsticas pr\u00f3prias. Para tratar essa condi\u00e7\u00e3o existem medicamentos diversos e, dentre eles, est\u00e1 o Alfaestradiol T\u00f3pico.&nbsp;<\/p>\n\n\n\n<p>No artigo desta semana, a Omens fala um pouco sobre esse medicamento, sua efic\u00e1cia no tratamento da calv\u00edcie e em quais casos ele \u00e9 recomendado. Ent\u00e3o, vem com a gente descobrir mais sobre o assunto.<\/p>\n\n\n\n<div style=\"height:20px\" aria-hidden=\"true\" class=\"wp-block-spacer\"><\/div>\n\n\n\n<div id=\"ez-toc-container\" class=\"ez-toc-v2_0_74 counter-hierarchy ez-toc-counter ez-toc-custom ez-toc-container-direction\">\n<p class=\"ez-toc-title\" style=\"cursor:inherit\">\u00cdndice<\/p>\n<label for=\"ez-toc-cssicon-toggle-item-69f122249b471\" class=\"ez-toc-cssicon-toggle-label\"><span class=\"\"><span class=\"eztoc-hide\" style=\"display:none;\">Toggle<\/span><span class=\"ez-toc-icon-toggle-span\"><svg style=\"fill: #171712;color:#171712\" xmlns=\"http:\/\/www.w3.org\/2000\/svg\" class=\"list-377408\" width=\"20px\" height=\"20px\" viewBox=\"0 0 24 24\" fill=\"none\"><path d=\"M6 6H4v2h2V6zm14 0H8v2h12V6zM4 11h2v2H4v-2zm16 0H8v2h12v-2zM4 16h2v2H4v-2zm16 0H8v2h12v-2z\" fill=\"currentColor\"><\/path><\/svg><svg style=\"fill: #171712;color:#171712\" class=\"arrow-unsorted-368013\" xmlns=\"http:\/\/www.w3.org\/2000\/svg\" width=\"10px\" height=\"10px\" viewBox=\"0 0 24 24\" version=\"1.2\" baseProfile=\"tiny\"><path d=\"M18.2 9.3l-6.2-6.3-6.2 6.3c-.2.2-.3.4-.3.7s.1.5.3.7c.2.2.4.3.7.3h11c.3 0 .5-.1.7-.3.2-.2.3-.5.3-.7s-.1-.5-.3-.7zM5.8 14.7l6.2 6.3 6.2-6.3c.2-.2.3-.5.3-.7s-.1-.5-.3-.7c-.2-.2-.4-.3-.7-.3h-11c-.3 0-.5.1-.7.3-.2.2-.3.5-.3.7s.1.5.3.7z\"\/><\/svg><\/span><\/span><\/label><input type=\"checkbox\"  id=\"ez-toc-cssicon-toggle-item-69f122249b471\"  aria-label=\"Alternar\" \/><nav><ul class='ez-toc-list ez-toc-list-level-1 ' ><li class='ez-toc-page-1 ez-toc-heading-level-2'><a class=\"ez-toc-link ez-toc-heading-1\" href=\"https:\/\/omens.com.br\/blog\/perda-de-cabelo\/alfaestradiol\/#O_que_e_o_alfaestradiol\" >O que \u00e9 o alfaestradiol?<\/a><ul class='ez-toc-list-level-3' ><li class='ez-toc-heading-level-3'><a class=\"ez-toc-link ez-toc-heading-2\" href=\"https:\/\/omens.com.br\/blog\/perda-de-cabelo\/alfaestradiol\/#Como_o_alfaestradiol_age_no_corpo\" >Como o alfaestradiol age no corpo?<\/a><\/li><\/ul><\/li><li class='ez-toc-page-1 ez-toc-heading-level-2'><a class=\"ez-toc-link ez-toc-heading-3\" href=\"https:\/\/omens.com.br\/blog\/perda-de-cabelo\/alfaestradiol\/#Eficacia_do_Alfaestradiol\" >Efic\u00e1cia do Alfaestradiol<\/a><ul class='ez-toc-list-level-3' ><li class='ez-toc-heading-level-3'><a class=\"ez-toc-link ez-toc-heading-4\" href=\"https:\/\/omens.com.br\/blog\/perda-de-cabelo\/alfaestradiol\/#Em_quais_casos_o_Alfaestradiol_e_eficaz\" >Em quais casos o Alfaestradiol \u00e9 eficaz?<\/a><\/li><\/ul><\/li><li class='ez-toc-page-1 ez-toc-heading-level-2'><a class=\"ez-toc-link ez-toc-heading-5\" href=\"https:\/\/omens.com.br\/blog\/perda-de-cabelo\/alfaestradiol\/#Modo_de_uso\" >Modo de uso<\/a><\/li><li class='ez-toc-page-1 ez-toc-heading-level-2'><a class=\"ez-toc-link ez-toc-heading-6\" href=\"https:\/\/omens.com.br\/blog\/perda-de-cabelo\/alfaestradiol\/#Cuidados_na_hora_de_utilizar_o_Alfaestradiol\" >Cuidados na hora de utilizar o Alfaestradiol<\/a><\/li><li class='ez-toc-page-1 ez-toc-heading-level-2'><a class=\"ez-toc-link ez-toc-heading-7\" href=\"https:\/\/omens.com.br\/blog\/perda-de-cabelo\/alfaestradiol\/#Efeitos_colaterais\" >Efeitos colaterais<\/a><ul class='ez-toc-list-level-3' ><li class='ez-toc-heading-level-3'><a class=\"ez-toc-link ez-toc-heading-8\" href=\"https:\/\/omens.com.br\/blog\/perda-de-cabelo\/alfaestradiol\/#Existem_contraindicacoes_no_uso_do_Alfaestradiol\" >Existem contraindica\u00e7\u00f5es no uso do Alfaestradiol?<\/a><\/li><\/ul><\/li><li class='ez-toc-page-1 ez-toc-heading-level-2'><a class=\"ez-toc-link ez-toc-heading-9\" href=\"https:\/\/omens.com.br\/blog\/perda-de-cabelo\/alfaestradiol\/#Preco\" >Pre\u00e7o<\/a><\/li><li class='ez-toc-page-1 ez-toc-heading-level-2'><a class=\"ez-toc-link ez-toc-heading-10\" href=\"https:\/\/omens.com.br\/blog\/perda-de-cabelo\/alfaestradiol\/#Existem_outras_opcoes_de_medicamentos_para_tratar_a_calvicie\" >Existem outras op\u00e7\u00f5es de medicamentos para tratar a calv\u00edcie?<\/a><\/li><li class='ez-toc-page-1 ez-toc-heading-level-2'><a class=\"ez-toc-link ez-toc-heading-11\" href=\"https:\/\/omens.com.br\/blog\/perda-de-cabelo\/alfaestradiol\/#Conclusao\" >Conclus\u00e3o<\/a><\/li><\/ul><\/nav><\/div>\n<h2 class=\"wp-block-heading\"><span class=\"ez-toc-section\" id=\"O_que_e_o_alfaestradiol\"><\/span>O que \u00e9 o alfaestradiol?<span class=\"ez-toc-section-end\"><\/span><\/h2>\n\n\n\n<hr>\n\n\n\n<p>O Alfaestradiol (ou 17\u03b1-estradiol) \u00e9 um inibidor do estrog\u00eanio e da 5\u03b1-redutase. Ele \u00e9 direcionado para o tratamento da calv\u00edcie leve e moderada em homens e mulheres. \u00c9 um medicamento t\u00f3pico e \u00e9 comercializado sob o nome de Avicis ou Tegan.&nbsp;<\/p>\n\n\n\n<h3 class=\"wp-block-heading\"><span class=\"ez-toc-section\" id=\"Como_o_alfaestradiol_age_no_corpo\"><\/span>Como o alfaestradiol age no corpo?<span class=\"ez-toc-section-end\"><\/span><\/h3>\n\n\n\n<p>Ele age diretamente nas enzimas que transformam a testosterona em dihidrotestosterona. Como quem j\u00e1 se informa sobre calv\u00edcie sabe, a DHT \u00e9 uma das grandes respons\u00e1veis pelo afinamento capilar e perda progressiva dos cabelos. Ao aplicar o produto no couro cabeludo, age diretamente no fol\u00edculo capilar, impedindo que a DHT afete o crescimento do fio.<\/p>\n\n\n\n<h2 class=\"wp-block-heading\"><span class=\"ez-toc-section\" id=\"Eficacia_do_Alfaestradiol\"><\/span>Efic\u00e1cia do Alfaestradiol<span class=\"ez-toc-section-end\"><\/span><\/h2>\n\n\n\n<hr>\n\n\n\n<p>Existem poucos estudos sobre a efic\u00e1cia do Alfaestradiol como tratamento \u00fanico para a calv\u00edcie. E as pesquisas que existem mostram uma inferioridade desse medicamento se comparado com o uso de outros, como o minoxidil, por exemplo. Vamos olhar os resultados de algumas das pesquisas realizadas com esse medicamento.<\/p>\n\n\n\n<p>A primeira pesquisa foi publicada na revista Dermatology Practical and Conceptual e estudou os efeitos do Alfaestradiol em compara\u00e7\u00e3o com o Finasterida. 119 pacientes mulheres com calv\u00edcie no p\u00f3s-menopausa foram observadas durante 18 meses. Um grupo foi tratado com o 17\u03b1-estradiol 0.05% + Minoxidil 2% e o outro com finasterida 0.5% + minoxidil 2%. Apesar de ambos os grupos apresentaram melhora significativa no crescimento capilar, o grupo que foi tratado com finasterida teve resultados melhores.<\/p>\n\n\n\n<p>Outra pesquisa interessante comparou o uso de minoxidil e alfaestradiol em dois grupos de pacientes durante 6 meses. Durante esse tempo, o grupo tratado com minoxidil 2% apresentou resultados positivos de crescimento na densidade capilar, enquanto o grupo tratado com alfaestradiol 0,025% n\u00e3o apresentou uma melhora ou piora no crescimento capilar, ficando est\u00e1vel. Ap\u00f3s esses 6 meses iniciais, as pesquisas continuaram, dessa vez substituindo o uso do alfaestradiol 0,25% por minoxidil 2% alcan\u00e7ando a mesma melhora.<\/p>\n\n\n\n<h3 class=\"wp-block-heading\"><span class=\"ez-toc-section\" id=\"Em_quais_casos_o_Alfaestradiol_e_eficaz\"><\/span>Em quais casos o Alfaestradiol \u00e9 eficaz?<span class=\"ez-toc-section-end\"><\/span><\/h3>\n\n\n\n<p>Como vimos nos estudos anteriores, a primeira escolha para o tratamento da alopecia androgen\u00e9tica ainda \u00e9 a combina\u00e7\u00e3o de minoxidil e finasterida. O alfaestradiol pode ser utilizado em associa\u00e7\u00e3o a esses medicamentos ou em casos em que o paciente tenha alguma contraindica\u00e7\u00e3o ao tratamento padr\u00e3o.<\/p>\n\n\n\n<figure class=\"wp-block-image size-full has-custom-border not-show-desktop\"><a href=\"https:\/\/medleve.com\/?utm_term=omens&amp;utm_content=omens\"><img data-dominant-color=\"3c403f\" data-has-transparency=\"false\" fetchpriority=\"high\" decoding=\"async\" width=\"700\" height=\"400\" src=\"https:\/\/blog1.omens.com.br\/wp-content\/uploads\/2025\/10\/precisando-de-receita-medica-para-emagrecer-consiga-aqui.jpg\" alt=\"\" class=\"wp-image-28421 not-transparent\" style=\"--dominant-color: #3c403f; border-radius:15px\"\/><\/a><\/figure>\n\n\n\n<figure class=\"wp-block-image size-full has-custom-border not-show-mobile\"><a href=\"https:\/\/medleve.com\/?utm_term=omens&amp;utm_content=omens\"><img data-dominant-color=\"3f3f30\" data-has-transparency=\"false\" decoding=\"async\" width=\"700\" height=\"190\" src=\"https:\/\/blog1.omens.com.br\/wp-content\/uploads\/2025\/10\/precisando-de-receita-medica-para-emagrecer-com-canetas-e-aqui.jpg\" alt=\"\" class=\"wp-image-28422 not-transparent\" style=\"--dominant-color: #3f3f30; border-radius:15px\"\/><\/a><\/figure>\n\n\n\n<h2 class=\"wp-block-heading\"><span class=\"ez-toc-section\" id=\"Modo_de_uso\"><\/span>Modo de uso<span class=\"ez-toc-section-end\"><\/span><\/h2>\n\n\n\n<hr>\n\n\n\n<p>O uso de alfaestradiol \u00e9 simples. Por ser um medicamento t\u00f3pico, ele \u00e9 comercializado com um aplicador pr\u00f3prio para a regi\u00e3o capilar. \u00c9 tamb\u00e9m melhor tolerado no cabelo pelos pacientes do que o Minoxidil, j\u00e1 que geralmente n\u00e3o deixa o cabelo com aspecto pesado e oleoso.&nbsp;<\/p>\n\n\n\n<p>Para aplicar o alfaestradiol t\u00f3pico voc\u00ea deve:<\/p>\n\n\n\n<ul class=\"wp-block-list\">\n<li>Deixar o frasco em posi\u00e7\u00e3o vertical e desbloquear o lacre do aplicador, para que o produto saia;<\/li>\n\n\n\n<li>Pegue o frasco e aplique na \u00e1rea afetada, deslizando suavemente pelo couro cabeludo;<\/li>\n\n\n\n<li>Aplique at\u00e9 sentir a \u00e1rea levemente umedecida, sem que escorra pelo rosto.<\/li>\n<\/ul>\n\n\n\n<p>A frequ\u00eancia de aplica\u00e7\u00e3o dever\u00e1 ser discutida diretamente com o m\u00e9dico dermatologista. Como j\u00e1 comentamos em t\u00f3picos anteriores, pode ser necess\u00e1rio associar alfaestradiol com outros medicamentos para perceber resultados positivos.<\/p>\n\n\n\n<h2 class=\"wp-block-heading\"><span class=\"ez-toc-section\" id=\"Cuidados_na_hora_de_utilizar_o_Alfaestradiol\"><\/span>Cuidados na hora de utilizar o Alfaestradiol<span class=\"ez-toc-section-end\"><\/span><\/h2>\n\n\n\n<hr>\n\n\n\n<p>A aplica\u00e7\u00e3o do Alfaestradiol precisa ser feita de acordo com a indica\u00e7\u00e3o m\u00e9dica. Aplicar mais quantidade do produto que o necess\u00e1rio n\u00e3o trar\u00e1 mais benef\u00edcios. Na realidade, pode trazer complica\u00e7\u00f5es no couro cabeludo, como ard\u00eancia e coceira.<\/p>\n\n\n\n<p>Al\u00e9m disso, evite aplicar alfaestradiol no couro cabeludo machucado. Sua composi\u00e7\u00e3o possui \u00e1lcool que pode levar a queima\u00e7\u00e3o, irrita\u00e7\u00e3o e vermelhid\u00e3o.<\/p>\n\n\n\n<h2 class=\"wp-block-heading\"><span class=\"ez-toc-section\" id=\"Efeitos_colaterais\"><\/span>Efeitos colaterais<span class=\"ez-toc-section-end\"><\/span><\/h2>\n\n\n\n<hr>\n\n\n\n<p>Os efeitos colaterais do alfaestradiol s\u00e3o poucos mas existem. Assim como todo medicamento, \u00e9 necess\u00e1rio acompanhamento m\u00e9dico dermatol\u00f3gico para evitar complica\u00e7\u00f5es.&nbsp;<\/p>\n\n\n\n<p>Os efeitos colaterais mais comuns s\u00e3o:<\/p>\n\n\n\n<ul class=\"wp-block-list\">\n<li>Desconforto na pele do couro cabeludo;<\/li>\n\n\n\n<li>Ardor;<\/li>\n\n\n\n<li>Vermelhid\u00e3o;<\/li>\n\n\n\n<li>Pele ressecada;<\/li>\n\n\n\n<li>Coceira.<\/li>\n<\/ul>\n\n\n\n<p>Esses efeitos colaterais acontecem devido a presen\u00e7a do \u00e1lcool na f\u00f3rmula da lo\u00e7\u00e3o com alfaestradiol. Se os sintomas pioraram, suspenda o uso e procure seu m\u00e9dico dermatologista o quanto antes para realiza\u00e7\u00e3o de exames.<\/p>\n\n\n\n<h3 class=\"wp-block-heading\"><span class=\"ez-toc-section\" id=\"Existem_contraindicacoes_no_uso_do_Alfaestradiol\"><\/span>Existem contraindica\u00e7\u00f5es no uso do Alfaestradiol?<span class=\"ez-toc-section-end\"><\/span><\/h3>\n\n\n\n<p>Poucas, mas existem. Alfaestradiol \u00e9 contraindicado para menores de 18 anos, gestantes e para quem estiver amamentando.<\/p>\n\n\n\n<h2 class=\"wp-block-heading\"><span class=\"ez-toc-section\" id=\"Preco\"><\/span>Pre\u00e7o<span class=\"ez-toc-section-end\"><\/span><\/h2>\n\n\n\n<hr>\n\n\n\n<p>\u00c9 poss\u00edvel adquirir Alfaestradiol t\u00f3pico em farm\u00e1cias locais, online ou encomendar a manipula\u00e7\u00e3o do medicamento. A dosagem mais comum de alfaestradiol \u00e9 a de 0,25% e \u00e9 poss\u00edvel encontrar o medicamento associado ao minoxidil.&nbsp;<\/p>\n\n\n\n<ul class=\"wp-block-list\">\n<li>Minoxidil 5% + Alfaestradiol 0,25% em formato lo\u00e7\u00e3o com 100ml est\u00e1 atualmente no mercado com uma faixa de pre\u00e7o de R$ 90 a R$ 120.<\/li>\n\n\n\n<li>Alfaestradiol gen\u00e9rico 0,25% em formato lo\u00e7\u00e3o com 100ml est\u00e1 atualmente no mercado com uma faixa de pre\u00e7o de R$ 80 a R$ 90.<\/li>\n\n\n\n<li>Alfaestradiol Tegan 0,25% em formato lo\u00e7\u00e3o com 100ml est\u00e1 atualmente no mercado com o valor de R$ 100;<\/li>\n\n\n\n<li>Alfaestradiol Avicis 0,25% em formato lo\u00e7\u00e3o com 100ml est\u00e1 atualmente no mercado com o valor de R$ 180.<\/li>\n<\/ul>\n\n\n<div class=\"amp-cta\">\n<p><span class=\"novo-cta-title\">As melhores f\u00f3rmulas para voc\u00ea: minoxidil, spray ou oral<\/span><\/p>\n<p><a class=\"amp-cta-button falar-com-especialista\" href=\"https:\/\/omens.com.br\/minoxidil?utm_term=minoxidil&#038;utm_content=blogSEO\" onclick=\"dataLayer.push({'event': 'marcar_consulta'});\" target=\"_self\" rel=\"noopener\" data-wpel-link=\"internal\"> Marcar Teleconsulta Agora <\/a><\/p>\n<p class=\"novo-cta-subtitle\">Consulte um dermatologista ONLINE e manipule o seu tratamento j\u00e1!<\/p>\n<\/p><\/div>\n\n\n\n<h2 class=\"wp-block-heading\"><span class=\"ez-toc-section\" id=\"Existem_outras_opcoes_de_medicamentos_para_tratar_a_calvicie\"><\/span>Existem outras op\u00e7\u00f5es de medicamentos para tratar a calv\u00edcie?<span class=\"ez-toc-section-end\"><\/span><\/h2>\n\n\n\n<hr>\n\n\n\n<p>Sim, existem muitas outras alternativas para tratar a calv\u00edcie em homens e mulheres. Dentre elas podemos citar:<\/p>\n\n\n\n<ul class=\"wp-block-list\">\n<li>A Finasterida e a Dutasterida, que tamb\u00e9m inibem a a\u00e7\u00e3o da enzima que produz a DHT, respons\u00e1vel pela calv\u00edcie masculina;<\/li>\n\n\n\n<li>O Minoxidil, que ajuda a melhorar o crescimento dos cabelos, agindo diretamente no fol\u00edculo capilar e nas fases de crescimento do cabelo;<\/li>\n\n\n\n<li>Espironolactona, que ajuda no crescimento capilar para tratar a calv\u00edcie feminina.<\/li>\n<\/ul>\n\n\n\n<p>Converse com seu m\u00e9dico dermatologista para chegar a um consenso sobre como tratar o seu caso de calv\u00edcie. Novos medicamentos e tratamentos terap\u00eauticos surgem todos os dias e podem ser a solu\u00e7\u00e3o para o seu caso.<\/p>\n\n\n\n<h2 class=\"wp-block-heading\"><span class=\"ez-toc-section\" id=\"Conclusao\"><\/span>Conclus\u00e3o<span class=\"ez-toc-section-end\"><\/span><\/h2>\n\n\n\n<hr>\n\n\n\n<p>Se voc\u00ea est\u00e1 procurando o melhor tratamento para a calv\u00edcie, uma consulta dermatol\u00f3gica pode te indicar o melhor caminho. Como vimos, o alfaestradiol nem sempre \u00e9 a melhor solu\u00e7\u00e3o e pode ser necess\u00e1ria a associa\u00e7\u00e3o com outros medicamentos para que apresente resultados satisfat\u00f3rios. Por isso, uma consulta com um dermatologista pode ser bastante esclarecedora e te levar at\u00e9 a melhor forma de recuperar a autoestima.<\/p>\n\n\n\n<figure class=\"wp-block-image size-full has-custom-border not-show-desktop\"><a href=\"https:\/\/medleve.com\/?utm_term=omens&amp;utm_content=omens\"><img data-dominant-color=\"69564a\" data-has-transparency=\"false\" decoding=\"async\" width=\"700\" height=\"500\" src=\"https:\/\/blog1.omens.com.br\/wp-content\/uploads\/2025\/10\/a-receita-medica-para-caneta-emagrecedore-69-reais.jpg\" alt=\"\" class=\"wp-image-28424 not-transparent\" style=\"--dominant-color: #69564a; border-radius:15px\" srcset=\"https:\/\/blog1.omens.com.br\/wp-content\/uploads\/2025\/10\/a-receita-medica-para-caneta-emagrecedore-69-reais.jpg 700w, https:\/\/blog1.omens.com.br\/wp-content\/uploads\/2025\/10\/a-receita-medica-para-caneta-emagrecedore-69-reais-560x400.jpg 560w\" sizes=\"(max-width: 700px) 100vw, 700px\" \/><\/a><\/figure>\n\n\n\n<figure class=\"wp-block-image size-full has-custom-border not-show-mobile\"><a href=\"https:\/\/medleve.com\/?utm_term=omens&amp;utm_content=omens\"><img data-dominant-color=\"e2ce5e\" data-has-transparency=\"false\" loading=\"lazy\" decoding=\"async\" width=\"700\" height=\"190\" src=\"https:\/\/blog1.omens.com.br\/wp-content\/uploads\/2025\/10\/receita-medica-para-caneta-emagrecedora-so-69-reais.jpg\" alt=\"\" class=\"wp-image-28426 not-transparent\" style=\"--dominant-color: #e2ce5e; border-radius:15px\"\/><\/a><\/figure>\n","protected":false},"excerpt":{"rendered":"<p>A calv\u00edcie pode atingir tanto&nbsp;homens quanto mulheres e cada caso pode apresentar caracter\u00edsticas pr\u00f3prias. Para tratar essa condi\u00e7\u00e3o existem medicamentos diversos e, dentre eles, est\u00e1 o Alfaestradiol T\u00f3pico.&nbsp; No artigo desta semana, a Omens fala um pouco sobre esse medicamento, sua efic\u00e1cia no tratamento da calv\u00edcie e em quais casos ele \u00e9 recomendado. Ent\u00e3o, vem [&hellip;]<\/p>\n","protected":false},"author":16,"featured_media":23343,"comment_status":"open","ping_status":"open","sticky":false,"template":"","format":"standard","meta":{"footnotes":""},"categories":[109],"tags":[130],"class_list":["post-23340","post","type-post","status-publish","format-standard","has-post-thumbnail","hentry","category-perda-de-cabelo","tag-escrito-por-seth"],"yoast_head":"<!-- This site is optimized with the Yoast SEO plugin v27.5 - https:\/\/yoast.com\/product\/yoast-seo-wordpress\/ -->\n<title>Alfaestradiol capilar: como usar, efeitos colaterais e pre\u00e7o - Blog Omens<\/title>\n<meta name=\"robots\" content=\"index, follow, max-snippet:-1, max-image-preview:large, max-video-preview:-1\" \/>\n<link rel=\"canonical\" href=\"https:\/\/omens.com.br\/blog\/perda-de-cabelo\/alfaestradiol\/\" \/>\n<meta property=\"og:locale\" content=\"pt_BR\" \/>\n<meta property=\"og:type\" content=\"article\" \/>\n<meta property=\"og:title\" content=\"Alfaestradiol capilar: como usar, efeitos colaterais e pre\u00e7o - Blog Omens\" \/>\n<meta property=\"og:description\" content=\"A calv\u00edcie pode atingir tanto&nbsp;homens quanto mulheres e cada caso pode apresentar caracter\u00edsticas pr\u00f3prias. Para tratar essa condi\u00e7\u00e3o existem medicamentos diversos e, dentre eles, est\u00e1 o Alfaestradiol T\u00f3pico.&nbsp; No artigo desta semana, a Omens fala um pouco sobre esse medicamento, sua efic\u00e1cia no tratamento da calv\u00edcie e em quais casos ele \u00e9 recomendado. Ent\u00e3o, vem [&hellip;]\" \/>\n<meta property=\"og:url\" content=\"https:\/\/omens.com.br\/blog\/perda-de-cabelo\/alfaestradiol\/\" \/>\n<meta property=\"og:site_name\" content=\"Blog Omens\" \/>\n<meta property=\"article:publisher\" content=\"https:\/\/www.facebook.com\/Omensbrasil\/\" \/>\n<meta property=\"article:published_time\" content=\"2023-04-13T16:21:00+00:00\" \/>\n<meta property=\"article:modified_time\" content=\"2025-11-25T08:25:58+00:00\" \/>\n<meta property=\"og:image\" content=\"https:\/\/blog1.omens.com.br\/wp-content\/uploads\/2023\/04\/solucao-de-alfaestradiol-para-cabelo-manipulado-ou-generico.webp\" \/>\n\t<meta property=\"og:image:width\" content=\"1\" \/>\n\t<meta property=\"og:image:height\" content=\"1\" \/>\n\t<meta property=\"og:image:type\" content=\"image\/webp\" \/>\n<meta name=\"author\" content=\"Dra. Aline Erthal\" \/>\n<meta name=\"twitter:card\" content=\"summary_large_image\" \/>\n<meta name=\"twitter:creator\" content=\"@omensbr\" \/>\n<meta name=\"twitter:site\" content=\"@omensbr\" \/>\n<meta name=\"twitter:label1\" content=\"Escrito por\" \/>\n\t<meta name=\"twitter:data1\" content=\"Dra. Aline Erthal\" \/>\n\t<meta name=\"twitter:label2\" content=\"Est. tempo de leitura\" \/>\n\t<meta name=\"twitter:data2\" content=\"6 minutos\" \/>\n<!-- \/ Yoast SEO plugin. -->","yoast_head_json":{"title":"Alfaestradiol capilar: como usar, efeitos colaterais e pre\u00e7o - Blog Omens","robots":{"index":"index","follow":"follow","max-snippet":"max-snippet:-1","max-image-preview":"max-image-preview:large","max-video-preview":"max-video-preview:-1"},"canonical":"https:\/\/omens.com.br\/blog\/perda-de-cabelo\/alfaestradiol\/","og_locale":"pt_BR","og_type":"article","og_title":"Alfaestradiol capilar: como usar, efeitos colaterais e pre\u00e7o - Blog Omens","og_description":"A calv\u00edcie pode atingir tanto&nbsp;homens quanto mulheres e cada caso pode apresentar caracter\u00edsticas pr\u00f3prias. Para tratar essa condi\u00e7\u00e3o existem medicamentos diversos e, dentre eles, est\u00e1 o Alfaestradiol T\u00f3pico.&nbsp; No artigo desta semana, a Omens fala um pouco sobre esse medicamento, sua efic\u00e1cia no tratamento da calv\u00edcie e em quais casos ele \u00e9 recomendado. Ent\u00e3o, vem [&hellip;]","og_url":"https:\/\/omens.com.br\/blog\/perda-de-cabelo\/alfaestradiol\/","og_site_name":"Blog Omens","article_publisher":"https:\/\/www.facebook.com\/Omensbrasil\/","article_published_time":"2023-04-13T16:21:00+00:00","article_modified_time":"2025-11-25T08:25:58+00:00","og_image":[{"url":"https:\/\/blog1.omens.com.br\/wp-content\/uploads\/2023\/04\/solucao-de-alfaestradiol-para-cabelo-manipulado-ou-generico.webp","width":1,"height":1,"type":"image\/webp"}],"author":"Dra. Aline Erthal","twitter_card":"summary_large_image","twitter_creator":"@omensbr","twitter_site":"@omensbr","twitter_misc":{"Escrito por":"Dra. Aline Erthal","Est. tempo de leitura":"6 minutos"},"schema":{"@context":"https:\/\/schema.org","@graph":[{"@type":"Article","@id":"https:\/\/omens.com.br\/blog\/perda-de-cabelo\/alfaestradiol\/#article","isPartOf":{"@id":"https:\/\/omens.com.br\/blog\/perda-de-cabelo\/alfaestradiol\/"},"author":{"name":"Dra. Aline Erthal","@id":"https:\/\/omens.com.br\/blog\/#\/schema\/person\/ed81fb12a1f57eec773711e3ad628acb"},"headline":"Alfaestradiol capilar: como usar, efeitos colaterais e pre\u00e7o","datePublished":"2023-04-13T16:21:00+00:00","dateModified":"2025-11-25T08:25:58+00:00","mainEntityOfPage":{"@id":"https:\/\/omens.com.br\/blog\/perda-de-cabelo\/alfaestradiol\/"},"wordCount":1107,"commentCount":0,"publisher":{"@id":"https:\/\/omens.com.br\/blog\/#organization"},"image":{"@id":"https:\/\/omens.com.br\/blog\/perda-de-cabelo\/alfaestradiol\/#primaryimage"},"thumbnailUrl":"https:\/\/blog1.omens.com.br\/wp-content\/uploads\/2023\/04\/solucao-de-alfaestradiol-para-cabelo-manipulado-ou-generico.webp","keywords":["escrito por Seth"],"articleSection":["Perda de cabelo"],"inLanguage":"pt-BR","potentialAction":[{"@type":"CommentAction","name":"Comment","target":["https:\/\/omens.com.br\/blog\/perda-de-cabelo\/alfaestradiol\/#respond"]}]},{"@type":"WebPage","@id":"https:\/\/omens.com.br\/blog\/perda-de-cabelo\/alfaestradiol\/","url":"https:\/\/omens.com.br\/blog\/perda-de-cabelo\/alfaestradiol\/","name":"Alfaestradiol capilar: como usar, efeitos colaterais e pre\u00e7o - Blog Omens","isPartOf":{"@id":"https:\/\/omens.com.br\/blog\/#website"},"primaryImageOfPage":{"@id":"https:\/\/omens.com.br\/blog\/perda-de-cabelo\/alfaestradiol\/#primaryimage"},"image":{"@id":"https:\/\/omens.com.br\/blog\/perda-de-cabelo\/alfaestradiol\/#primaryimage"},"thumbnailUrl":"https:\/\/blog1.omens.com.br\/wp-content\/uploads\/2023\/04\/solucao-de-alfaestradiol-para-cabelo-manipulado-ou-generico.webp","datePublished":"2023-04-13T16:21:00+00:00","dateModified":"2025-11-25T08:25:58+00:00","breadcrumb":{"@id":"https:\/\/omens.com.br\/blog\/perda-de-cabelo\/alfaestradiol\/#breadcrumb"},"inLanguage":"pt-BR","potentialAction":[{"@type":"ReadAction","target":["https:\/\/omens.com.br\/blog\/perda-de-cabelo\/alfaestradiol\/"]}]},{"@type":"ImageObject","inLanguage":"pt-BR","@id":"https:\/\/omens.com.br\/blog\/perda-de-cabelo\/alfaestradiol\/#primaryimage","url":"https:\/\/blog1.omens.com.br\/wp-content\/uploads\/2023\/04\/solucao-de-alfaestradiol-para-cabelo-manipulado-ou-generico.webp","contentUrl":"https:\/\/blog1.omens.com.br\/wp-content\/uploads\/2023\/04\/solucao-de-alfaestradiol-para-cabelo-manipulado-ou-generico.webp","caption":"homem em um sal\u00e3o aplicando alfaestradiol t\u00f3pico nos cabelos"},{"@type":"BreadcrumbList","@id":"https:\/\/omens.com.br\/blog\/perda-de-cabelo\/alfaestradiol\/#breadcrumb","itemListElement":[{"@type":"ListItem","position":1,"name":"BLOG OMENS","item":"https:\/\/omens.com.br\/blog\/"},{"@type":"ListItem","position":2,"name":"Perda de cabelo","item":"https:\/\/omens.com.br\/blog\/https:\/omens.com.br\/blog\/perda-de-cabelo\/perda-de-cabelo\/"},{"@type":"ListItem","position":3,"name":"Alfaestradiol capilar: como usar, efeitos colaterais e pre\u00e7o"}]},{"@type":"WebSite","@id":"https:\/\/omens.com.br\/blog\/#website","url":"https:\/\/omens.com.br\/blog\/","name":"Blog Omens","description":"A Omens \u00e9 uma plataforma de intermedia\u00e7\u00e3o de sa\u00fade dedicada ao homem. Ela re\u00fane especialistas brasileiros, urologistas e farmac\u00eauticos para construir uma solu\u00e7\u00e3o de qualidade, segura e acess\u00edvel para todos.","publisher":{"@id":"https:\/\/omens.com.br\/blog\/#organization"},"potentialAction":[{"@type":"SearchAction","target":{"@type":"EntryPoint","urlTemplate":"https:\/\/omens.com.br\/blog\/?s={search_term_string}"},"query-input":{"@type":"PropertyValueSpecification","valueRequired":true,"valueName":"search_term_string"}}],"inLanguage":"pt-BR"},{"@type":"Organization","@id":"https:\/\/omens.com.br\/blog\/#organization","name":"Omens","url":"https:\/\/omens.com.br\/blog\/","logo":{"@type":"ImageObject","inLanguage":"pt-BR","@id":"https:\/\/omens.com.br\/blog\/#\/schema\/logo\/image\/","url":"https:\/\/blog1.omens.com.br\/wp-content\/uploads\/2024\/06\/logo-omens-blog-wide.png","contentUrl":"https:\/\/blog1.omens.com.br\/wp-content\/uploads\/2024\/06\/logo-omens-blog-wide.png","width":200,"height":73,"caption":"Omens"},"image":{"@id":"https:\/\/omens.com.br\/blog\/#\/schema\/logo\/image\/"},"sameAs":["https:\/\/www.facebook.com\/Omensbrasil\/","https:\/\/x.com\/omensbr"]},{"@type":"Person","@id":"https:\/\/omens.com.br\/blog\/#\/schema\/person\/ed81fb12a1f57eec773711e3ad628acb","name":"Dra. Aline Erthal","sameAs":["https:\/\/omens.com.br\/author\/dra-aline-erthal\/","https:\/\/instagram.com\/erthalaline\/"]}]}},"_links":{"self":[{"href":"https:\/\/omens.com.br\/blog\/wp-json\/wp\/v2\/posts\/23340","targetHints":{"allow":["GET"]}}],"collection":[{"href":"https:\/\/omens.com.br\/blog\/wp-json\/wp\/v2\/posts"}],"about":[{"href":"https:\/\/omens.com.br\/blog\/wp-json\/wp\/v2\/types\/post"}],"author":[{"embeddable":true,"href":"https:\/\/omens.com.br\/blog\/wp-json\/wp\/v2\/users\/16"}],"replies":[{"embeddable":true,"href":"https:\/\/omens.com.br\/blog\/wp-json\/wp\/v2\/comments?post=23340"}],"version-history":[{"count":4,"href":"https:\/\/omens.com.br\/blog\/wp-json\/wp\/v2\/posts\/23340\/revisions"}],"predecessor-version":[{"id":28722,"href":"https:\/\/omens.com.br\/blog\/wp-json\/wp\/v2\/posts\/23340\/revisions\/28722"}],"wp:featuredmedia":[{"embeddable":true,"href":"https:\/\/omens.com.br\/blog\/wp-json\/wp\/v2\/media\/23343"}],"wp:attachment":[{"href":"https:\/\/omens.com.br\/blog\/wp-json\/wp\/v2\/media?parent=23340"}],"wp:term":[{"taxonomy":"category","embeddable":true,"href":"https:\/\/omens.com.br\/blog\/wp-json\/wp\/v2\/categories?post=23340"},{"taxonomy":"post_tag","embeddable":true,"href":"https:\/\/omens.com.br\/blog\/wp-json\/wp\/v2\/tags?post=23340"}],"curies":[{"name":"wp","href":"https:\/\/api.w.org\/{rel}","templated":true}]}}