{"id":23322,"date":"2023-04-10T13:16:00","date_gmt":"2023-04-10T16:16:00","guid":{"rendered":"https:\/\/blog1.omens.com.br\/?p=23322"},"modified":"2025-11-25T05:25:38","modified_gmt":"2025-11-25T08:25:38","slug":"minoxidil-resultados","status":"publish","type":"post","link":"https:\/\/omens.com.br\/blog\/perda-de-cabelo\/minoxidil-resultados\/","title":{"rendered":"Minoxidil: pesquisas e resultados"},"content":{"rendered":"\n<div style=\"height:20px\" aria-hidden=\"true\" class=\"wp-block-spacer\"><\/div>\n\n\n\n<p>O minoxidil \u00e9 um dos tratamentos mais populares para calv\u00edcie feminina e masculina. Esse medicamento dilata os vasos sangu\u00edneos, levando mais nutrientes at\u00e9 os fol\u00edculos capilares. Al\u00e9m disso, o minoxidil adianta as fases de crescimento do cabelo, levando ao nascimento de fios novos com mais rapidez.<\/p>\n\n\n\n<p>Para comprovar que o minoxidil oral e t\u00f3pico funciona mesmo, a Omens trouxe para voc\u00ea nesse artigo uma s\u00e9rie de pesquisas e estudos sobre o assunto. Vem com a gente aprender mais sobre!<\/p>\n\n\n\n<div style=\"height:20px\" aria-hidden=\"true\" class=\"wp-block-spacer\"><\/div>\n\n\n\n<div id=\"ez-toc-container\" class=\"ez-toc-v2_0_74 counter-hierarchy ez-toc-counter ez-toc-custom ez-toc-container-direction\">\n<p class=\"ez-toc-title\" style=\"cursor:inherit\">\u00cdndice<\/p>\n<label for=\"ez-toc-cssicon-toggle-item-69eff0cc04e97\" class=\"ez-toc-cssicon-toggle-label\"><span class=\"\"><span class=\"eztoc-hide\" style=\"display:none;\">Toggle<\/span><span class=\"ez-toc-icon-toggle-span\"><svg style=\"fill: #171712;color:#171712\" xmlns=\"http:\/\/www.w3.org\/2000\/svg\" class=\"list-377408\" width=\"20px\" height=\"20px\" viewBox=\"0 0 24 24\" fill=\"none\"><path d=\"M6 6H4v2h2V6zm14 0H8v2h12V6zM4 11h2v2H4v-2zm16 0H8v2h12v-2zM4 16h2v2H4v-2zm16 0H8v2h12v-2z\" fill=\"currentColor\"><\/path><\/svg><svg style=\"fill: #171712;color:#171712\" class=\"arrow-unsorted-368013\" xmlns=\"http:\/\/www.w3.org\/2000\/svg\" width=\"10px\" height=\"10px\" viewBox=\"0 0 24 24\" version=\"1.2\" baseProfile=\"tiny\"><path d=\"M18.2 9.3l-6.2-6.3-6.2 6.3c-.2.2-.3.4-.3.7s.1.5.3.7c.2.2.4.3.7.3h11c.3 0 .5-.1.7-.3.2-.2.3-.5.3-.7s-.1-.5-.3-.7zM5.8 14.7l6.2 6.3 6.2-6.3c.2-.2.3-.5.3-.7s-.1-.5-.3-.7c-.2-.2-.4-.3-.7-.3h-11c-.3 0-.5.1-.7.3-.2.2-.3.5-.3.7s.1.5.3.7z\"\/><\/svg><\/span><\/span><\/label><input type=\"checkbox\"  id=\"ez-toc-cssicon-toggle-item-69eff0cc04e97\"  aria-label=\"Alternar\" \/><nav><ul class='ez-toc-list ez-toc-list-level-1 ' ><li class='ez-toc-page-1 ez-toc-heading-level-2'><a class=\"ez-toc-link ez-toc-heading-1\" href=\"https:\/\/omens.com.br\/blog\/perda-de-cabelo\/minoxidil-resultados\/#Estudos_sobre_o_minoxidil_topico\" >Estudos sobre o minoxidil t\u00f3pico<\/a><ul class='ez-toc-list-level-3' ><li class='ez-toc-heading-level-3'><a class=\"ez-toc-link ez-toc-heading-2\" href=\"https:\/\/omens.com.br\/blog\/perda-de-cabelo\/minoxidil-resultados\/#Resultados_do_minoxidil_topico_dosagens_e_forma_de_aplicacao\" >Resultados do minoxidil t\u00f3pico: dosagens e forma de aplica\u00e7\u00e3o<\/a><\/li><li class='ez-toc-page-1 ez-toc-heading-level-3'><a class=\"ez-toc-link ez-toc-heading-3\" href=\"https:\/\/omens.com.br\/blog\/perda-de-cabelo\/minoxidil-resultados\/#Minoxidil_locao_shampoo_ou_spray\" >Minoxidil lo\u00e7\u00e3o, shampoo ou spray<\/a><\/li><li class='ez-toc-page-1 ez-toc-heading-level-3'><a class=\"ez-toc-link ez-toc-heading-4\" href=\"https:\/\/omens.com.br\/blog\/perda-de-cabelo\/minoxidil-resultados\/#Minoxidil_topico_em_mulheres\" >Minoxidil t\u00f3pico em mulheres<\/a><\/li><\/ul><\/li><li class='ez-toc-page-1 ez-toc-heading-level-2'><a class=\"ez-toc-link ez-toc-heading-5\" href=\"https:\/\/omens.com.br\/blog\/perda-de-cabelo\/minoxidil-resultados\/#Estudos_sobre_minoxidil_oral\" >Estudos sobre minoxidil oral<\/a><ul class='ez-toc-list-level-3' ><li class='ez-toc-heading-level-3'><a class=\"ez-toc-link ez-toc-heading-6\" href=\"https:\/\/omens.com.br\/blog\/perda-de-cabelo\/minoxidil-resultados\/#Resultados_do_minoxidil_oral\" >Resultados do minoxidil oral<\/a><\/li><\/ul><\/li><li class='ez-toc-page-1 ez-toc-heading-level-2'><a class=\"ez-toc-link ez-toc-heading-7\" href=\"https:\/\/omens.com.br\/blog\/perda-de-cabelo\/minoxidil-resultados\/#Estudos_comparativos_minoxidil_oral_e_topico\" >Estudos comparativos: minoxidil oral e t\u00f3pico<\/a><\/li><\/ul><\/nav><\/div>\n<h2 class=\"wp-block-heading\"><span class=\"ez-toc-section\" id=\"Estudos_sobre_o_minoxidil_topico\"><\/span>Estudos sobre o minoxidil t\u00f3pico<span class=\"ez-toc-section-end\"><\/span><\/h2>\n\n\n\n<hr>\n\n\n\n<p>O minoxidil t\u00f3pico \u00e9 um medicamento utilizado desde 1986 para o tratamento da calv\u00edcie feminina e masculina. Al\u00e9m disso, \u00e9 poss\u00edvel utiliz\u00e1-lo para tratar falhas na barba. Existem muitos formatos de minoxidil t\u00f3pico: spray, espuma, shampoo, lo\u00e7\u00e3o\u2026&nbsp;<\/p>\n\n\n\n<p>Apesar do minoxidil t\u00f3pico n\u00e3o exigir necessariamente a receita m\u00e9dica, \u00e9 indicado que o tratamento seja realizado com acompanhamento de um dermatologista.&nbsp;<\/p>\n\n\n\n<h3 class=\"wp-block-heading\"><span class=\"ez-toc-section\" id=\"Resultados_do_minoxidil_topico_dosagens_e_forma_de_aplicacao\"><\/span>Resultados do minoxidil t\u00f3pico: dosagens e forma de aplica\u00e7\u00e3o<span class=\"ez-toc-section-end\"><\/span><\/h3>\n\n\n\n<p>Os resultados de aumento da contagem de fios durante o tratamento com minoxidil T\u00f3pico s\u00e3o bons na maioria das pesquisas.&nbsp;<\/p>\n\n\n\n<p>No estudo de casos publicado no Journal of Cutaneous and Aesthetic Surgery, foram observadas duas formas de aplica\u00e7\u00e3o do minoxidil t\u00f3pico: o microneedling e a aplica\u00e7\u00e3o t\u00f3pica normal.&nbsp;<\/p>\n\n\n\n<p>Durante o estudo, 68 homens foram selecionados para o tratamento com minoxidil t\u00f3pico 5% e com minoxidil 5% atrav\u00e9s da t\u00e9cnica de microneedling. Em ambas as t\u00e9cnicas o aumento da contagem de fios foi notado, com uma maior quantidade de fios na t\u00e9cnica de microneedling.<\/p>\n\n\n\n<p>Comparando diferentes porcentagem de minoxidil, um estudo publicado no Journal of the American Academy of Dermatology compara minoxidil a 2% com o minoxidil a 5%. Os resultados dos dois tratamentos para alopecia androgen\u00e9tica em homens demonstrou que o minoxidil a 5% teve resultados melhores (45% a mais de crescimento de fios) e de forma mais r\u00e1pida que placebos e que o minoxidil a 2%.&nbsp;<\/p>\n\n\n\n<h3 class=\"wp-block-heading\"><span class=\"ez-toc-section\" id=\"Minoxidil_locao_shampoo_ou_spray\"><\/span>Minoxidil lo\u00e7\u00e3o, shampoo ou spray<span class=\"ez-toc-section-end\"><\/span><\/h3>\n\n\n\n<p>Uma d\u00favida muito comum \u00e9 sobre a efic\u00e1cia de outros formatos do minoxidil. Principalmente aquele em shampoo ou spray (espuma). Alguns estudos comparativos nos mostram as diferen\u00e7as no tempo de resultado e na efic\u00e1cia de cada formato.<\/p>\n\n\n\n<p>Uma revis\u00e3o de pesquisas e estudos sobre a efic\u00e1cia do Minoxidil T\u00f3pico em diversos formatos foi publicada em 2019 na Drug Design, Development and Therapy, uma revista sobre pesquisa m\u00e9dica. Nessa revis\u00e3o, foram compilados os resultados com Minoxidil em Solu\u00e7\u00e3o e o Minoxidil em Espuma.<\/p>\n\n\n\n<p>Para o tratamento da alopecia androgen\u00e9tica em homens, os melhores resultados de crescimento foram alcan\u00e7ados com Minoxidil em Solu\u00e7\u00e3o t\u00f3pica a 5%. Sendo seguida pelo Minoxidil em Espuma a 5%. Ambos com resultados muito pr\u00f3ximos de crescimento de fio de cabelo por cm\u00b2. O formato em shampoo, por permanecer menos tempo em contato com a pele, \u00e9 menos eficaz.<\/p>\n\n\n\n<h3 class=\"wp-block-heading\"><span class=\"ez-toc-section\" id=\"Minoxidil_topico_em_mulheres\"><\/span>Minoxidil t\u00f3pico em mulheres<span class=\"ez-toc-section-end\"><\/span><\/h3>\n\n\n\n<p>O minoxidil pode ser utilizado para o tratamento em mulheres. Os estudos mostram que as solu\u00e7\u00f5es t\u00f3picas t\u00eam bons resultados em casos de calv\u00edcie feminina. Vale ressaltar que este medicamento n\u00e3o pode ser utilizado durante a gesta\u00e7\u00e3o.&nbsp;<\/p>\n\n\n\n<p>Na revis\u00e3o de estudos publicada pela na Drug Design, Development and Therapy, os melhores resultados para esse tipo de caso foram com a solu\u00e7\u00e3o t\u00f3pica de Minoxidil a 2%, sendo seguido da solu\u00e7\u00e3o t\u00f3pica a 5%.<\/p>\n\n\n\n<p>Uma outra pesquisa corrobora com essa revis\u00e3o de estudos. Publicada na Skin Therapy Letter, um estudo cl\u00ednico de 2014 indica que os resultados com a solu\u00e7\u00e3o t\u00f3pica de Minoxidil a 2% s\u00e3o bastante similares e positivos ao uso do Minoxidil a 5% em formato de espuma.<\/p>\n\n\n\n<figure class=\"wp-block-image size-full has-custom-border not-show-desktop\"><a href=\"https:\/\/medleve.com\/?utm_term=omens&amp;utm_content=omens\"><img data-dominant-color=\"3c403f\" data-has-transparency=\"false\" fetchpriority=\"high\" decoding=\"async\" width=\"700\" height=\"400\" src=\"https:\/\/blog1.omens.com.br\/wp-content\/uploads\/2025\/10\/precisando-de-receita-medica-para-emagrecer-consiga-aqui.jpg\" alt=\"\" class=\"wp-image-28421 not-transparent\" style=\"--dominant-color: #3c403f; border-radius:15px\"\/><\/a><\/figure>\n\n\n\n<figure class=\"wp-block-image size-full has-custom-border not-show-mobile\"><a href=\"https:\/\/medleve.com\/?utm_term=omens&amp;utm_content=omens\"><img data-dominant-color=\"3f3f30\" data-has-transparency=\"false\" decoding=\"async\" width=\"700\" height=\"190\" src=\"https:\/\/blog1.omens.com.br\/wp-content\/uploads\/2025\/10\/precisando-de-receita-medica-para-emagrecer-com-canetas-e-aqui.jpg\" alt=\"\" class=\"wp-image-28422 not-transparent\" style=\"--dominant-color: #3f3f30; border-radius:15px\"\/><\/a><\/figure>\n\n\n\n<h2 class=\"wp-block-heading\"><span class=\"ez-toc-section\" id=\"Estudos_sobre_minoxidil_oral\"><\/span>Estudos sobre minoxidil oral<span class=\"ez-toc-section-end\"><\/span><\/h2>\n\n\n\n<hr>\n\n\n\n<p>Se o minoxidil t\u00f3pico existe como tratamento para calv\u00edcie h\u00e1 um bom tempo, o minoxidil oral s\u00f3 foi inserido como forma de tratamento recentemente. Novos estudos e revis\u00f5es comprovaram a seguran\u00e7a e os bons resultados nesse tipo de tratamento.&nbsp;<\/p>\n\n\n\n<p>A novidade no tratamento para calv\u00edcie representa uma possibilidade de utilizar o minoxidil com mais praticidade e facilidade. Vamos ver agora o que nos dizem os estudos sobre o Minoxidil Oral.<\/p>\n\n\n\n<h3 class=\"wp-block-heading\"><span class=\"ez-toc-section\" id=\"Resultados_do_minoxidil_oral\"><\/span>Resultados do minoxidil oral<span class=\"ez-toc-section-end\"><\/span><\/h3>\n\n\n\n<p>Quando falamos nos resultados do tratamento de alopecia androgen\u00e9tica masculina, os resultados do Minoxidil Oral v\u00e3o de bons at\u00e9 excelentes. Em um estudo publicado na revista Dermatology and Therapy e realizado em 2020, 30 homens foram selecionados para testar a utiliza\u00e7\u00e3o do minoxidil oral 5mg no tratamento da calv\u00edcie. Nessa pesquisa, 100% dos pacientes obtiveram alguma melhora na perda de cabelo e 45% obtiveram um resultado excelente.<\/p>\n\n\n\n<p>J\u00e1 nos casos de calv\u00edcie feminina, um estudo publicado na revista Sking Appendage Disord observou o uso de baixas doses de minoxidil oral no tratamento de calv\u00edcie em 148 mulheres. O tratamento com minoxidil oral em baixas doses apresentou a melhora da calv\u00edcie em 79% das pacientes.<\/p>\n\n\n\n<h2 class=\"wp-block-heading\"><span class=\"ez-toc-section\" id=\"Estudos_comparativos_minoxidil_oral_e_topico\"><\/span>Estudos comparativos: minoxidil oral e t\u00f3pico<span class=\"ez-toc-section-end\"><\/span><\/h2>\n\n\n\n<hr>\n\n\n\n<p>Por fim, estudos comparativos demonstraram que o Minoxidil Oral e T\u00f3pico tem uma efic\u00e1cia pr\u00f3xima. Em um estudo publicado pela Journal of the American Academy of Dermatology mostrou que ao testar o minoxidil 1mg em compara\u00e7\u00e3o com o Minoxidil T\u00f3pico 5% no tratamento para calv\u00edcie feminina, os resultados do tratamento foram positivos.<\/p>\n\n\n\n<figure class=\"wp-block-image size-full has-custom-border not-show-desktop\"><a href=\"https:\/\/medleve.com\/?utm_term=omens&amp;utm_content=omens\"><img data-dominant-color=\"69564a\" data-has-transparency=\"false\" decoding=\"async\" width=\"700\" height=\"500\" src=\"https:\/\/blog1.omens.com.br\/wp-content\/uploads\/2025\/10\/a-receita-medica-para-caneta-emagrecedore-69-reais.jpg\" alt=\"\" class=\"wp-image-28424 not-transparent\" style=\"--dominant-color: #69564a; border-radius:15px\" srcset=\"https:\/\/blog1.omens.com.br\/wp-content\/uploads\/2025\/10\/a-receita-medica-para-caneta-emagrecedore-69-reais.jpg 700w, https:\/\/blog1.omens.com.br\/wp-content\/uploads\/2025\/10\/a-receita-medica-para-caneta-emagrecedore-69-reais-560x400.jpg 560w\" sizes=\"(max-width: 700px) 100vw, 700px\" \/><\/a><\/figure>\n\n\n\n<figure class=\"wp-block-image size-full has-custom-border not-show-mobile\"><a href=\"https:\/\/medleve.com\/?utm_term=omens&amp;utm_content=omens\"><img data-dominant-color=\"e2ce5e\" data-has-transparency=\"false\" loading=\"lazy\" decoding=\"async\" width=\"700\" height=\"190\" src=\"https:\/\/blog1.omens.com.br\/wp-content\/uploads\/2025\/10\/receita-medica-para-caneta-emagrecedora-so-69-reais.jpg\" alt=\"\" class=\"wp-image-28426 not-transparent\" style=\"--dominant-color: #e2ce5e; border-radius:15px\"\/><\/a><\/figure>\n","protected":false},"excerpt":{"rendered":"<p>O minoxidil \u00e9 um dos tratamentos mais populares para calv\u00edcie feminina e masculina. Esse medicamento dilata os vasos sangu\u00edneos, levando mais nutrientes at\u00e9 os fol\u00edculos capilares. Al\u00e9m disso, o minoxidil adianta as fases de crescimento do cabelo, levando ao nascimento de fios novos com mais rapidez. Para comprovar que o minoxidil oral e t\u00f3pico funciona [&hellip;]<\/p>\n","protected":false},"author":16,"featured_media":23324,"comment_status":"open","ping_status":"open","sticky":false,"template":"","format":"standard","meta":{"footnotes":""},"categories":[109],"tags":[130],"class_list":["post-23322","post","type-post","status-publish","format-standard","has-post-thumbnail","hentry","category-perda-de-cabelo","tag-escrito-por-seth"],"yoast_head":"<!-- This site is optimized with the Yoast SEO plugin v27.4 - https:\/\/yoast.com\/product\/yoast-seo-wordpress\/ -->\n<title>Minoxidil: pesquisas e resultados - Blog Omens<\/title>\n<meta name=\"robots\" content=\"index, follow, max-snippet:-1, max-image-preview:large, max-video-preview:-1\" \/>\n<link rel=\"canonical\" href=\"https:\/\/omens.com.br\/blog\/perda-de-cabelo\/minoxidil-resultados\/\" \/>\n<meta property=\"og:locale\" content=\"pt_BR\" \/>\n<meta property=\"og:type\" content=\"article\" \/>\n<meta property=\"og:title\" content=\"Minoxidil: pesquisas e resultados - Blog Omens\" \/>\n<meta property=\"og:description\" content=\"O minoxidil \u00e9 um dos tratamentos mais populares para calv\u00edcie feminina e masculina. Esse medicamento dilata os vasos sangu\u00edneos, levando mais nutrientes at\u00e9 os fol\u00edculos capilares. Al\u00e9m disso, o minoxidil adianta as fases de crescimento do cabelo, levando ao nascimento de fios novos com mais rapidez. Para comprovar que o minoxidil oral e t\u00f3pico funciona [&hellip;]\" \/>\n<meta property=\"og:url\" content=\"https:\/\/omens.com.br\/blog\/perda-de-cabelo\/minoxidil-resultados\/\" \/>\n<meta property=\"og:site_name\" content=\"Blog Omens\" \/>\n<meta property=\"article:publisher\" content=\"https:\/\/www.facebook.com\/Omensbrasil\/\" \/>\n<meta property=\"article:published_time\" content=\"2023-04-10T16:16:00+00:00\" \/>\n<meta property=\"article:modified_time\" content=\"2025-11-25T08:25:38+00:00\" \/>\n<meta property=\"og:image\" content=\"https:\/\/blog1.omens.com.br\/wp-content\/uploads\/2023\/04\/pesquisas-estudos-sobre-minoxidil-primeiros-resultados.webp\" \/>\n\t<meta property=\"og:image:width\" content=\"1\" \/>\n\t<meta property=\"og:image:height\" content=\"1\" \/>\n\t<meta property=\"og:image:type\" content=\"image\/webp\" \/>\n<meta name=\"author\" content=\"Dra. Aline Erthal\" \/>\n<meta name=\"twitter:card\" content=\"summary_large_image\" \/>\n<meta name=\"twitter:creator\" content=\"@omensbr\" \/>\n<meta name=\"twitter:site\" content=\"@omensbr\" \/>\n<meta name=\"twitter:label1\" content=\"Escrito por\" \/>\n\t<meta name=\"twitter:data1\" content=\"Dra. Aline Erthal\" \/>\n\t<meta name=\"twitter:label2\" content=\"Est. tempo de leitura\" \/>\n\t<meta name=\"twitter:data2\" content=\"5 minutos\" \/>\n<!-- \/ Yoast SEO plugin. -->","yoast_head_json":{"title":"Minoxidil: pesquisas e resultados - Blog Omens","robots":{"index":"index","follow":"follow","max-snippet":"max-snippet:-1","max-image-preview":"max-image-preview:large","max-video-preview":"max-video-preview:-1"},"canonical":"https:\/\/omens.com.br\/blog\/perda-de-cabelo\/minoxidil-resultados\/","og_locale":"pt_BR","og_type":"article","og_title":"Minoxidil: pesquisas e resultados - Blog Omens","og_description":"O minoxidil \u00e9 um dos tratamentos mais populares para calv\u00edcie feminina e masculina. Esse medicamento dilata os vasos sangu\u00edneos, levando mais nutrientes at\u00e9 os fol\u00edculos capilares. Al\u00e9m disso, o minoxidil adianta as fases de crescimento do cabelo, levando ao nascimento de fios novos com mais rapidez. Para comprovar que o minoxidil oral e t\u00f3pico funciona [&hellip;]","og_url":"https:\/\/omens.com.br\/blog\/perda-de-cabelo\/minoxidil-resultados\/","og_site_name":"Blog Omens","article_publisher":"https:\/\/www.facebook.com\/Omensbrasil\/","article_published_time":"2023-04-10T16:16:00+00:00","article_modified_time":"2025-11-25T08:25:38+00:00","og_image":[{"url":"https:\/\/blog1.omens.com.br\/wp-content\/uploads\/2023\/04\/pesquisas-estudos-sobre-minoxidil-primeiros-resultados.webp","width":1,"height":1,"type":"image\/webp"}],"author":"Dra. Aline Erthal","twitter_card":"summary_large_image","twitter_creator":"@omensbr","twitter_site":"@omensbr","twitter_misc":{"Escrito por":"Dra. Aline Erthal","Est. tempo de leitura":"5 minutos"},"schema":{"@context":"https:\/\/schema.org","@graph":[{"@type":"Article","@id":"https:\/\/omens.com.br\/blog\/perda-de-cabelo\/minoxidil-resultados\/#article","isPartOf":{"@id":"https:\/\/omens.com.br\/blog\/perda-de-cabelo\/minoxidil-resultados\/"},"author":{"name":"Dra. Aline Erthal","@id":"https:\/\/omens.com.br\/blog\/#\/schema\/person\/ed81fb12a1f57eec773711e3ad628acb"},"headline":"Minoxidil: pesquisas e resultados","datePublished":"2023-04-10T16:16:00+00:00","dateModified":"2025-11-25T08:25:38+00:00","mainEntityOfPage":{"@id":"https:\/\/omens.com.br\/blog\/perda-de-cabelo\/minoxidil-resultados\/"},"wordCount":893,"commentCount":0,"publisher":{"@id":"https:\/\/omens.com.br\/blog\/#organization"},"image":{"@id":"https:\/\/omens.com.br\/blog\/perda-de-cabelo\/minoxidil-resultados\/#primaryimage"},"thumbnailUrl":"https:\/\/blog1.omens.com.br\/wp-content\/uploads\/2023\/04\/pesquisas-estudos-sobre-minoxidil-primeiros-resultados.webp","keywords":["escrito por Seth"],"articleSection":["Perda de cabelo"],"inLanguage":"pt-BR","potentialAction":[{"@type":"CommentAction","name":"Comment","target":["https:\/\/omens.com.br\/blog\/perda-de-cabelo\/minoxidil-resultados\/#respond"]}]},{"@type":"WebPage","@id":"https:\/\/omens.com.br\/blog\/perda-de-cabelo\/minoxidil-resultados\/","url":"https:\/\/omens.com.br\/blog\/perda-de-cabelo\/minoxidil-resultados\/","name":"Minoxidil: pesquisas e resultados - Blog Omens","isPartOf":{"@id":"https:\/\/omens.com.br\/blog\/#website"},"primaryImageOfPage":{"@id":"https:\/\/omens.com.br\/blog\/perda-de-cabelo\/minoxidil-resultados\/#primaryimage"},"image":{"@id":"https:\/\/omens.com.br\/blog\/perda-de-cabelo\/minoxidil-resultados\/#primaryimage"},"thumbnailUrl":"https:\/\/blog1.omens.com.br\/wp-content\/uploads\/2023\/04\/pesquisas-estudos-sobre-minoxidil-primeiros-resultados.webp","datePublished":"2023-04-10T16:16:00+00:00","dateModified":"2025-11-25T08:25:38+00:00","breadcrumb":{"@id":"https:\/\/omens.com.br\/blog\/perda-de-cabelo\/minoxidil-resultados\/#breadcrumb"},"inLanguage":"pt-BR","potentialAction":[{"@type":"ReadAction","target":["https:\/\/omens.com.br\/blog\/perda-de-cabelo\/minoxidil-resultados\/"]}]},{"@type":"ImageObject","inLanguage":"pt-BR","@id":"https:\/\/omens.com.br\/blog\/perda-de-cabelo\/minoxidil-resultados\/#primaryimage","url":"https:\/\/blog1.omens.com.br\/wp-content\/uploads\/2023\/04\/pesquisas-estudos-sobre-minoxidil-primeiros-resultados.webp","contentUrl":"https:\/\/blog1.omens.com.br\/wp-content\/uploads\/2023\/04\/pesquisas-estudos-sobre-minoxidil-primeiros-resultados.webp","caption":"homem careca que pesquisa sobre os verdadeiros resultados do minoxidil"},{"@type":"BreadcrumbList","@id":"https:\/\/omens.com.br\/blog\/perda-de-cabelo\/minoxidil-resultados\/#breadcrumb","itemListElement":[{"@type":"ListItem","position":1,"name":"BLOG OMENS","item":"https:\/\/omens.com.br\/blog\/"},{"@type":"ListItem","position":2,"name":"Perda de cabelo","item":"https:\/\/omens.com.br\/blog\/https:\/omens.com.br\/blog\/perda-de-cabelo\/perda-de-cabelo\/"},{"@type":"ListItem","position":3,"name":"Minoxidil: pesquisas e resultados"}]},{"@type":"WebSite","@id":"https:\/\/omens.com.br\/blog\/#website","url":"https:\/\/omens.com.br\/blog\/","name":"Blog Omens","description":"A Omens \u00e9 uma plataforma de intermedia\u00e7\u00e3o de sa\u00fade dedicada ao homem. Ela re\u00fane especialistas brasileiros, urologistas e farmac\u00eauticos para construir uma solu\u00e7\u00e3o de qualidade, segura e acess\u00edvel para todos.","publisher":{"@id":"https:\/\/omens.com.br\/blog\/#organization"},"potentialAction":[{"@type":"SearchAction","target":{"@type":"EntryPoint","urlTemplate":"https:\/\/omens.com.br\/blog\/?s={search_term_string}"},"query-input":{"@type":"PropertyValueSpecification","valueRequired":true,"valueName":"search_term_string"}}],"inLanguage":"pt-BR"},{"@type":"Organization","@id":"https:\/\/omens.com.br\/blog\/#organization","name":"Omens","url":"https:\/\/omens.com.br\/blog\/","logo":{"@type":"ImageObject","inLanguage":"pt-BR","@id":"https:\/\/omens.com.br\/blog\/#\/schema\/logo\/image\/","url":"https:\/\/blog1.omens.com.br\/wp-content\/uploads\/2024\/06\/logo-omens-blog-wide.png","contentUrl":"https:\/\/blog1.omens.com.br\/wp-content\/uploads\/2024\/06\/logo-omens-blog-wide.png","width":200,"height":73,"caption":"Omens"},"image":{"@id":"https:\/\/omens.com.br\/blog\/#\/schema\/logo\/image\/"},"sameAs":["https:\/\/www.facebook.com\/Omensbrasil\/","https:\/\/x.com\/omensbr"]},{"@type":"Person","@id":"https:\/\/omens.com.br\/blog\/#\/schema\/person\/ed81fb12a1f57eec773711e3ad628acb","name":"Dra. Aline Erthal","sameAs":["https:\/\/omens.com.br\/author\/dra-aline-erthal\/","https:\/\/instagram.com\/erthalaline\/"]}]}},"_links":{"self":[{"href":"https:\/\/omens.com.br\/blog\/wp-json\/wp\/v2\/posts\/23322","targetHints":{"allow":["GET"]}}],"collection":[{"href":"https:\/\/omens.com.br\/blog\/wp-json\/wp\/v2\/posts"}],"about":[{"href":"https:\/\/omens.com.br\/blog\/wp-json\/wp\/v2\/types\/post"}],"author":[{"embeddable":true,"href":"https:\/\/omens.com.br\/blog\/wp-json\/wp\/v2\/users\/16"}],"replies":[{"embeddable":true,"href":"https:\/\/omens.com.br\/blog\/wp-json\/wp\/v2\/comments?post=23322"}],"version-history":[{"count":2,"href":"https:\/\/omens.com.br\/blog\/wp-json\/wp\/v2\/posts\/23322\/revisions"}],"predecessor-version":[{"id":28716,"href":"https:\/\/omens.com.br\/blog\/wp-json\/wp\/v2\/posts\/23322\/revisions\/28716"}],"wp:featuredmedia":[{"embeddable":true,"href":"https:\/\/omens.com.br\/blog\/wp-json\/wp\/v2\/media\/23324"}],"wp:attachment":[{"href":"https:\/\/omens.com.br\/blog\/wp-json\/wp\/v2\/media?parent=23322"}],"wp:term":[{"taxonomy":"category","embeddable":true,"href":"https:\/\/omens.com.br\/blog\/wp-json\/wp\/v2\/categories?post=23322"},{"taxonomy":"post_tag","embeddable":true,"href":"https:\/\/omens.com.br\/blog\/wp-json\/wp\/v2\/tags?post=23322"}],"curies":[{"name":"wp","href":"https:\/\/api.w.org\/{rel}","templated":true}]}}