{"id":23307,"date":"2023-04-05T13:39:00","date_gmt":"2023-04-05T16:39:00","guid":{"rendered":"https:\/\/blog1.omens.com.br\/?p=23307"},"modified":"2025-11-25T05:32:23","modified_gmt":"2025-11-25T08:32:23","slug":"preco-da-tetraciclina","status":"publish","type":"post","link":"https:\/\/omens.com.br\/blog\/pele\/preco-da-tetraciclina\/","title":{"rendered":"Pre\u00e7o da tetraciclina"},"content":{"rendered":"\n<div style=\"height:20px\" aria-hidden=\"true\" class=\"wp-block-spacer\"><\/div>\n\n\n\n<p>As tetraciclinas s\u00e3o antibi\u00f3ticos que al\u00e9m de tratar diversas infec\u00e7\u00f5es, podem ser utilizados para tratar tamb\u00e9m a acne inflamat\u00f3ria. \u00c9 importante ressaltar que nem toda a acne se beneficia desse tipo de tratamento. Por isso, antes de utilizar as tetraciclinas, \u00e9 necess\u00e1rio entender a causa das espinhas inflamadas.<\/p>\n\n\n\n<p>Nessa publica\u00e7\u00e3o, vamos conhecer mais as tetraciclinas dispon\u00edveis no mercado, quais os pre\u00e7os atuais do medicamento e muito mais. Acompanhe o novo artigo da Omens e esclare\u00e7a as suas d\u00favidas!<\/p>\n\n\n\n<div style=\"height:20px\" aria-hidden=\"true\" class=\"wp-block-spacer\"><\/div>\n\n\n\n<div id=\"ez-toc-container\" class=\"ez-toc-v2_0_74 counter-hierarchy ez-toc-counter ez-toc-custom ez-toc-container-direction\">\n<p class=\"ez-toc-title\" style=\"cursor:inherit\">\u00cdndice<\/p>\n<label for=\"ez-toc-cssicon-toggle-item-69f0dbcc79b84\" class=\"ez-toc-cssicon-toggle-label\"><span class=\"\"><span class=\"eztoc-hide\" style=\"display:none;\">Toggle<\/span><span class=\"ez-toc-icon-toggle-span\"><svg style=\"fill: #171712;color:#171712\" xmlns=\"http:\/\/www.w3.org\/2000\/svg\" class=\"list-377408\" width=\"20px\" height=\"20px\" viewBox=\"0 0 24 24\" fill=\"none\"><path d=\"M6 6H4v2h2V6zm14 0H8v2h12V6zM4 11h2v2H4v-2zm16 0H8v2h12v-2zM4 16h2v2H4v-2zm16 0H8v2h12v-2z\" fill=\"currentColor\"><\/path><\/svg><svg style=\"fill: #171712;color:#171712\" class=\"arrow-unsorted-368013\" xmlns=\"http:\/\/www.w3.org\/2000\/svg\" width=\"10px\" height=\"10px\" viewBox=\"0 0 24 24\" version=\"1.2\" baseProfile=\"tiny\"><path d=\"M18.2 9.3l-6.2-6.3-6.2 6.3c-.2.2-.3.4-.3.7s.1.5.3.7c.2.2.4.3.7.3h11c.3 0 .5-.1.7-.3.2-.2.3-.5.3-.7s-.1-.5-.3-.7zM5.8 14.7l6.2 6.3 6.2-6.3c.2-.2.3-.5.3-.7s-.1-.5-.3-.7c-.2-.2-.4-.3-.7-.3h-11c-.3 0-.5.1-.7.3-.2.2-.3.5-.3.7s.1.5.3.7z\"\/><\/svg><\/span><\/span><\/label><input type=\"checkbox\"  id=\"ez-toc-cssicon-toggle-item-69f0dbcc79b84\"  aria-label=\"Alternar\" \/><nav><ul class='ez-toc-list ez-toc-list-level-1 ' ><li class='ez-toc-page-1 ez-toc-heading-level-2'><a class=\"ez-toc-link ez-toc-heading-1\" href=\"https:\/\/omens.com.br\/blog\/pele\/preco-da-tetraciclina\/#Como_as_tetraciclinas_agem_para_a_acne\" >Como as tetraciclinas agem para a acne?<\/a><\/li><li class='ez-toc-page-1 ez-toc-heading-level-2'><a class=\"ez-toc-link ez-toc-heading-2\" href=\"https:\/\/omens.com.br\/blog\/pele\/preco-da-tetraciclina\/#Quanto_custa_uma_caixa_de_tetraciclina\" >Quanto custa uma caixa de tetraciclina?<\/a><ul class='ez-toc-list-level-3' ><li class='ez-toc-heading-level-3'><a class=\"ez-toc-link ez-toc-heading-3\" href=\"https:\/\/omens.com.br\/blog\/pele\/preco-da-tetraciclina\/#Preco_das_tetraciclinas_mais_comuns_no_mercado_brasileiro\" >Pre\u00e7o das tetraciclinas mais comuns no mercado brasileiro<\/a><\/li><\/ul><\/li><li class='ez-toc-page-1 ez-toc-heading-level-2'><a class=\"ez-toc-link ez-toc-heading-4\" href=\"https:\/\/omens.com.br\/blog\/pele\/preco-da-tetraciclina\/#Posso_comprar_as_tetraciclinas_sem_receita\" >Posso comprar as tetraciclinas sem receita?<\/a><\/li><li class='ez-toc-page-1 ez-toc-heading-level-2'><a class=\"ez-toc-link ez-toc-heading-5\" href=\"https:\/\/omens.com.br\/blog\/pele\/preco-da-tetraciclina\/#Onde_compro_as_tetraciclinas\" >Onde compro as tetraciclinas?<\/a><ul class='ez-toc-list-level-3' ><li class='ez-toc-heading-level-3'><a class=\"ez-toc-link ez-toc-heading-6\" href=\"https:\/\/omens.com.br\/blog\/pele\/preco-da-tetraciclina\/#Posso_conseguir_as_tetraciclinas_no_SUS\" >Posso conseguir as tetraciclinas no SUS?<\/a><\/li><\/ul><\/li><li class='ez-toc-page-1 ez-toc-heading-level-2'><a class=\"ez-toc-link ez-toc-heading-7\" href=\"https:\/\/omens.com.br\/blog\/pele\/preco-da-tetraciclina\/#Quais_as_principais_diferencas_entre_as_tetraciclinas\" >Quais as principais diferen\u00e7as entre as tetraciclinas?<\/a><\/li><li class='ez-toc-page-1 ez-toc-heading-level-2'><a class=\"ez-toc-link ez-toc-heading-8\" href=\"https:\/\/omens.com.br\/blog\/pele\/preco-da-tetraciclina\/#Conclusao\" >Conclus\u00e3o<\/a><\/li><\/ul><\/nav><\/div>\n<h2 class=\"wp-block-heading\"><span class=\"ez-toc-section\" id=\"Como_as_tetraciclinas_agem_para_a_acne\"><\/span>Como as tetraciclinas agem para a acne?<span class=\"ez-toc-section-end\"><\/span><\/h2>\n\n\n\n<hr>\n\n\n\n<p>As tetraciclinas agem diretamente na prote\u00edna que constitui a bact\u00e9ria e, com isso, o avan\u00e7o da infec\u00e7\u00e3o na pele cessa.<\/p>\n\n\n\n<p>Sabemos que na acne existe certo grau de prolifera\u00e7\u00e3o bacteriana na pele, que n\u00e3o chega a ser uma infec\u00e7\u00e3o, mas contribui com o processo inflamat\u00f3rio local. Ent\u00e3o, reduzindo o n\u00famero de bact\u00e9rias na pele, conseguimos controlar melhor o surgimento de espinhas e outras les\u00f5es de acne.<\/p>\n\n\n\n<p>Para al\u00e9m de ter efeitos antibacterianos, as tetraciclinas tamb\u00e9m s\u00e3o medicamentos anti-inflamat\u00f3rios e reduzem o incha\u00e7o e vermelhid\u00e3o da pele..<\/p>\n\n\n\n<p>Por\u00e9m, para n\u00e3o correr riscos na utiliza\u00e7\u00e3o das tetraciclinas, \u00e9 necess\u00e1rio ter acompanhamento m\u00e9dico dermatol\u00f3gico. Do contr\u00e1rio, os resultados podem n\u00e3o ser os esperados. As bact\u00e9rias podem criar resist\u00eancia \u00e0 tetraciclina e o caso de acne pode n\u00e3o ter uma melhora. Por isso, conte sempre com acompanhamento m\u00e9dico para o uso do medicamento.<\/p>\n\n\n\n<h2 class=\"wp-block-heading\"><span class=\"ez-toc-section\" id=\"Quanto_custa_uma_caixa_de_tetraciclina\"><\/span>Quanto custa uma caixa de tetraciclina?<span class=\"ez-toc-section-end\"><\/span><\/h2>\n\n\n\n<hr>\n\n\n\n<p>As tetraciclinas s\u00e3o um grande conjunto de antibi\u00f3ticos. Os principais tipos comercializados no Brasil para tratamento da acne s\u00e3o a Doxiciclina, a Minociclina e o Cloridrato de Tetraciclina, todos em formato oral. A tetraciclina em pomada para tratar a acne \u00e9 comercializada no exterior.&nbsp;<\/p>\n\n\n\n<p>O pre\u00e7o das tetraciclinas podem variar bastante de acordo com a dosagem, tipo e quantidade de comprimidos. No momento, n\u00e3o existem caixas de tetraciclinas com 60 c\u00e1psulas, apesar dessa ser uma quantidade indicada por m\u00e9dicos. \u00c9 poss\u00edvel comprar duas caixas de 30 c\u00e1psulas.<\/p>\n\n\n\n<h3 class=\"wp-block-heading\"><span class=\"ez-toc-section\" id=\"Preco_das_tetraciclinas_mais_comuns_no_mercado_brasileiro\"><\/span>Pre\u00e7o das tetraciclinas mais comuns no mercado brasileiro<span class=\"ez-toc-section-end\"><\/span><\/h3>\n\n\n\n<p>Em abril de 2023, pre\u00e7os das tetraciclinas est\u00e3o, em m\u00e9dia:<\/p>\n\n\n\n<ul class=\"wp-block-list\">\n<li>Cloridrato de Doxiciclina 100mg com 20 c\u00e1psulas est\u00e1 entre R$ 25 e R$ 30&nbsp;<\/li>\n\n\n\n<li>Vibramicina ( Cloridrato de Doxiciclina) 100mg 20 capsulas est\u00e1 entre R$ 100 e R$ 200<\/li>\n\n\n\n<li>Cloridrato de Minociclina 100mg com 30 c\u00e1psulas est\u00e1 entre R$ 80 e R$ 100<\/li>\n\n\n\n<li>Cloridrato de tetraciclina (gen\u00e9rico) 500mg com 12 c\u00e1psulas est\u00e1 entre R$ 15 e R$ 30<\/li>\n\n\n\n<li>Cloridrato de tetraciclina (gen\u00e9rico) 500mg com 8 c\u00e1psulas est\u00e1 entre R$ 9 e R$ 15<\/li>\n<\/ul>\n\n\n\n<figure class=\"wp-block-image size-full has-custom-border not-show-desktop\"><a href=\"https:\/\/medleve.com\/?utm_term=omens&amp;utm_content=omens\"><img data-dominant-color=\"69564a\" data-has-transparency=\"false\" fetchpriority=\"high\" decoding=\"async\" width=\"700\" height=\"500\" src=\"https:\/\/blog1.omens.com.br\/wp-content\/uploads\/2025\/10\/a-receita-medica-para-caneta-emagrecedore-69-reais.jpg\" alt=\"\" class=\"wp-image-28424 not-transparent\" style=\"--dominant-color: #69564a; border-radius:15px\" srcset=\"https:\/\/blog1.omens.com.br\/wp-content\/uploads\/2025\/10\/a-receita-medica-para-caneta-emagrecedore-69-reais.jpg 700w, https:\/\/blog1.omens.com.br\/wp-content\/uploads\/2025\/10\/a-receita-medica-para-caneta-emagrecedore-69-reais-560x400.jpg 560w\" sizes=\"(max-width: 700px) 100vw, 700px\" \/><\/a><\/figure>\n\n\n\n<figure class=\"wp-block-image size-full has-custom-border not-show-mobile\"><a href=\"https:\/\/medleve.com\/?utm_term=omens&amp;utm_content=omens\"><img data-dominant-color=\"e2ce5e\" data-has-transparency=\"false\" decoding=\"async\" width=\"700\" height=\"190\" src=\"https:\/\/blog1.omens.com.br\/wp-content\/uploads\/2025\/10\/receita-medica-para-caneta-emagrecedora-so-69-reais.jpg\" alt=\"\" class=\"wp-image-28426 not-transparent\" style=\"--dominant-color: #e2ce5e; border-radius:15px\"\/><\/a><\/figure>\n\n\n\n<h2 class=\"wp-block-heading\"><span class=\"ez-toc-section\" id=\"Posso_comprar_as_tetraciclinas_sem_receita\"><\/span>Posso comprar as tetraciclinas sem receita?<span class=\"ez-toc-section-end\"><\/span><\/h2>\n\n\n\n<hr>\n\n\n\n<p>N\u00e3o, todas as tetraciclinas s\u00e3o vendidas apenas sob prescri\u00e7\u00e3o m\u00e9dica. Com uma breve consulta online, \u00e9 poss\u00edvel n\u00e3o s\u00f3 identificar se o seu tipo de acne se beneficia com o uso de tetraciclinas como tamb\u00e9m obter a receita necess\u00e1ria para a compra desse antibi\u00f3tico.&nbsp;<\/p>\n\n\n\n<h2 class=\"wp-block-heading\"><span class=\"ez-toc-section\" id=\"Onde_compro_as_tetraciclinas\"><\/span>Onde compro as tetraciclinas?<span class=\"ez-toc-section-end\"><\/span><\/h2>\n\n\n\n<hr>\n\n\n\n<p>Elas s\u00e3o vendidas online, em farm\u00e1cias f\u00edsicas ou farm\u00e1cias de manipula\u00e7\u00e3o. Verifique sempre antes de comprar se o local onde o medicamento est\u00e1 a venda \u00e9 seguro, para evitar receber medicamentos falsificados.<\/p>\n\n\n\n<h3 class=\"wp-block-heading\"><span class=\"ez-toc-section\" id=\"Posso_conseguir_as_tetraciclinas_no_SUS\"><\/span>Posso conseguir as tetraciclinas no SUS?<span class=\"ez-toc-section-end\"><\/span><\/h3>\n\n\n\n<p>O Cloridrato de tetraciclina est\u00e1 dispon\u00edvel no SUS, mas apenas para o tratamento de hidradenite supurativa. Para o tratamento de acne \u00e9 necess\u00e1rio comprar o medicamento fora da rede p\u00fablica.<\/p>\n\n\n\n<h2 class=\"wp-block-heading\"><span class=\"ez-toc-section\" id=\"Quais_as_principais_diferencas_entre_as_tetraciclinas\"><\/span>Quais as principais diferen\u00e7as entre as tetraciclinas?<span class=\"ez-toc-section-end\"><\/span><\/h2>\n\n\n\n<hr>\n\n\n\n<p>As tetraciclinas apresentam resultados semelhantes e eficazes no tratamento para acne. O que difere principalmente entre as diferentes tetraciclinas s\u00e3o quest\u00f5es de farmacologia cl\u00ednica.<\/p>\n\n\n\n<p>Algumas tetraciclinas n\u00e3o podem ser tomadas de est\u00f4mago vazio. Outras podem ser consumidas independentemente disso. Al\u00e9m desse detalhe, algumas tetraciclinas n\u00e3o devem ser consumidas com leite, j\u00e1 que isso pode afetar a sua absor\u00e7\u00e3o pelo corpo.&nbsp; A efic\u00e1cia das diversas tetraciclinas no tratamento de acne \u00e9 muito pr\u00f3xima.&nbsp;<\/p>\n\n\n\n<figure class=\"wp-block-image size-full has-custom-border not-show-desktop\"><a href=\"https:\/\/medleve.com\/?utm_term=omens&amp;utm_content=omens\"><img data-dominant-color=\"3c403f\" data-has-transparency=\"false\" decoding=\"async\" width=\"700\" height=\"400\" src=\"https:\/\/blog1.omens.com.br\/wp-content\/uploads\/2025\/10\/precisando-de-receita-medica-para-emagrecer-consiga-aqui.jpg\" alt=\"\" class=\"wp-image-28421 not-transparent\" style=\"--dominant-color: #3c403f; border-radius:15px\"\/><\/a><\/figure>\n\n\n\n<figure class=\"wp-block-image size-full has-custom-border not-show-mobile\"><a href=\"https:\/\/medleve.com\/?utm_term=omens&amp;utm_content=omens\"><img data-dominant-color=\"3f3f30\" data-has-transparency=\"false\" loading=\"lazy\" decoding=\"async\" width=\"700\" height=\"190\" src=\"https:\/\/blog1.omens.com.br\/wp-content\/uploads\/2025\/10\/precisando-de-receita-medica-para-emagrecer-com-canetas-e-aqui.jpg\" alt=\"\" class=\"wp-image-28422 not-transparent\" style=\"--dominant-color: #3f3f30; border-radius:15px\"\/><\/a><\/figure>\n\n\n\n<h2 class=\"wp-block-heading\"><span class=\"ez-toc-section\" id=\"Conclusao\"><\/span>Conclus\u00e3o<span class=\"ez-toc-section-end\"><\/span><\/h2>\n\n\n\n<hr>\n\n\n\n<p>As tetraciclinas s\u00e3o medicamentos seguros se tomados com o acompanhamento de um dermatologista. Tem uma grande efic\u00e1cia no tratamento de acne inflamat\u00f3ria, com grande quantidade de espinhas e, junto com o acompanhamento m\u00e9dico, pode trazer \u00f3timos resultados est\u00e9ticos e na sa\u00fade f\u00edsica.<\/p>\n","protected":false},"excerpt":{"rendered":"<p>Antibi\u00f3ticos utilizados para tratar tamb\u00e9m a acne inflamat\u00f3ria.<\/p>\n","protected":false},"author":16,"featured_media":23310,"comment_status":"open","ping_status":"open","sticky":false,"template":"","format":"standard","meta":{"footnotes":""},"categories":[232],"tags":[130],"class_list":["post-23307","post","type-post","status-publish","format-standard","has-post-thumbnail","hentry","category-pele","tag-escrito-por-seth"],"yoast_head":"<!-- This site is optimized with the Yoast SEO plugin v27.4 - https:\/\/yoast.com\/product\/yoast-seo-wordpress\/ -->\n<title>Pre\u00e7o da tetraciclina - Blog Omens<\/title>\n<meta name=\"robots\" content=\"index, follow, max-snippet:-1, max-image-preview:large, max-video-preview:-1\" \/>\n<link rel=\"canonical\" href=\"https:\/\/omens.com.br\/blog\/pele\/preco-da-tetraciclina\/\" \/>\n<meta property=\"og:locale\" content=\"pt_BR\" \/>\n<meta property=\"og:type\" content=\"article\" \/>\n<meta property=\"og:title\" content=\"Pre\u00e7o da tetraciclina - Blog Omens\" \/>\n<meta property=\"og:description\" content=\"Antibi\u00f3ticos utilizados para tratar tamb\u00e9m a acne inflamat\u00f3ria.\" \/>\n<meta property=\"og:url\" content=\"https:\/\/omens.com.br\/blog\/pele\/preco-da-tetraciclina\/\" \/>\n<meta property=\"og:site_name\" content=\"Blog Omens\" \/>\n<meta property=\"article:publisher\" content=\"https:\/\/www.facebook.com\/Omensbrasil\/\" \/>\n<meta property=\"article:published_time\" content=\"2023-04-05T16:39:00+00:00\" \/>\n<meta property=\"article:modified_time\" content=\"2025-11-25T08:32:23+00:00\" \/>\n<meta property=\"og:image\" content=\"https:\/\/blog1.omens.com.br\/wp-content\/uploads\/2023\/04\/capsulas-de-tetraciclina-generico-para-acne-valor.webp\" \/>\n\t<meta property=\"og:image:width\" content=\"1\" \/>\n\t<meta property=\"og:image:height\" content=\"1\" \/>\n\t<meta property=\"og:image:type\" content=\"image\/webp\" \/>\n<meta name=\"author\" content=\"Dra. Aline Erthal\" \/>\n<meta name=\"twitter:card\" content=\"summary_large_image\" \/>\n<meta name=\"twitter:creator\" content=\"@omensbr\" \/>\n<meta name=\"twitter:site\" content=\"@omensbr\" \/>\n<meta name=\"twitter:label1\" content=\"Escrito por\" \/>\n\t<meta name=\"twitter:data1\" content=\"Dra. Aline Erthal\" \/>\n\t<meta name=\"twitter:label2\" content=\"Est. tempo de leitura\" \/>\n\t<meta name=\"twitter:data2\" content=\"4 minutos\" \/>\n<!-- \/ Yoast SEO plugin. -->","yoast_head_json":{"title":"Pre\u00e7o da tetraciclina - Blog Omens","robots":{"index":"index","follow":"follow","max-snippet":"max-snippet:-1","max-image-preview":"max-image-preview:large","max-video-preview":"max-video-preview:-1"},"canonical":"https:\/\/omens.com.br\/blog\/pele\/preco-da-tetraciclina\/","og_locale":"pt_BR","og_type":"article","og_title":"Pre\u00e7o da tetraciclina - Blog Omens","og_description":"Antibi\u00f3ticos utilizados para tratar tamb\u00e9m a acne inflamat\u00f3ria.","og_url":"https:\/\/omens.com.br\/blog\/pele\/preco-da-tetraciclina\/","og_site_name":"Blog Omens","article_publisher":"https:\/\/www.facebook.com\/Omensbrasil\/","article_published_time":"2023-04-05T16:39:00+00:00","article_modified_time":"2025-11-25T08:32:23+00:00","og_image":[{"url":"https:\/\/blog1.omens.com.br\/wp-content\/uploads\/2023\/04\/capsulas-de-tetraciclina-generico-para-acne-valor.webp","width":1,"height":1,"type":"image\/webp"}],"author":"Dra. Aline Erthal","twitter_card":"summary_large_image","twitter_creator":"@omensbr","twitter_site":"@omensbr","twitter_misc":{"Escrito por":"Dra. Aline Erthal","Est. tempo de leitura":"4 minutos"},"schema":{"@context":"https:\/\/schema.org","@graph":[{"@type":"Article","@id":"https:\/\/omens.com.br\/blog\/pele\/preco-da-tetraciclina\/#article","isPartOf":{"@id":"https:\/\/omens.com.br\/blog\/pele\/preco-da-tetraciclina\/"},"author":{"name":"Dra. Aline Erthal","@id":"https:\/\/omens.com.br\/blog\/#\/schema\/person\/ed81fb12a1f57eec773711e3ad628acb"},"headline":"Pre\u00e7o da tetraciclina","datePublished":"2023-04-05T16:39:00+00:00","dateModified":"2025-11-25T08:32:23+00:00","mainEntityOfPage":{"@id":"https:\/\/omens.com.br\/blog\/pele\/preco-da-tetraciclina\/"},"wordCount":729,"commentCount":0,"publisher":{"@id":"https:\/\/omens.com.br\/blog\/#organization"},"image":{"@id":"https:\/\/omens.com.br\/blog\/pele\/preco-da-tetraciclina\/#primaryimage"},"thumbnailUrl":"https:\/\/blog1.omens.com.br\/wp-content\/uploads\/2023\/04\/capsulas-de-tetraciclina-generico-para-acne-valor.webp","keywords":["escrito por Seth"],"articleSection":["Pele"],"inLanguage":"pt-BR","potentialAction":[{"@type":"CommentAction","name":"Comment","target":["https:\/\/omens.com.br\/blog\/pele\/preco-da-tetraciclina\/#respond"]}]},{"@type":"WebPage","@id":"https:\/\/omens.com.br\/blog\/pele\/preco-da-tetraciclina\/","url":"https:\/\/omens.com.br\/blog\/pele\/preco-da-tetraciclina\/","name":"Pre\u00e7o da tetraciclina - Blog Omens","isPartOf":{"@id":"https:\/\/omens.com.br\/blog\/#website"},"primaryImageOfPage":{"@id":"https:\/\/omens.com.br\/blog\/pele\/preco-da-tetraciclina\/#primaryimage"},"image":{"@id":"https:\/\/omens.com.br\/blog\/pele\/preco-da-tetraciclina\/#primaryimage"},"thumbnailUrl":"https:\/\/blog1.omens.com.br\/wp-content\/uploads\/2023\/04\/capsulas-de-tetraciclina-generico-para-acne-valor.webp","datePublished":"2023-04-05T16:39:00+00:00","dateModified":"2025-11-25T08:32:23+00:00","breadcrumb":{"@id":"https:\/\/omens.com.br\/blog\/pele\/preco-da-tetraciclina\/#breadcrumb"},"inLanguage":"pt-BR","potentialAction":[{"@type":"ReadAction","target":["https:\/\/omens.com.br\/blog\/pele\/preco-da-tetraciclina\/"]}]},{"@type":"ImageObject","inLanguage":"pt-BR","@id":"https:\/\/omens.com.br\/blog\/pele\/preco-da-tetraciclina\/#primaryimage","url":"https:\/\/blog1.omens.com.br\/wp-content\/uploads\/2023\/04\/capsulas-de-tetraciclina-generico-para-acne-valor.webp","contentUrl":"https:\/\/blog1.omens.com.br\/wp-content\/uploads\/2023\/04\/capsulas-de-tetraciclina-generico-para-acne-valor.webp","caption":"dois dedos segurando uma c\u00e1psula de tetraciclina para acne"},{"@type":"BreadcrumbList","@id":"https:\/\/omens.com.br\/blog\/pele\/preco-da-tetraciclina\/#breadcrumb","itemListElement":[{"@type":"ListItem","position":1,"name":"BLOG OMENS","item":"https:\/\/omens.com.br\/blog\/"},{"@type":"ListItem","position":2,"name":"Pele","item":"https:\/\/omens.com.br\/blog\/https:\/omens.com.br\/blog\/pele\/pele\/"},{"@type":"ListItem","position":3,"name":"Pre\u00e7o da tetraciclina"}]},{"@type":"WebSite","@id":"https:\/\/omens.com.br\/blog\/#website","url":"https:\/\/omens.com.br\/blog\/","name":"Blog Omens","description":"A Omens \u00e9 uma plataforma de intermedia\u00e7\u00e3o de sa\u00fade dedicada ao homem. Ela re\u00fane especialistas brasileiros, urologistas e farmac\u00eauticos para construir uma solu\u00e7\u00e3o de qualidade, segura e acess\u00edvel para todos.","publisher":{"@id":"https:\/\/omens.com.br\/blog\/#organization"},"potentialAction":[{"@type":"SearchAction","target":{"@type":"EntryPoint","urlTemplate":"https:\/\/omens.com.br\/blog\/?s={search_term_string}"},"query-input":{"@type":"PropertyValueSpecification","valueRequired":true,"valueName":"search_term_string"}}],"inLanguage":"pt-BR"},{"@type":"Organization","@id":"https:\/\/omens.com.br\/blog\/#organization","name":"Omens","url":"https:\/\/omens.com.br\/blog\/","logo":{"@type":"ImageObject","inLanguage":"pt-BR","@id":"https:\/\/omens.com.br\/blog\/#\/schema\/logo\/image\/","url":"https:\/\/blog1.omens.com.br\/wp-content\/uploads\/2024\/06\/logo-omens-blog-wide.png","contentUrl":"https:\/\/blog1.omens.com.br\/wp-content\/uploads\/2024\/06\/logo-omens-blog-wide.png","width":200,"height":73,"caption":"Omens"},"image":{"@id":"https:\/\/omens.com.br\/blog\/#\/schema\/logo\/image\/"},"sameAs":["https:\/\/www.facebook.com\/Omensbrasil\/","https:\/\/x.com\/omensbr"]},{"@type":"Person","@id":"https:\/\/omens.com.br\/blog\/#\/schema\/person\/ed81fb12a1f57eec773711e3ad628acb","name":"Dra. Aline Erthal","sameAs":["https:\/\/omens.com.br\/author\/dra-aline-erthal\/","https:\/\/instagram.com\/erthalaline\/"]}]}},"_links":{"self":[{"href":"https:\/\/omens.com.br\/blog\/wp-json\/wp\/v2\/posts\/23307","targetHints":{"allow":["GET"]}}],"collection":[{"href":"https:\/\/omens.com.br\/blog\/wp-json\/wp\/v2\/posts"}],"about":[{"href":"https:\/\/omens.com.br\/blog\/wp-json\/wp\/v2\/types\/post"}],"author":[{"embeddable":true,"href":"https:\/\/omens.com.br\/blog\/wp-json\/wp\/v2\/users\/16"}],"replies":[{"embeddable":true,"href":"https:\/\/omens.com.br\/blog\/wp-json\/wp\/v2\/comments?post=23307"}],"version-history":[{"count":4,"href":"https:\/\/omens.com.br\/blog\/wp-json\/wp\/v2\/posts\/23307\/revisions"}],"predecessor-version":[{"id":28741,"href":"https:\/\/omens.com.br\/blog\/wp-json\/wp\/v2\/posts\/23307\/revisions\/28741"}],"wp:featuredmedia":[{"embeddable":true,"href":"https:\/\/omens.com.br\/blog\/wp-json\/wp\/v2\/media\/23310"}],"wp:attachment":[{"href":"https:\/\/omens.com.br\/blog\/wp-json\/wp\/v2\/media?parent=23307"}],"wp:term":[{"taxonomy":"category","embeddable":true,"href":"https:\/\/omens.com.br\/blog\/wp-json\/wp\/v2\/categories?post=23307"},{"taxonomy":"post_tag","embeddable":true,"href":"https:\/\/omens.com.br\/blog\/wp-json\/wp\/v2\/tags?post=23307"}],"curies":[{"name":"wp","href":"https:\/\/api.w.org\/{rel}","templated":true}]}}