{"id":21756,"date":"2022-10-26T13:16:00","date_gmt":"2022-10-26T16:16:00","guid":{"rendered":"https:\/\/blog1.omens.com.br\/?p=21756"},"modified":"2025-11-25T05:52:47","modified_gmt":"2025-11-25T08:52:47","slug":"pomada-para-acne","status":"publish","type":"post","link":"https:\/\/omens.com.br\/blog\/pele\/pomada-para-acne\/","title":{"rendered":"Pomada para acne: com antibi\u00f3tico ou produtos naturais?"},"content":{"rendered":"\n<div style=\"height:20px\" aria-hidden=\"true\" class=\"wp-block-spacer\"><\/div>\n\n\n\n<p>A acne \u00e9 um problema comum que diversos homens e mulheres brasileiros enfrentam. Geralmente, o primeiro impulso \u00e9 procurar solu\u00e7\u00f5es caseiras e naturais, com produtos que encontramos no dia a dia. Em alguns casos, eles podem de fato ser \u00fateis; em outros, o <strong>diagn\u00f3stico<\/strong> e a aplica\u00e7\u00e3o de <strong>pomadas<\/strong> podem ser mais efetivos.<\/p>\n\n\n\n<p>Nessa publica\u00e7\u00e3o, vamos entender melhor em qual caso produtos naturais podem ajudar na acne e em quais a melhor solu\u00e7\u00e3o s\u00e3o medicamentos tradicionais.<\/p>\n\n\n\n<div style=\"height:20px\" aria-hidden=\"true\" class=\"wp-block-spacer\"><\/div>\n\n\n\n<div id=\"ez-toc-container\" class=\"ez-toc-v2_0_74 counter-hierarchy ez-toc-counter ez-toc-custom ez-toc-container-direction\">\n<p class=\"ez-toc-title\" style=\"cursor:inherit\">\u00cdndice<\/p>\n<label for=\"ez-toc-cssicon-toggle-item-69ef8f70ae37e\" class=\"ez-toc-cssicon-toggle-label\"><span class=\"\"><span class=\"eztoc-hide\" style=\"display:none;\">Toggle<\/span><span class=\"ez-toc-icon-toggle-span\"><svg style=\"fill: #171712;color:#171712\" xmlns=\"http:\/\/www.w3.org\/2000\/svg\" class=\"list-377408\" width=\"20px\" height=\"20px\" viewBox=\"0 0 24 24\" fill=\"none\"><path d=\"M6 6H4v2h2V6zm14 0H8v2h12V6zM4 11h2v2H4v-2zm16 0H8v2h12v-2zM4 16h2v2H4v-2zm16 0H8v2h12v-2z\" fill=\"currentColor\"><\/path><\/svg><svg style=\"fill: #171712;color:#171712\" class=\"arrow-unsorted-368013\" xmlns=\"http:\/\/www.w3.org\/2000\/svg\" width=\"10px\" height=\"10px\" viewBox=\"0 0 24 24\" version=\"1.2\" baseProfile=\"tiny\"><path d=\"M18.2 9.3l-6.2-6.3-6.2 6.3c-.2.2-.3.4-.3.7s.1.5.3.7c.2.2.4.3.7.3h11c.3 0 .5-.1.7-.3.2-.2.3-.5.3-.7s-.1-.5-.3-.7zM5.8 14.7l6.2 6.3 6.2-6.3c.2-.2.3-.5.3-.7s-.1-.5-.3-.7c-.2-.2-.4-.3-.7-.3h-11c-.3 0-.5.1-.7.3-.2.2-.3.5-.3.7s.1.5.3.7z\"\/><\/svg><\/span><\/span><\/label><input type=\"checkbox\"  id=\"ez-toc-cssicon-toggle-item-69ef8f70ae37e\"  aria-label=\"Alternar\" \/><nav><ul class='ez-toc-list ez-toc-list-level-1 ' ><li class='ez-toc-page-1 ez-toc-heading-level-2'><a class=\"ez-toc-link ez-toc-heading-1\" href=\"https:\/\/omens.com.br\/blog\/pele\/pomada-para-acne\/#Produtos_naturais_para_acne_dao_resultado\" >Produtos naturais para acne d\u00e3o resultado?<\/a><\/li><li class='ez-toc-page-1 ez-toc-heading-level-2'><a class=\"ez-toc-link ez-toc-heading-2\" href=\"https:\/\/omens.com.br\/blog\/pele\/pomada-para-acne\/#Mascaras_e_produtos_naturais_para_acne\" >M\u00e1scaras e produtos naturais para acne<\/a><\/li><li class='ez-toc-page-1 ez-toc-heading-level-2'><a class=\"ez-toc-link ez-toc-heading-3\" href=\"https:\/\/omens.com.br\/blog\/pele\/pomada-para-acne\/#Pomadas_que_matam_bacterias\" >Pomadas que matam bact\u00e9rias<\/a><ul class='ez-toc-list-level-3' ><li class='ez-toc-heading-level-3'><a class=\"ez-toc-link ez-toc-heading-4\" href=\"https:\/\/omens.com.br\/blog\/pele\/pomada-para-acne\/#Clindamicina\" >Clindamicina<\/a><\/li><li class='ez-toc-page-1 ez-toc-heading-level-3'><a class=\"ez-toc-link ez-toc-heading-5\" href=\"https:\/\/omens.com.br\/blog\/pele\/pomada-para-acne\/#Eritromicina\" >Eritromicina<\/a><\/li><li class='ez-toc-page-1 ez-toc-heading-level-3'><a class=\"ez-toc-link ez-toc-heading-6\" href=\"https:\/\/omens.com.br\/blog\/pele\/pomada-para-acne\/#Peroxido_de_benzoila\" >Per\u00f3xido de benzo\u00edla<\/a><\/li><li class='ez-toc-page-1 ez-toc-heading-level-3'><a class=\"ez-toc-link ez-toc-heading-7\" href=\"https:\/\/omens.com.br\/blog\/pele\/pomada-para-acne\/#Outras_observacoes\" >Outras observa\u00e7\u00f5es<\/a><\/li><\/ul><\/li><li class='ez-toc-page-1 ez-toc-heading-level-2'><a class=\"ez-toc-link ez-toc-heading-8\" href=\"https:\/\/omens.com.br\/blog\/pele\/pomada-para-acne\/#Qual_pomada_para_acne_escolher\" >Qual pomada para acne escolher?<\/a><\/li><li class='ez-toc-page-1 ez-toc-heading-level-2'><a class=\"ez-toc-link ez-toc-heading-9\" href=\"https:\/\/omens.com.br\/blog\/pele\/pomada-para-acne\/#Um_dermatologista_pode_te_indicar_a_melhor_solucao\" >Um dermatologista pode te indicar a melhor solu\u00e7\u00e3o!<\/a><\/li><\/ul><\/nav><\/div>\n<h2 class=\"wp-block-heading\"><span class=\"ez-toc-section\" id=\"Produtos_naturais_para_acne_dao_resultado\"><\/span>Produtos naturais para acne d\u00e3o resultado?<span class=\"ez-toc-section-end\"><\/span><\/h2>\n\n\n\n<hr>\n\n\n\n<p>Existem poucas pesquisas conclusivas sobre a a\u00e7\u00e3o dos produtos naturais e caseiros para a acne. Por\u00e9m, certas receitas e produtos naturais testados deram bons resultados.<\/p>\n\n\n\n<p>O <strong>vinagre de ma\u00e7\u00e3<\/strong>, por exemplo, foi testado em um estudo de 2016 publicado no <a href=\"https:\/\/pubmed.ncbi.nlm.nih.gov\/26940755\/\" target=\"_blank\" rel=\"noreferrer noopener\"><em>International Journal of Cosmetic Science<\/em><\/a>, juntamente com o <strong>zinco<\/strong> para o tratamento de acne. Os resultados demonstraram que a combina\u00e7\u00e3o dos dois pode matar a bact\u00e9ria <em class=\"has-medium-font-size\">P. acnes, <\/em>que est\u00e1 envolvida no surgimento da doen\u00e7a.<\/p>\n\n\n\n<p>Outro estudo desenvolvido pela <em><a href=\"https:\/\/www.ncbi.nlm.nih.gov\/pmc\/articles\/PMC5489923\/\" target=\"_blank\" rel=\"noreferrer noopener\">Sci Pharm<\/a><\/em> em 2017 demonstrou que a combina\u00e7\u00e3o de <strong>mel e canela<\/strong> t\u00eam efeitos antibacterianos contra o <em class=\"has-medium-font-size\">P. acnes<\/em>.<\/p>\n\n\n\n<p>Portanto, existem efeitos interessantes em diversos produtos naturais.<\/p>\n\n\n\n<p>Mesmo assim, quando aplicados por conta pr\u00f3pria, os produtos naturais podem ter efeitos colaterais. N\u00e3o s\u00f3 porque a acne pode ter diversas causas, mas tamb\u00e9m porque a quantidade e propor\u00e7\u00e3o das receitas pode variar. Assim, existe uma taxa maior de sucesso no tratamento da acne com pomadas prescritas.<\/p>\n\n\n\n<p>Quando poss\u00edvel, procure utilizar medicamentos prescritos pelo <a href=\"https:\/\/omens.com.br\/acne\" target=\"_blank\" rel=\"noreferrer noopener\">dermatologista<\/a>.<\/p>\n\n\n\n<h2 class=\"wp-block-heading\"><span class=\"ez-toc-section\" id=\"Mascaras_e_produtos_naturais_para_acne\"><\/span>M\u00e1scaras e produtos naturais para acne<span class=\"ez-toc-section-end\"><\/span><\/h2>\n\n\n\n<hr>\n\n\n\n<p>Alguns dos produtos naturais mais comuns para o tratamento da acne s\u00e3o:<\/p>\n\n\n\n<ul class=\"wp-block-list\">\n<li>Vinagre de ma\u00e7\u00e3;&nbsp;<\/li>\n\n\n\n<li>Mel e canela;&nbsp;<\/li>\n\n\n\n<li>\u00d3leo de melaleuca (\u00c1rvore do ch\u00e1);<\/li>\n\n\n\n<li>Ch\u00e1 verde;<\/li>\n\n\n\n<li>Aloe vera.<\/li>\n<\/ul>\n\n\n\n<p>Al\u00e9m dos estudos que mostram benef\u00edcios do vinagre de ma\u00e7\u00e3, mel e canela, conhecemos outros produtos que v\u00eam sendo estudados:<\/p>\n\n\n\n<p>A mistura de <strong>aloe vera<\/strong>, <strong>\u00f3leo de melaleuca<\/strong> e <strong>mel <\/strong>demonstrou reduzir a acne durante um estudo realizado em 2018 pela Clin Pharmacol. Al\u00e9m disso, durante outro estudo realizado pela J. Cosmet Dermatol em 2019, o \u00f3leo de melaleuca foi testado em compara\u00e7\u00e3o com o Per\u00f3xido de Benzo\u00edla: e os resultados foram mais satisfat\u00f3rios para os pacientes que utilizaram o <strong>tratamento natural<\/strong>.<\/p>\n\n\n\n<p>Por\u00e9m, cabe advertir que em alguns estudos, esses mesmos tratamentos naturais aumentaram a acne. No caso do vinagre de ma\u00e7\u00e3, por exemplo, o \u00e1cido l\u00e1ctico presente pode fazer mais espinhas aparecerem, como mostrado <a href=\"https:\/\/www.sciencedirect.com\/science\/article\/abs\/pii\/S0738081X16302723\" target=\"_blank\" rel=\"noreferrer noopener\">neste estudo<\/a>. Portanto, \u00e9 necess\u00e1rio discutir sobre esse tipo de tratamento natural com um dermatologista.&nbsp;<\/p>\n\n\n\n<p>A maioria dos casos de acne podem ser tratados de maneira mais eficaz com pomadas e medicamentos antibacterianos, principalmente se for moderada ou severa.<\/p>\n\n\n<div class=\"amp-cta\">\n<p><span class=\"novo-cta-title\">Acne tem tratamento: e um m\u00e9dico sabe como te ajudar<\/span><\/p>\n<p><a href=\"https:\/\/omens.com.br\/acne?utm_term=acne&#038;utm_content=blogSEO\" onclick=\"dataLayer.push({'event': 'marcar_consulta'});\" target=\"_self\" class=\"amp-cta-button falar-com-especialista\" data-wpel-link=\"internal\" rel=\"noopener\"> <span>Marcar Teleconsulta Agora<\/span> <\/a><\/p>\n<p class=\"novo-cta-subtitle\">Consulte um dermatologista ONLINE e comece com a medica\u00e7\u00e3o j\u00e1!<\/p>\n<\/p><\/div>\n\n\n\n<h2 class=\"wp-block-heading\"><span class=\"ez-toc-section\" id=\"Pomadas_que_matam_bacterias\"><\/span>Pomadas que matam bact\u00e9rias<span class=\"ez-toc-section-end\"><\/span><\/h2>\n\n\n\n<hr>\n\n\n\n<p>Existem diversos tratamentos para acne dependendo do tipo e da severidade do problema. Em casos mais exuberantes, com les\u00f5es inflamat\u00f3rias, \u00e9 comum a utiliza\u00e7\u00e3o de pomadas com antibi\u00f3ticos, que tamb\u00e9m tem a\u00e7\u00e3o anti-inflamat\u00f3ria.<\/p>\n\n\n\n<p>Ap\u00f3s o diagn\u00f3stico de um dermatologista, ele indicar\u00e1 qual a melhor pomada \u2013 caso ela seja necess\u00e1ria.<\/p>\n\n\n\n<h3 class=\"wp-block-heading\"><span class=\"ez-toc-section\" id=\"Clindamicina\"><\/span>Clindamicina<span class=\"ez-toc-section-end\"><\/span><\/h3>\n\n\n\n<p>A clindamicina \u00e9 um antibi\u00f3tico que pode ser utilizado para tratar infec\u00e7\u00f5es cut\u00e2neas, havendo a possibilidade de combina\u00e7\u00e3o com o <em>per\u00f3xido de benzo\u00edla<\/em>. A principal contraindica\u00e7\u00e3o, sobretudo quando falamos do uso oral, \u00e9 para pessoas que possuem doen\u00e7as intestinais inflamat\u00f3rias.<\/p>\n\n\n\n<h3 class=\"wp-block-heading\"><span class=\"ez-toc-section\" id=\"Eritromicina\"><\/span>Eritromicina<span class=\"ez-toc-section-end\"><\/span><\/h3>\n\n\n\n<p>Assim como a clindamicina, a eritromicina tamb\u00e9m \u00e9 utilizada para tratar infec\u00e7\u00f5es cut\u00e2neas e raramente \u00e9 utilizada sem a combina\u00e7\u00e3o do <em>per\u00f3xido de benzo\u00edla<\/em> ou <em>retinoide<\/em>. N\u00e3o existem muitas contraindica\u00e7\u00f5es e o tratamento \u00e9 bem aceito pela maioria dos pacientes. Podemos encontrar o tratamento no formato <em>gel<\/em>.<\/p>\n\n\n\n<h3 class=\"wp-block-heading\"><span class=\"ez-toc-section\" id=\"Peroxido_de_benzoila\"><\/span>Per\u00f3xido de benzo\u00edla<span class=\"ez-toc-section-end\"><\/span><\/h3>\n\n\n\n<p>Essa \u00e9 uma subst\u00e2ncia que \u00e9 eficaz contra o <em class=\"has-medium-font-size\">P. acnes<\/em>, mas n\u00e3o \u00e9 um antibi\u00f3tico. Pode-se associ\u00e1-la com <em>retinoides <\/em>para um melhor resultado, apesar de aumentar a irrita\u00e7\u00e3o local. As concentra\u00e7\u00f5es podem variar de 22,5% at\u00e9 10% e alguns efeitos colaterais podem incluir pele seca e o branqueamento de pelos. A pomada de per\u00f3xido de benzo\u00edla \u00e9 tamb\u00e9m encontrada com adi\u00e7\u00e3o de enxofre.<\/p>\n\n\n\n<h3 class=\"wp-block-heading\"><span class=\"ez-toc-section\" id=\"Outras_observacoes\"><\/span>Outras observa\u00e7\u00f5es<span class=\"ez-toc-section-end\"><\/span><\/h3>\n\n\n\n<p>Apesar de se ver muito pela internet os nomes <strong>Betogenta<\/strong> e <strong>Bacina <\/strong>citados, estes <strong>N\u00c3O s\u00e3o tratamentos para acne<\/strong>.<\/p>\n\n\n\n<h2 class=\"wp-block-heading\"><span class=\"ez-toc-section\" id=\"Qual_pomada_para_acne_escolher\"><\/span>Qual pomada para acne escolher?<span class=\"ez-toc-section-end\"><\/span><\/h2>\n\n\n\n<hr>\n\n\n\n<p>A acne pode acontecer por diversas raz\u00f5es, que envolvem <strong>prolifera\u00e7\u00e3o de bact\u00e9rias<\/strong>, <strong>altera\u00e7\u00f5es hormonais<\/strong> e <strong>oleosidade da pele<\/strong>. Al\u00e9m disso, ela pode se apresentar em diversos est\u00e1gios, do leve at\u00e9 o mais avan\u00e7ado. Portanto, um diagn\u00f3stico correto \u00e9 extremamente necess\u00e1rio, tanto para definir se o que voc\u00ea tem \u00e9 realmente acne, quanto para determinar <a href=\"https:\/\/omens.com.br\/blog\/pele\/tipos-de-acne\/\" target=\"_blank\" rel=\"noreferrer noopener\">o tipo e a gravidade<\/a> (se s\u00e3o apenas cravos, se h\u00e1 inflama\u00e7\u00f5es, cistos, etc.).<\/p>\n\n\n\n<p>Tendo isso em mente, a melhor forma de escolher uma pomada para acne \u00e9 atrav\u00e9s da <a href=\"https:\/\/omens.com.br\/acne\" target=\"_blank\" rel=\"noreferrer noopener\">consulta e orienta\u00e7\u00e3o de um especialista<\/a>. Al\u00e9m de conseguir uma receita para a compra do medicamento, j\u00e1 que alguns s\u00e3o controlados, o dermatologista vai orientar sobre o uso correto da pomada e os efeitos esperados no seu caso.<\/p>\n\n\n\n<figure class=\"wp-block-image size-full has-custom-border not-show-desktop\"><a href=\"https:\/\/medleve.com\/?utm_term=omens&amp;utm_content=omens\"><img data-dominant-color=\"69564a\" data-has-transparency=\"false\" fetchpriority=\"high\" decoding=\"async\" width=\"700\" height=\"500\" src=\"https:\/\/blog1.omens.com.br\/wp-content\/uploads\/2025\/10\/a-receita-medica-para-caneta-emagrecedore-69-reais.jpg\" alt=\"\" class=\"wp-image-28424 not-transparent\" style=\"--dominant-color: #69564a; border-radius:15px\" srcset=\"https:\/\/blog1.omens.com.br\/wp-content\/uploads\/2025\/10\/a-receita-medica-para-caneta-emagrecedore-69-reais.jpg 700w, https:\/\/blog1.omens.com.br\/wp-content\/uploads\/2025\/10\/a-receita-medica-para-caneta-emagrecedore-69-reais-560x400.jpg 560w\" sizes=\"(max-width: 700px) 100vw, 700px\" \/><\/a><\/figure>\n\n\n\n<figure class=\"wp-block-image size-full has-custom-border not-show-mobile\"><a href=\"https:\/\/medleve.com\/?utm_term=omens&amp;utm_content=omens\"><img data-dominant-color=\"e2ce5e\" data-has-transparency=\"false\" decoding=\"async\" width=\"700\" height=\"190\" src=\"https:\/\/blog1.omens.com.br\/wp-content\/uploads\/2025\/10\/receita-medica-para-caneta-emagrecedora-so-69-reais.jpg\" alt=\"\" class=\"wp-image-28426 not-transparent\" style=\"--dominant-color: #e2ce5e; border-radius:15px\"\/><\/a><\/figure>\n\n\n\n<h2 class=\"wp-block-heading\"><span class=\"ez-toc-section\" id=\"Um_dermatologista_pode_te_indicar_a_melhor_solucao\"><\/span>Um dermatologista pode te indicar a melhor solu\u00e7\u00e3o!<span class=\"ez-toc-section-end\"><\/span><\/h2>\n\n\n\n<hr>\n\n\n\n<p>Um diagn\u00f3stico exato \u00e9 a melhor forma de solucionar a acne. O dermatologista vai avaliar se no seu caso as pomadas com antibi\u00f3tico em gel podem ajudar ou n\u00e3o. Al\u00e9m disso, \u00e9 poss\u00edvel discutir sobre o benef\u00edcio de produtos naturais e outros tipos de medicamentos, como os retinoides.&nbsp;<\/p>\n\n\n\n<p><a href=\"https:\/\/omens.com.br\/acne\" target=\"_blank\" rel=\"noreferrer noopener\">Marque uma consulta<\/a> para esclarecer d\u00favidas e saber qual o tratamento mais recomendado para voc\u00ea!<\/p>\n","protected":false},"excerpt":{"rendered":"<p>Vamos entender melhor cada caso.<\/p>\n","protected":false},"author":16,"featured_media":21758,"comment_status":"open","ping_status":"open","sticky":false,"template":"","format":"standard","meta":{"footnotes":""},"categories":[232],"tags":[130],"class_list":["post-21756","post","type-post","status-publish","format-standard","has-post-thumbnail","hentry","category-pele","tag-escrito-por-seth"],"yoast_head":"<!-- This site is optimized with the Yoast SEO plugin v27.4 - https:\/\/yoast.com\/product\/yoast-seo-wordpress\/ -->\n<title>Pomada para acne: com antibi\u00f3tico ou produtos naturais? - Blog Omens<\/title>\n<meta name=\"description\" content=\"Para acne inflamada o que uso? Aquelas com antibi\u00f3tico ou de enxofre? Descubra qual a melhor pomada para o seu caso de acne!\" \/>\n<meta name=\"robots\" content=\"index, follow, max-snippet:-1, max-image-preview:large, max-video-preview:-1\" \/>\n<link rel=\"canonical\" href=\"https:\/\/omens.com.br\/blog\/pele\/pomada-para-acne\/\" \/>\n<meta property=\"og:locale\" content=\"pt_BR\" \/>\n<meta property=\"og:type\" content=\"article\" \/>\n<meta property=\"og:title\" content=\"Pomada para acne: com antibi\u00f3tico ou produtos naturais? - Blog Omens\" \/>\n<meta property=\"og:description\" content=\"Para acne inflamada o que uso? Aquelas com antibi\u00f3tico ou de enxofre? Descubra qual a melhor pomada para o seu caso de acne!\" \/>\n<meta property=\"og:url\" content=\"https:\/\/omens.com.br\/blog\/pele\/pomada-para-acne\/\" \/>\n<meta property=\"og:site_name\" content=\"Blog Omens\" \/>\n<meta property=\"article:publisher\" content=\"https:\/\/www.facebook.com\/Omensbrasil\/\" \/>\n<meta property=\"article:published_time\" content=\"2022-10-26T16:16:00+00:00\" \/>\n<meta property=\"article:modified_time\" content=\"2025-11-25T08:52:47+00:00\" \/>\n<meta property=\"og:image\" content=\"https:\/\/blog1.omens.com.br\/wp-content\/uploads\/2022\/10\/pomada-para-acne-dermatologia.webp\" \/>\n\t<meta property=\"og:image:width\" content=\"1\" \/>\n\t<meta property=\"og:image:height\" content=\"1\" \/>\n\t<meta property=\"og:image:type\" content=\"image\/webp\" \/>\n<meta name=\"author\" content=\"Dra. Aline Erthal\" \/>\n<meta name=\"twitter:card\" content=\"summary_large_image\" \/>\n<meta name=\"twitter:creator\" content=\"@omensbr\" \/>\n<meta name=\"twitter:site\" content=\"@omensbr\" \/>\n<meta name=\"twitter:label1\" content=\"Escrito por\" \/>\n\t<meta name=\"twitter:data1\" content=\"Dra. Aline Erthal\" \/>\n\t<meta name=\"twitter:label2\" content=\"Est. tempo de leitura\" \/>\n\t<meta name=\"twitter:data2\" content=\"5 minutos\" \/>\n<!-- \/ Yoast SEO plugin. -->","yoast_head_json":{"title":"Pomada para acne: com antibi\u00f3tico ou produtos naturais? - Blog Omens","description":"Para acne inflamada o que uso? Aquelas com antibi\u00f3tico ou de enxofre? Descubra qual a melhor pomada para o seu caso de acne!","robots":{"index":"index","follow":"follow","max-snippet":"max-snippet:-1","max-image-preview":"max-image-preview:large","max-video-preview":"max-video-preview:-1"},"canonical":"https:\/\/omens.com.br\/blog\/pele\/pomada-para-acne\/","og_locale":"pt_BR","og_type":"article","og_title":"Pomada para acne: com antibi\u00f3tico ou produtos naturais? - Blog Omens","og_description":"Para acne inflamada o que uso? Aquelas com antibi\u00f3tico ou de enxofre? Descubra qual a melhor pomada para o seu caso de acne!","og_url":"https:\/\/omens.com.br\/blog\/pele\/pomada-para-acne\/","og_site_name":"Blog Omens","article_publisher":"https:\/\/www.facebook.com\/Omensbrasil\/","article_published_time":"2022-10-26T16:16:00+00:00","article_modified_time":"2025-11-25T08:52:47+00:00","og_image":[{"url":"https:\/\/blog1.omens.com.br\/wp-content\/uploads\/2022\/10\/pomada-para-acne-dermatologia.webp","width":1,"height":1,"type":"image\/webp"}],"author":"Dra. Aline Erthal","twitter_card":"summary_large_image","twitter_creator":"@omensbr","twitter_site":"@omensbr","twitter_misc":{"Escrito por":"Dra. Aline Erthal","Est. tempo de leitura":"5 minutos"},"schema":{"@context":"https:\/\/schema.org","@graph":[{"@type":"Article","@id":"https:\/\/omens.com.br\/blog\/pele\/pomada-para-acne\/#article","isPartOf":{"@id":"https:\/\/omens.com.br\/blog\/pele\/pomada-para-acne\/"},"author":{"name":"Dra. Aline Erthal","@id":"https:\/\/omens.com.br\/blog\/#\/schema\/person\/ed81fb12a1f57eec773711e3ad628acb"},"headline":"Pomada para acne: com antibi\u00f3tico ou produtos naturais?","datePublished":"2022-10-26T16:16:00+00:00","dateModified":"2025-11-25T08:52:47+00:00","mainEntityOfPage":{"@id":"https:\/\/omens.com.br\/blog\/pele\/pomada-para-acne\/"},"wordCount":972,"commentCount":0,"publisher":{"@id":"https:\/\/omens.com.br\/blog\/#organization"},"image":{"@id":"https:\/\/omens.com.br\/blog\/pele\/pomada-para-acne\/#primaryimage"},"thumbnailUrl":"https:\/\/blog1.omens.com.br\/wp-content\/uploads\/2022\/10\/pomada-para-acne-dermatologia.webp","keywords":["escrito por Seth"],"articleSection":["Pele"],"inLanguage":"pt-BR","potentialAction":[{"@type":"CommentAction","name":"Comment","target":["https:\/\/omens.com.br\/blog\/pele\/pomada-para-acne\/#respond"]}]},{"@type":"WebPage","@id":"https:\/\/omens.com.br\/blog\/pele\/pomada-para-acne\/","url":"https:\/\/omens.com.br\/blog\/pele\/pomada-para-acne\/","name":"Pomada para acne: com antibi\u00f3tico ou produtos naturais? - Blog Omens","isPartOf":{"@id":"https:\/\/omens.com.br\/blog\/#website"},"primaryImageOfPage":{"@id":"https:\/\/omens.com.br\/blog\/pele\/pomada-para-acne\/#primaryimage"},"image":{"@id":"https:\/\/omens.com.br\/blog\/pele\/pomada-para-acne\/#primaryimage"},"thumbnailUrl":"https:\/\/blog1.omens.com.br\/wp-content\/uploads\/2022\/10\/pomada-para-acne-dermatologia.webp","datePublished":"2022-10-26T16:16:00+00:00","dateModified":"2025-11-25T08:52:47+00:00","description":"Para acne inflamada o que uso? Aquelas com antibi\u00f3tico ou de enxofre? Descubra qual a melhor pomada para o seu caso de acne!","breadcrumb":{"@id":"https:\/\/omens.com.br\/blog\/pele\/pomada-para-acne\/#breadcrumb"},"inLanguage":"pt-BR","potentialAction":[{"@type":"ReadAction","target":["https:\/\/omens.com.br\/blog\/pele\/pomada-para-acne\/"]}]},{"@type":"ImageObject","inLanguage":"pt-BR","@id":"https:\/\/omens.com.br\/blog\/pele\/pomada-para-acne\/#primaryimage","url":"https:\/\/blog1.omens.com.br\/wp-content\/uploads\/2022\/10\/pomada-para-acne-dermatologia.webp","contentUrl":"https:\/\/blog1.omens.com.br\/wp-content\/uploads\/2022\/10\/pomada-para-acne-dermatologia.webp","caption":"pele lisinha que com certeza usou pomada para acne"},{"@type":"BreadcrumbList","@id":"https:\/\/omens.com.br\/blog\/pele\/pomada-para-acne\/#breadcrumb","itemListElement":[{"@type":"ListItem","position":1,"name":"BLOG OMENS","item":"https:\/\/omens.com.br\/blog\/"},{"@type":"ListItem","position":2,"name":"Pele","item":"https:\/\/omens.com.br\/blog\/https:\/omens.com.br\/blog\/pele\/pele\/"},{"@type":"ListItem","position":3,"name":"Pomada para acne: com antibi\u00f3tico ou produtos naturais?"}]},{"@type":"WebSite","@id":"https:\/\/omens.com.br\/blog\/#website","url":"https:\/\/omens.com.br\/blog\/","name":"Blog Omens","description":"A Omens \u00e9 uma plataforma de intermedia\u00e7\u00e3o de sa\u00fade dedicada ao homem. Ela re\u00fane especialistas brasileiros, urologistas e farmac\u00eauticos para construir uma solu\u00e7\u00e3o de qualidade, segura e acess\u00edvel para todos.","publisher":{"@id":"https:\/\/omens.com.br\/blog\/#organization"},"potentialAction":[{"@type":"SearchAction","target":{"@type":"EntryPoint","urlTemplate":"https:\/\/omens.com.br\/blog\/?s={search_term_string}"},"query-input":{"@type":"PropertyValueSpecification","valueRequired":true,"valueName":"search_term_string"}}],"inLanguage":"pt-BR"},{"@type":"Organization","@id":"https:\/\/omens.com.br\/blog\/#organization","name":"Omens","url":"https:\/\/omens.com.br\/blog\/","logo":{"@type":"ImageObject","inLanguage":"pt-BR","@id":"https:\/\/omens.com.br\/blog\/#\/schema\/logo\/image\/","url":"https:\/\/blog1.omens.com.br\/wp-content\/uploads\/2024\/06\/logo-omens-blog-wide.png","contentUrl":"https:\/\/blog1.omens.com.br\/wp-content\/uploads\/2024\/06\/logo-omens-blog-wide.png","width":200,"height":73,"caption":"Omens"},"image":{"@id":"https:\/\/omens.com.br\/blog\/#\/schema\/logo\/image\/"},"sameAs":["https:\/\/www.facebook.com\/Omensbrasil\/","https:\/\/x.com\/omensbr"]},{"@type":"Person","@id":"https:\/\/omens.com.br\/blog\/#\/schema\/person\/ed81fb12a1f57eec773711e3ad628acb","name":"Dra. Aline Erthal","sameAs":["https:\/\/omens.com.br\/author\/dra-aline-erthal\/","https:\/\/instagram.com\/erthalaline\/"]}]}},"_links":{"self":[{"href":"https:\/\/omens.com.br\/blog\/wp-json\/wp\/v2\/posts\/21756","targetHints":{"allow":["GET"]}}],"collection":[{"href":"https:\/\/omens.com.br\/blog\/wp-json\/wp\/v2\/posts"}],"about":[{"href":"https:\/\/omens.com.br\/blog\/wp-json\/wp\/v2\/types\/post"}],"author":[{"embeddable":true,"href":"https:\/\/omens.com.br\/blog\/wp-json\/wp\/v2\/users\/16"}],"replies":[{"embeddable":true,"href":"https:\/\/omens.com.br\/blog\/wp-json\/wp\/v2\/comments?post=21756"}],"version-history":[{"count":16,"href":"https:\/\/omens.com.br\/blog\/wp-json\/wp\/v2\/posts\/21756\/revisions"}],"predecessor-version":[{"id":28791,"href":"https:\/\/omens.com.br\/blog\/wp-json\/wp\/v2\/posts\/21756\/revisions\/28791"}],"wp:featuredmedia":[{"embeddable":true,"href":"https:\/\/omens.com.br\/blog\/wp-json\/wp\/v2\/media\/21758"}],"wp:attachment":[{"href":"https:\/\/omens.com.br\/blog\/wp-json\/wp\/v2\/media?parent=21756"}],"wp:term":[{"taxonomy":"category","embeddable":true,"href":"https:\/\/omens.com.br\/blog\/wp-json\/wp\/v2\/categories?post=21756"},{"taxonomy":"post_tag","embeddable":true,"href":"https:\/\/omens.com.br\/blog\/wp-json\/wp\/v2\/tags?post=21756"}],"curies":[{"name":"wp","href":"https:\/\/api.w.org\/{rel}","templated":true}]}}